{"id":6825,"date":"2014-04-25T15:59:28","date_gmt":"2014-04-25T13:59:28","guid":{"rendered":"http:\/\/blogs.diariosur.es\/pasarelaurbana\/?p=6825"},"modified":"2014-04-25T15:59:28","modified_gmt":"2014-04-25T13:59:28","slug":"de-tiendas-mis-flechazos-de-primark","status":"publish","type":"post","link":"https:\/\/blogs.diariosur.es\/pasarelaurbana\/2014\/04\/25\/de-tiendas-mis-flechazos-de-primark\/","title":{"rendered":"De tiendas: mis flechazos de Primark"},"content":{"rendered":"<p style=\"text-align: center;\">Hac\u00eda tiempo que no lo hac\u00eda. El poder tomarme una ma\u00f1ana tranquila de tiendas y bucear a fondo en las nuevas colecciones. Como sab\u00e9is, suelo seguir la pista de todas las novedades de la temporada v\u00eda &#8216;on line&#8217; (Ay! Bendito Internet) pero<strong> soy de las nost\u00e1lgicas que sigue prefiriendo el perderse entre percheros, sumergirme con monta\u00f1as de ropa en los probadores, tocar los tejidos, ver los cortes&#8230;Esa magia de encontrar tesoros y llev\u00e1rtelos a casa<\/strong> es sin duda una de mis terapias preferidas. Pues bien, hace unos d\u00edas estuve en Primark. Uno de esos sitios donde, adem\u00e1s, una tiene que ir con calma y con el chip de cazadora puesto. Y digo cazar, as\u00ed tal cual, porque hay aut\u00e9nticos chollos ocultos, muchos de los cuales a veces se nos pasan desapercibidos en medio de la locura en s\u00ed que es Primark, donde hay tant\u00edsimas cosas (y tant\u00edsima gente) que se nos van los ojos para todos lados. Primera regla, pues, armarse de paciencia e ir sin tiempo dispuesta a recorrer todos los rincones. Solo as\u00ed se puede encontrar algunas de las joyas que os muestro en este post, con el que retomo la secci\u00f3n de tiendas que inici\u00e9 en su momento.<strong>La ropa interior, los pijamas y los complementos son, a mi juicio, los\u00a0 grandes imprescindibles<\/strong> de la casa, con una relaci\u00f3n calidad-precio excelente. Por no hablar de <strong>los art\u00edculos de decoraci\u00f3n, mis favoritos<\/strong> (me he hecho con unos cojines para el sof\u00e1 de mi patio ideales por 6-8 euros cada uno que me tienen enamorada).<\/p>\n<p style=\"text-align: center;\">Os dejo con <strong>una selecci\u00f3n de mis art\u00edculos favoritos de la nueva colecci\u00f3n.<\/strong> Espero que os sirva de inspiraci\u00f3n. Ma\u00f1ana os espero por aqu\u00ed con un nuevo reportaje de &#8216;El armario de&#8230;&#8217; en esta ocasi\u00f3n de una persona muy ligada a M\u00e1laga con fotos tomadas en uno de los sitios m\u00e1s emblem\u00e1ticos de la ciudad. \u00a1No os lo perd\u00e1is!<\/p>\n<p style=\"text-align: center;\"><a href=\"\/pasarelaurbana\/wp-content\/uploads\/sites\/49\/2014\/04\/montaje2.jpg\"><img loading=\"lazy\" class=\"aligncenter  wp-image-6853\" title=\"montaje\" src=\"\/pasarelaurbana\/wp-content\/uploads\/sites\/49\/2014\/04\/montaje2.jpg\" alt=\"\" width=\"600\" height=\"600\" srcset=\"https:\/\/static-blogs.diariosur.es\/wp-content\/uploads\/sites\/49\/2014\/04\/montaje2.jpg 600w, https:\/\/static-blogs.diariosur.es\/wp-content\/uploads\/sites\/49\/2014\/04\/montaje2-150x150.jpg 150w, https:\/\/static-blogs.diariosur.es\/wp-content\/uploads\/sites\/49\/2014\/04\/montaje2-300x300.jpg 300w\" sizes=\"(max-width: 600px) 100vw, 600px\" \/><\/a><!--more--><strong>DECORACI\u00d3N<\/strong>: Mis imprescindibles (muy recomendables los cojines)<\/p>\n<p><a href=\"\/pasarelaurbana\/wp-content\/uploads\/sites\/49\/2014\/04\/118.jpg\"><img loading=\"lazy\" class=\"aligncenter size-full wp-image-6827\" title=\"1\" src=\"\/pasarelaurbana\/wp-content\/uploads\/sites\/49\/2014\/04\/118.jpg\" alt=\"\" width=\"600\" height=\"800\" srcset=\"https:\/\/static-blogs.diariosur.es\/wp-content\/uploads\/sites\/49\/2014\/04\/118.jpg 600w, https:\/\/static-blogs.diariosur.es\/wp-content\/uploads\/sites\/49\/2014\/04\/118-225x300.jpg 225w\" sizes=\"(max-width: 600px) 100vw, 600px\" \/><\/a><\/p>\n<p><a href=\"\/pasarelaurbana\/wp-content\/uploads\/sites\/49\/2014\/04\/218.jpg\"><img loading=\"lazy\" class=\"aligncenter size-full wp-image-6828\" title=\"2\" src=\"\/pasarelaurbana\/wp-content\/uploads\/sites\/49\/2014\/04\/218.jpg\" alt=\"\" width=\"600\" height=\"450\" srcset=\"https:\/\/static-blogs.diariosur.es\/wp-content\/uploads\/sites\/49\/2014\/04\/218.jpg 600w, https:\/\/static-blogs.diariosur.es\/wp-content\/uploads\/sites\/49\/2014\/04\/218-300x225.jpg 300w\" sizes=\"(max-width: 600px) 100vw, 600px\" \/><\/a><\/p>\n<p><a href=\"\/pasarelaurbana\/wp-content\/uploads\/sites\/49\/2014\/04\/39.jpg\"><img loading=\"lazy\" class=\"aligncenter size-full wp-image-6829\" title=\"3\" src=\"\/pasarelaurbana\/wp-content\/uploads\/sites\/49\/2014\/04\/39.jpg\" alt=\"\" width=\"600\" height=\"800\" srcset=\"https:\/\/static-blogs.diariosur.es\/wp-content\/uploads\/sites\/49\/2014\/04\/39.jpg 600w, https:\/\/static-blogs.diariosur.es\/wp-content\/uploads\/sites\/49\/2014\/04\/39-225x300.jpg 225w\" sizes=\"(max-width: 600px) 100vw, 600px\" \/><\/a><\/p>\n<p style=\"text-align: center;\"><a href=\"\/pasarelaurbana\/wp-content\/uploads\/sites\/49\/2014\/04\/patio.jpg\"><img loading=\"lazy\" class=\"aligncenter size-full wp-image-6854\" title=\"patio\" src=\"\/pasarelaurbana\/wp-content\/uploads\/sites\/49\/2014\/04\/patio.jpg\" alt=\"\" width=\"600\" height=\"450\" srcset=\"https:\/\/static-blogs.diariosur.es\/wp-content\/uploads\/sites\/49\/2014\/04\/patio.jpg 600w, https:\/\/static-blogs.diariosur.es\/wp-content\/uploads\/sites\/49\/2014\/04\/patio-300x225.jpg 300w\" sizes=\"(max-width: 600px) 100vw, 600px\" \/><\/a><\/p>\n<p style=\"text-align: center;\">A mi juicio, los cojines de esta colecci\u00f3n son preciosos.<strong> Yo me he hecho con los de rayas y los color crema calados<\/strong> (a 8 y 6 euros la unidad respectivamente, barat\u00edsimos), con un punto rom\u00e1ntico perfecto. En la foto de arriba os muestro c\u00f3mo han quedado en mi patio combinados con el turquesa de Zara Home y los amarillos de Vichy que me hizo mi madre. El de abajo, con la maleta y ese toque shabby chic me parece otra joya.<\/p>\n<p><a href=\"\/pasarelaurbana\/wp-content\/uploads\/sites\/49\/2014\/04\/410.jpg\"><img loading=\"lazy\" class=\"aligncenter size-full wp-image-6830\" title=\"4\" src=\"\/pasarelaurbana\/wp-content\/uploads\/sites\/49\/2014\/04\/410.jpg\" alt=\"\" width=\"600\" height=\"800\" srcset=\"https:\/\/static-blogs.diariosur.es\/wp-content\/uploads\/sites\/49\/2014\/04\/410.jpg 600w, https:\/\/static-blogs.diariosur.es\/wp-content\/uploads\/sites\/49\/2014\/04\/410-225x300.jpg 225w\" sizes=\"(max-width: 600px) 100vw, 600px\" \/><\/a><\/p>\n<p style=\"text-align: center;\"><strong>PIJAMAS Y ROPA INTERIOR<\/strong>: conjuntos que<\/p>\n<p><a href=\"\/pasarelaurbana\/wp-content\/uploads\/sites\/49\/2014\/04\/57.jpg\"><img loading=\"lazy\" class=\"aligncenter size-full wp-image-6831\" title=\"5\" src=\"\/pasarelaurbana\/wp-content\/uploads\/sites\/49\/2014\/04\/57.jpg\" alt=\"\" width=\"600\" height=\"800\" srcset=\"https:\/\/static-blogs.diariosur.es\/wp-content\/uploads\/sites\/49\/2014\/04\/57.jpg 600w, https:\/\/static-blogs.diariosur.es\/wp-content\/uploads\/sites\/49\/2014\/04\/57-225x300.jpg 225w\" sizes=\"(max-width: 600px) 100vw, 600px\" \/><\/a><\/p>\n<p><a href=\"\/pasarelaurbana\/wp-content\/uploads\/sites\/49\/2014\/04\/68.jpg\"><img loading=\"lazy\" class=\"aligncenter size-full wp-image-6832\" title=\"6\" src=\"\/pasarelaurbana\/wp-content\/uploads\/sites\/49\/2014\/04\/68.jpg\" alt=\"\" width=\"600\" height=\"800\" srcset=\"https:\/\/static-blogs.diariosur.es\/wp-content\/uploads\/sites\/49\/2014\/04\/68.jpg 600w, https:\/\/static-blogs.diariosur.es\/wp-content\/uploads\/sites\/49\/2014\/04\/68-225x300.jpg 225w\" sizes=\"(max-width: 600px) 100vw, 600px\" \/><\/a><\/p>\n<p><a href=\"\/pasarelaurbana\/wp-content\/uploads\/sites\/49\/2014\/04\/182.jpg\"><img loading=\"lazy\" class=\"aligncenter\" title=\"18\" src=\"\/pasarelaurbana\/wp-content\/uploads\/sites\/49\/2014\/04\/182.jpg\" alt=\"\" width=\"600\" height=\"800\" \/><\/a><\/p>\n<p style=\"text-align: center;\">El conjunto del perrito con lunares rosa y este conjunto azul marino con encajes ya est\u00e1n en mi armario. \u00a1Me encantan!<\/p>\n<p style=\"text-align: center;\"><strong>COMPLEMENTOS<\/strong>: Bolsos &#8216;low cost&#8217; para todos los gustos<\/p>\n<p style=\"text-align: center;\"><a href=\"\/pasarelaurbana\/wp-content\/uploads\/sites\/49\/2014\/04\/77.jpg\"><img loading=\"lazy\" class=\"aligncenter size-full wp-image-6833\" title=\"7\" src=\"\/pasarelaurbana\/wp-content\/uploads\/sites\/49\/2014\/04\/77.jpg\" alt=\"\" width=\"600\" height=\"800\" srcset=\"https:\/\/static-blogs.diariosur.es\/wp-content\/uploads\/sites\/49\/2014\/04\/77.jpg 600w, https:\/\/static-blogs.diariosur.es\/wp-content\/uploads\/sites\/49\/2014\/04\/77-225x300.jpg 225w\" sizes=\"(max-width: 600px) 100vw, 600px\" \/><\/a><\/p>\n<p style=\"text-align: center;\"><a href=\"\/pasarelaurbana\/wp-content\/uploads\/sites\/49\/2014\/04\/86.jpg\"><img loading=\"lazy\" class=\"aligncenter size-full wp-image-6834\" title=\"8\" src=\"\/pasarelaurbana\/wp-content\/uploads\/sites\/49\/2014\/04\/86.jpg\" alt=\"\" width=\"600\" height=\"450\" srcset=\"https:\/\/static-blogs.diariosur.es\/wp-content\/uploads\/sites\/49\/2014\/04\/86.jpg 600w, https:\/\/static-blogs.diariosur.es\/wp-content\/uploads\/sites\/49\/2014\/04\/86-300x225.jpg 300w\" sizes=\"(max-width: 600px) 100vw, 600px\" \/><\/a><\/p>\n<p style=\"text-align: center;\">Un flechazo el primer bolso \u00e9tnico con bordados y abalorios y el neceser de pedrer\u00eda para la playa tambi\u00e9n me tiene enamorada. Ya est\u00e1n en mi &#8216;wish list!<\/p>\n<p style=\"text-align: center;\"><a href=\"\/pasarelaurbana\/wp-content\/uploads\/sites\/49\/2014\/04\/95.jpg\"><img loading=\"lazy\" class=\"aligncenter size-full wp-image-6835\" title=\"9\" src=\"\/pasarelaurbana\/wp-content\/uploads\/sites\/49\/2014\/04\/95.jpg\" alt=\"\" width=\"600\" height=\"800\" srcset=\"https:\/\/static-blogs.diariosur.es\/wp-content\/uploads\/sites\/49\/2014\/04\/95.jpg 600w, https:\/\/static-blogs.diariosur.es\/wp-content\/uploads\/sites\/49\/2014\/04\/95-225x300.jpg 225w\" sizes=\"(max-width: 600px) 100vw, 600px\" \/><\/a><\/p>\n<p style=\"text-align: center;\"><a href=\"\/pasarelaurbana\/wp-content\/uploads\/sites\/49\/2014\/04\/105.jpg\"><img loading=\"lazy\" class=\"aligncenter size-full wp-image-6836\" title=\"10\" src=\"\/pasarelaurbana\/wp-content\/uploads\/sites\/49\/2014\/04\/105.jpg\" alt=\"\" width=\"600\" height=\"800\" srcset=\"https:\/\/static-blogs.diariosur.es\/wp-content\/uploads\/sites\/49\/2014\/04\/105.jpg 600w, https:\/\/static-blogs.diariosur.es\/wp-content\/uploads\/sites\/49\/2014\/04\/105-225x300.jpg 225w\" sizes=\"(max-width: 600px) 100vw, 600px\" \/><\/a><\/p>\n<p style=\"text-align: center;\"><a href=\"\/pasarelaurbana\/wp-content\/uploads\/sites\/49\/2014\/04\/124.jpg\"><img loading=\"lazy\" class=\"aligncenter size-full wp-image-6838\" title=\"12\" src=\"\/pasarelaurbana\/wp-content\/uploads\/sites\/49\/2014\/04\/124.jpg\" alt=\"\" width=\"600\" height=\"800\" srcset=\"https:\/\/static-blogs.diariosur.es\/wp-content\/uploads\/sites\/49\/2014\/04\/124.jpg 600w, https:\/\/static-blogs.diariosur.es\/wp-content\/uploads\/sites\/49\/2014\/04\/124-225x300.jpg 225w\" sizes=\"(max-width: 600px) 100vw, 600px\" \/><\/a><\/p>\n<p style=\"text-align: center;\">Me encanta la bandolera fl\u00faor y este modelo bicolor m\u00e1s sobrio para ir al trabajo.<\/p>\n<p style=\"text-align: center;\"><a href=\"\/pasarelaurbana\/wp-content\/uploads\/sites\/49\/2014\/04\/119.jpg\"><img loading=\"lazy\" class=\"aligncenter size-full wp-image-6837\" title=\"11\" src=\"\/pasarelaurbana\/wp-content\/uploads\/sites\/49\/2014\/04\/119.jpg\" alt=\"\" width=\"600\" height=\"800\" srcset=\"https:\/\/static-blogs.diariosur.es\/wp-content\/uploads\/sites\/49\/2014\/04\/119.jpg 600w, https:\/\/static-blogs.diariosur.es\/wp-content\/uploads\/sites\/49\/2014\/04\/119-225x300.jpg 225w\" sizes=\"(max-width: 600px) 100vw, 600px\" \/><\/a><\/p>\n<p style=\"text-align: center;\"><a href=\"\/pasarelaurbana\/wp-content\/uploads\/sites\/49\/2014\/04\/134.jpg\"><img loading=\"lazy\" class=\"aligncenter size-full wp-image-6839\" title=\"13\" src=\"\/pasarelaurbana\/wp-content\/uploads\/sites\/49\/2014\/04\/134.jpg\" alt=\"\" width=\"600\" height=\"450\" srcset=\"https:\/\/static-blogs.diariosur.es\/wp-content\/uploads\/sites\/49\/2014\/04\/134.jpg 600w, https:\/\/static-blogs.diariosur.es\/wp-content\/uploads\/sites\/49\/2014\/04\/134-300x225.jpg 300w\" sizes=\"(max-width: 600px) 100vw, 600px\" \/><\/a><\/p>\n<p style=\"text-align: center;\">Sobre stas l\u00edneas, collar joya (un<em> must have<\/em> de la primavera) y brazalete \u00e9tnico, ideal para dar un toque boho chic a tus estilismos.<\/p>\n<p style=\"text-align: center;\"><strong>ZAPATOS<\/strong><\/p>\n<p style=\"text-align: center;\"><a href=\"\/pasarelaurbana\/wp-content\/uploads\/sites\/49\/2014\/04\/144.jpg\"><img loading=\"lazy\" class=\"aligncenter size-full wp-image-6840\" title=\"14\" src=\"\/pasarelaurbana\/wp-content\/uploads\/sites\/49\/2014\/04\/144.jpg\" alt=\"\" width=\"600\" height=\"800\" srcset=\"https:\/\/static-blogs.diariosur.es\/wp-content\/uploads\/sites\/49\/2014\/04\/144.jpg 600w, https:\/\/static-blogs.diariosur.es\/wp-content\/uploads\/sites\/49\/2014\/04\/144-225x300.jpg 225w\" sizes=\"(max-width: 600px) 100vw, 600px\" \/><\/a><\/p>\n<p style=\"text-align: center;\"><a href=\"\/pasarelaurbana\/wp-content\/uploads\/sites\/49\/2014\/04\/172.jpg\"><img loading=\"lazy\" class=\"aligncenter  wp-image-6843\" title=\"17\" src=\"\/pasarelaurbana\/wp-content\/uploads\/sites\/49\/2014\/04\/172.jpg\" alt=\"\" width=\"600\" height=\"800\" srcset=\"https:\/\/static-blogs.diariosur.es\/wp-content\/uploads\/sites\/49\/2014\/04\/172.jpg 600w, https:\/\/static-blogs.diariosur.es\/wp-content\/uploads\/sites\/49\/2014\/04\/172-225x300.jpg 225w\" sizes=\"(max-width: 600px) 100vw, 600px\" \/><\/a><\/p>\n<p style=\"text-align: center;\">Las chanclas del lacito me chiflan para ir a la piscina y estas \u00faltimas dan el toque de color perfecto para cuaqluier look veraniego.<\/p>\n<p style=\"text-align: center;\"><strong>ROPA DE PLAYA<\/strong>: Bikinis a 12 euros muy recomendables<\/p>\n<p style=\"text-align: center;\"><a href=\"\/pasarelaurbana\/wp-content\/uploads\/sites\/49\/2014\/04\/164.jpg\"><img loading=\"lazy\" class=\"aligncenter  wp-image-6842\" title=\"16\" src=\"\/pasarelaurbana\/wp-content\/uploads\/sites\/49\/2014\/04\/164.jpg\" alt=\"\" width=\"600\" height=\"800\" srcset=\"https:\/\/static-blogs.diariosur.es\/wp-content\/uploads\/sites\/49\/2014\/04\/164.jpg 600w, https:\/\/static-blogs.diariosur.es\/wp-content\/uploads\/sites\/49\/2014\/04\/164-225x300.jpg 225w\" sizes=\"(max-width: 600px) 100vw, 600px\" \/><\/a><\/p>\n<p style=\"text-align: center;\"><a href=\"\/pasarelaurbana\/wp-content\/uploads\/sites\/49\/2014\/04\/155.jpg\"><img loading=\"lazy\" class=\"aligncenter size-full wp-image-6826\" title=\"15\" src=\"\/pasarelaurbana\/wp-content\/uploads\/sites\/49\/2014\/04\/155.jpg\" alt=\"\" width=\"600\" height=\"800\" srcset=\"https:\/\/static-blogs.diariosur.es\/wp-content\/uploads\/sites\/49\/2014\/04\/155.jpg 600w, https:\/\/static-blogs.diariosur.es\/wp-content\/uploads\/sites\/49\/2014\/04\/155-225x300.jpg 225w\" sizes=\"(max-width: 600px) 100vw, 600px\" \/><\/a><\/p>\n<p style=\"text-align: center;\">No s\u00e9 a vosotras, pero a mi cada vez me cuesta m\u00e1s encontrar bikinis que no tengan las bragas min\u00fasculas y se me vea medio cachete (lo siento, pero no estoy para ense\u00f1ar ya). Pues bien, esta temporada he descubierto los de Primark y ya me he hecho con dos. <strong>Me gusta, sobre todo, el corte de sus braguitas, a mi juicio del tama\u00f1o perfecto<\/strong>. Adem\u00e1s, tienen unos estampados chul\u00edsimos. Yo tengo el tropical y el marinero y os los recomiendo.<\/p>\n<p style=\"text-align: center;\"><strong>ESTILISMOS PARA EL D\u00cdA<\/strong><\/p>\n<p style=\"text-align: center;\"><a href=\"\/pasarelaurbana\/wp-content\/uploads\/sites\/49\/2014\/04\/203.jpg\"><img loading=\"lazy\" class=\"aligncenter size-full wp-image-6846\" title=\"20\" src=\"\/pasarelaurbana\/wp-content\/uploads\/sites\/49\/2014\/04\/203.jpg\" alt=\"\" width=\"600\" height=\"800\" srcset=\"https:\/\/static-blogs.diariosur.es\/wp-content\/uploads\/sites\/49\/2014\/04\/203.jpg 600w, https:\/\/static-blogs.diariosur.es\/wp-content\/uploads\/sites\/49\/2014\/04\/203-225x300.jpg 225w\" sizes=\"(max-width: 600px) 100vw, 600px\" \/><\/a><\/p>\n<p style=\"text-align: center;\"><a href=\"\/pasarelaurbana\/wp-content\/uploads\/sites\/49\/2014\/04\/219.jpg\"><img loading=\"lazy\" class=\"aligncenter size-full wp-image-6847\" title=\"21\" src=\"\/pasarelaurbana\/wp-content\/uploads\/sites\/49\/2014\/04\/219.jpg\" alt=\"\" width=\"600\" height=\"450\" srcset=\"https:\/\/static-blogs.diariosur.es\/wp-content\/uploads\/sites\/49\/2014\/04\/219.jpg 600w, https:\/\/static-blogs.diariosur.es\/wp-content\/uploads\/sites\/49\/2014\/04\/219-300x225.jpg 300w\" sizes=\"(max-width: 600px) 100vw, 600px\" \/><\/a><\/p>\n<p style=\"text-align: center;\"><a href=\"\/pasarelaurbana\/wp-content\/uploads\/sites\/49\/2014\/04\/224.jpg\"><img loading=\"lazy\" class=\"aligncenter size-full wp-image-6848\" title=\"22\" src=\"\/pasarelaurbana\/wp-content\/uploads\/sites\/49\/2014\/04\/224.jpg\" alt=\"\" width=\"600\" height=\"800\" srcset=\"https:\/\/static-blogs.diariosur.es\/wp-content\/uploads\/sites\/49\/2014\/04\/224.jpg 600w, https:\/\/static-blogs.diariosur.es\/wp-content\/uploads\/sites\/49\/2014\/04\/224-225x300.jpg 225w\" sizes=\"(max-width: 600px) 100vw, 600px\" \/><\/a><\/p>\n<p style=\"text-align: center;\"><a href=\"\/pasarelaurbana\/wp-content\/uploads\/sites\/49\/2014\/04\/233.jpg\"><img loading=\"lazy\" class=\"aligncenter size-full wp-image-6849\" title=\"23\" src=\"\/pasarelaurbana\/wp-content\/uploads\/sites\/49\/2014\/04\/233.jpg\" alt=\"\" width=\"600\" height=\"800\" srcset=\"https:\/\/static-blogs.diariosur.es\/wp-content\/uploads\/sites\/49\/2014\/04\/233.jpg 600w, https:\/\/static-blogs.diariosur.es\/wp-content\/uploads\/sites\/49\/2014\/04\/233-225x300.jpg 225w\" sizes=\"(max-width: 600px) 100vw, 600px\" \/><\/a><\/p>\n<p style=\"text-align: center;\"><a href=\"\/pasarelaurbana\/wp-content\/uploads\/sites\/49\/2014\/04\/243.jpg\"><img loading=\"lazy\" class=\"aligncenter size-full wp-image-6850\" title=\"24\" src=\"\/pasarelaurbana\/wp-content\/uploads\/sites\/49\/2014\/04\/243.jpg\" alt=\"\" width=\"600\" height=\"800\" srcset=\"https:\/\/static-blogs.diariosur.es\/wp-content\/uploads\/sites\/49\/2014\/04\/243.jpg 600w, https:\/\/static-blogs.diariosur.es\/wp-content\/uploads\/sites\/49\/2014\/04\/243-225x300.jpg 225w\" sizes=\"(max-width: 600px) 100vw, 600px\" \/><\/a><\/p>\n<p style=\"text-align: center;\"><a href=\"\/pasarelaurbana\/wp-content\/uploads\/sites\/49\/2014\/04\/252.jpg\"><img loading=\"lazy\" class=\"aligncenter size-full wp-image-6851\" title=\"25\" src=\"\/pasarelaurbana\/wp-content\/uploads\/sites\/49\/2014\/04\/252.jpg\" alt=\"\" width=\"600\" height=\"800\" srcset=\"https:\/\/static-blogs.diariosur.es\/wp-content\/uploads\/sites\/49\/2014\/04\/252.jpg 600w, https:\/\/static-blogs.diariosur.es\/wp-content\/uploads\/sites\/49\/2014\/04\/252-225x300.jpg 225w\" sizes=\"(max-width: 600px) 100vw, 600px\" \/><\/a><\/p>\n<p style=\"text-align: center;\"><a href=\"\/pasarelaurbana\/wp-content\/uploads\/sites\/49\/2014\/04\/262.jpg\"><img loading=\"lazy\" class=\"aligncenter size-full wp-image-6852\" title=\"26\" src=\"\/pasarelaurbana\/wp-content\/uploads\/sites\/49\/2014\/04\/262.jpg\" alt=\"\" width=\"600\" height=\"800\" srcset=\"https:\/\/static-blogs.diariosur.es\/wp-content\/uploads\/sites\/49\/2014\/04\/262.jpg 600w, https:\/\/static-blogs.diariosur.es\/wp-content\/uploads\/sites\/49\/2014\/04\/262-225x300.jpg 225w\" sizes=\"(max-width: 600px) 100vw, 600px\" \/><\/a><\/p>\n<p style=\"text-align: center;\"><a href=\"\/pasarelaurbana\/wp-content\/uploads\/sites\/49\/2014\/04\/271.jpg\"><img loading=\"lazy\" class=\"aligncenter size-full wp-image-6841\" title=\"27\" src=\"\/pasarelaurbana\/wp-content\/uploads\/sites\/49\/2014\/04\/271.jpg\" alt=\"\" width=\"600\" height=\"800\" srcset=\"https:\/\/static-blogs.diariosur.es\/wp-content\/uploads\/sites\/49\/2014\/04\/271.jpg 600w, https:\/\/static-blogs.diariosur.es\/wp-content\/uploads\/sites\/49\/2014\/04\/271-225x300.jpg 225w\" sizes=\"(max-width: 600px) 100vw, 600px\" \/><\/a><\/p>\n<p style=\"text-align: center;\">La camisa de lunares rojas no me la llev\u00e9 porque no hab\u00eda mi talla, pero me parece ideal. Y la sudadera de Micky otra joya.<\/p>\n<p style=\"text-align: center;\">\u00a1Espero que os haya gustado! \u00a1Hasta ma\u00f1ana!<\/p>\n<p>&nbsp;<\/p>\n","protected":false},"excerpt":{"rendered":"<p>Hac\u00eda tiempo que no lo hac\u00eda. El poder tomarme una ma\u00f1ana tranquila de tiendas y bucear a fondo en las nuevas colecciones. Como sab\u00e9is, suelo seguir la pista de todas las novedades de la temporada v\u00eda &#8216;on line&#8217; (Ay! Bendito Internet) pero soy de las nost\u00e1lgicas que sigue prefiriendo el perderse entre percheros, sumergirme con [&hellip;]<\/p>\n","protected":false},"author":54,"featured_media":0,"comment_status":"open","ping_status":"open","sticky":false,"template":"","format":"standard","meta":[],"categories":[2],"tags":[],"_links":{"self":[{"href":"https:\/\/blogs.diariosur.es\/pasarelaurbana\/wp-json\/wp\/v2\/posts\/6825"}],"collection":[{"href":"https:\/\/blogs.diariosur.es\/pasarelaurbana\/wp-json\/wp\/v2\/posts"}],"about":[{"href":"https:\/\/blogs.diariosur.es\/pasarelaurbana\/wp-json\/wp\/v2\/types\/post"}],"author":[{"embeddable":true,"href":"https:\/\/blogs.diariosur.es\/pasarelaurbana\/wp-json\/wp\/v2\/users\/54"}],"replies":[{"embeddable":true,"href":"https:\/\/blogs.diariosur.es\/pasarelaurbana\/wp-json\/wp\/v2\/comments?post=6825"}],"version-history":[{"count":0,"href":"https:\/\/blogs.diariosur.es\/pasarelaurbana\/wp-json\/wp\/v2\/posts\/6825\/revisions"}],"wp:attachment":[{"href":"https:\/\/blogs.diariosur.es\/pasarelaurbana\/wp-json\/wp\/v2\/media?parent=6825"}],"wp:term":[{"taxonomy":"category","embeddable":true,"href":"https:\/\/blogs.diariosur.es\/pasarelaurbana\/wp-json\/wp\/v2\/categories?post=6825"},{"taxonomy":"post_tag","embeddable":true,"href":"https:\/\/blogs.diariosur.es\/pasarelaurbana\/wp-json\/wp\/v2\/tags?post=6825"}],"curies":[{"name":"wp","href":"https:\/\/api.w.org\/{rel}","templated":true}]}}