{"id":6857,"date":"2014-04-29T15:23:03","date_gmt":"2014-04-29T13:23:03","guid":{"rendered":"http:\/\/blogs.diariosur.es\/pasarelaurbana\/?p=6857"},"modified":"2014-04-29T15:23:03","modified_gmt":"2014-04-29T13:23:03","slug":"una-cantera-ilusionante","status":"publish","type":"post","link":"https:\/\/blogs.diariosur.es\/pasarelaurbana\/2014\/04\/29\/una-cantera-ilusionante\/","title":{"rendered":"Una cantera ilusionante"},"content":{"rendered":"<p style=\"text-align: center;\">\u00a1Buenas! Ayer me tom\u00e9 el d\u00eda para recargas las pilas despu\u00e9s de un fin de semana de trabajo bastante agotador, porque adem\u00e1s de estar en el peri\u00f3dico como sab\u00e9is los que me segu\u00eds por redes sociales (@almunogues, en Twitter, y almudena30 en Instagram) el viernes y s\u00e1bado noche form\u00e9 parte del jurado del certamen M\u00e1lagaCrea de Moda para elegir \u00a0al mejor joven dise\u00f1ador de M\u00e1laga. Una tarea muy muy dif\u00edcil (hab\u00eda un nivel alt\u00edsimo entre los participantes, los cuales se superan edici\u00f3n tras edici\u00f3n en cortes, tejidos, acabados, costura y dise\u00f1o) en la que me acompa\u00f1aron grandes profesionales del sector como \u00c1ngel Palazuelos, dise\u00f1ador de alta costura, la\u00a0directora de la Agencia Nueva Moda, Mar\u00eda Jos\u00e9 Gonz\u00e1lez, y el director art\u00edstico Gonzalo Casares-Palma. La experiencia fue 100% gratificante y enriquecedora. Ver de cerca el talento que tiene nuestra cantera, la pasi\u00f3n que le echan, las ganas y la gran creatividad que destilan sus puntadas es muy ilusionante. Decir que me sorprendieron, que me corroboraron que la moda en M\u00e1laga tiene un futuro brillante y que me enamor\u00e9 de muchas de sus creaciones, las cuales no dudar\u00eda en incorporar a mi armario. Aunque como ya os he apuntado elegir a los ganadores nos cost\u00f3, en mi caso valor\u00e9 y antepuse la innovaci\u00f3n, la aportaci\u00f3n en materia de formas, vol\u00famenes y tejidos. Y precisamente ese fue el criterio que hizo que desde nada m\u00e1s ver en movimiento la colecci\u00f3n <strong>Al-Hatal<\/strong> lo tuviese claro. Eso es lo que buscaba. Algo que me sorprendiera. Y ellos lo lograron con una colecci\u00f3n inspirada en la cer\u00e1mica \u00e1rabe, con formas geom\u00e9tricas y una paleta monopolizada por el blanco y el azul klein. Su espectacular falda estructurada en blanco impresion\u00f3. Alta Costura en estado puro que hizo que el desfile se impregnara de ese aire parisino de grandes pasarelas. Enhorabuena a sus cuatro creadores, el colectivo formado por los j\u00f3venes <strong>Claudia Varanski, Gema Hilillo, Mar\u00eda Lindes y Bartolom\u00e9 \u00a0Barrera <\/strong>a los que adem\u00e1s, elegimos por consenso para desfilar en la pr\u00f3xima cita de la Pasarela Larios, con el visto bueno de Mar\u00eda Jos\u00e9, su impulsora. Eso s\u00ed, con el compromiso de ampliar su colecci\u00f3n, reto que aceptaron encantados. No en vano, ser\u00e1n los primeros dise\u00f1adores noveles en tener hueco en esta importante cita con la moda que se celebra en septiembre en calle Larios.<\/p>\n<p><a href=\"\/pasarelaurbana\/wp-content\/uploads\/sites\/49\/2014\/04\/120.jpg\"><img loading=\"lazy\" class=\"aligncenter size-full wp-image-6859\" title=\"1\" src=\"\/pasarelaurbana\/wp-content\/uploads\/sites\/49\/2014\/04\/120.jpg\" alt=\"\" width=\"600\" height=\"450\" srcset=\"https:\/\/static-blogs.diariosur.es\/wp-content\/uploads\/sites\/49\/2014\/04\/120.jpg 600w, https:\/\/static-blogs.diariosur.es\/wp-content\/uploads\/sites\/49\/2014\/04\/120-300x225.jpg 300w\" sizes=\"(max-width: 600px) 100vw, 600px\" \/><\/a><\/p>\n<p><!--more--><\/p>\n<p><a href=\"\/pasarelaurbana\/wp-content\/uploads\/sites\/49\/2014\/04\/220.jpg\"><img loading=\"lazy\" class=\"aligncenter size-full wp-image-6860\" title=\"2\" src=\"\/pasarelaurbana\/wp-content\/uploads\/sites\/49\/2014\/04\/220.jpg\" alt=\"\" width=\"602\" height=\"326\" srcset=\"https:\/\/static-blogs.diariosur.es\/wp-content\/uploads\/sites\/49\/2014\/04\/220.jpg 602w, https:\/\/static-blogs.diariosur.es\/wp-content\/uploads\/sites\/49\/2014\/04\/220-300x162.jpg 300w\" sizes=\"(max-width: 602px) 100vw, 602px\" \/><\/a><\/p>\n<p><a href=\"\/pasarelaurbana\/wp-content\/uploads\/sites\/49\/2014\/04\/310.jpg\"><img loading=\"lazy\" class=\"aligncenter size-full wp-image-6861\" title=\"3\" src=\"\/pasarelaurbana\/wp-content\/uploads\/sites\/49\/2014\/04\/310.jpg\" alt=\"\" width=\"600\" height=\"804\" srcset=\"https:\/\/static-blogs.diariosur.es\/wp-content\/uploads\/sites\/49\/2014\/04\/310.jpg 600w, https:\/\/static-blogs.diariosur.es\/wp-content\/uploads\/sites\/49\/2014\/04\/310-224x300.jpg 224w\" sizes=\"(max-width: 600px) 100vw, 600px\" \/><\/a><\/p>\n<p><a href=\"\/pasarelaurbana\/wp-content\/uploads\/sites\/49\/2014\/04\/411.jpg\"><img loading=\"lazy\" class=\"aligncenter size-full wp-image-6862\" title=\"4\" src=\"\/pasarelaurbana\/wp-content\/uploads\/sites\/49\/2014\/04\/411.jpg\" alt=\"\" width=\"600\" height=\"835\" srcset=\"https:\/\/static-blogs.diariosur.es\/wp-content\/uploads\/sites\/49\/2014\/04\/411.jpg 600w, https:\/\/static-blogs.diariosur.es\/wp-content\/uploads\/sites\/49\/2014\/04\/411-216x300.jpg 216w\" sizes=\"(max-width: 600px) 100vw, 600px\" \/><\/a><\/p>\n<p style=\"text-align: center;\">Y tras Al-Hatal, la medalla de plata recay\u00f3 en un chico,<strong> \u00c1lvaro Olmedo<\/strong> con la colecci\u00f3n &#8216;Exceptions&#8217;, quien se llev\u00f3 el segundo premio de 1.200 euros con una colecci\u00f3n de tonos neutros que present\u00f3 como &#8220;una manera de vivir y de sentir la moda&#8221;. Una l\u00ednea de prendas masculinas dirigida a un joven atrevido y moderno con cortes anchos, cierres de cremallera y transparencias cargadas de sensualidad. En la foto de abajo, \u00c1lvaro, quien derrocha talento.<\/p>\n<p><a href=\"\/pasarelaurbana\/wp-content\/uploads\/sites\/49\/2014\/04\/58.jpg\"><img loading=\"lazy\" class=\"aligncenter size-full wp-image-6863\" title=\"5\" src=\"\/pasarelaurbana\/wp-content\/uploads\/sites\/49\/2014\/04\/58.jpg\" alt=\"\" width=\"600\" height=\"450\" srcset=\"https:\/\/static-blogs.diariosur.es\/wp-content\/uploads\/sites\/49\/2014\/04\/58.jpg 600w, https:\/\/static-blogs.diariosur.es\/wp-content\/uploads\/sites\/49\/2014\/04\/58-300x225.jpg 300w\" sizes=\"(max-width: 600px) 100vw, 600px\" \/><\/a><\/p>\n<p style=\"text-align: center;\">El tercer premio de este M\u00e1laga Crea (con dotaci\u00f3n de 800 euros) se puso flamenco de la mano de <strong>Roc\u00edo Montserrat<\/strong>. Me enamor\u00f3 en la selecci\u00f3n previa con unos bocetos que irradiaban buen gusto, feminidad y delicadeza -con una presentaci\u00f3n exquisita y s\u00faper profesional- y el s\u00e1bado, cuando fue su turno, no me defraud\u00f3 sobre la pasarela. \u00a0Su colecci\u00f3n &#8216;Mi sue\u00f1o Victoriano&#8217; -nombre con el que quiere hacer un gui\u00f1o a su M\u00e1laga, incluye piezas trabajadas con la t\u00e9cnica del patchwork y complementos de la firma Aralba Verdu. Me cautivaron sus tonalidades pasteles y el aire naif de sus vestidos de gitana, con unos tejidos y unos acabados que se impusieron por su originalidad. Un ol\u00e9 por ella.<\/p>\n<p><a href=\"\/pasarelaurbana\/wp-content\/uploads\/sites\/49\/2014\/04\/69.jpg\"><img loading=\"lazy\" class=\"aligncenter size-full wp-image-6864\" title=\"6\" src=\"\/pasarelaurbana\/wp-content\/uploads\/sites\/49\/2014\/04\/69.jpg\" alt=\"\" width=\"600\" height=\"900\" srcset=\"https:\/\/static-blogs.diariosur.es\/wp-content\/uploads\/sites\/49\/2014\/04\/69.jpg 600w, https:\/\/static-blogs.diariosur.es\/wp-content\/uploads\/sites\/49\/2014\/04\/69-200x300.jpg 200w\" sizes=\"(max-width: 600px) 100vw, 600px\" \/><\/a><\/p>\n<p><a href=\"\/pasarelaurbana\/wp-content\/uploads\/sites\/49\/2014\/04\/106.jpg\"><img loading=\"lazy\" class=\"aligncenter size-full wp-image-6868\" title=\"10\" src=\"\/pasarelaurbana\/wp-content\/uploads\/sites\/49\/2014\/04\/106.jpg\" alt=\"\" width=\"600\" height=\"900\" srcset=\"https:\/\/static-blogs.diariosur.es\/wp-content\/uploads\/sites\/49\/2014\/04\/106.jpg 600w, https:\/\/static-blogs.diariosur.es\/wp-content\/uploads\/sites\/49\/2014\/04\/106-200x300.jpg 200w\" sizes=\"(max-width: 600px) 100vw, 600px\" \/><\/a><\/p>\n<p style=\"text-align: center;\">Y de una flamenca muy naif a otra muy ecl\u00e9ctica y sofisticada ante la que tambi\u00e9n me quito el sombrero<strong>. Pilar Arregui<\/strong> fue otra de las que cautiv\u00f3 al jurado y gener\u00f3 m\u00e1s consenso. Se llev\u00f3 una de las tres menciones especiales con su colecci\u00f3n &#8216;Amanecer&#8217;, con dise\u00f1os inspirados, seg\u00fan sus propias palabras, en la simbolog\u00eda floral de la \u00e9poca barroca con gui\u00f1os al arte cofrade en forma de pasamaner\u00eda dorada y flecos. PRECIOSA, as\u00ed, en may\u00fascula con un halo de elegancia que quitaba el sent\u00edo como dicen. Me encant\u00f3 su propusta de kimono de plumeti acompa\u00f1ando uno de los trajes. Su traje de novia, espectacular. Pilar puso adem\u00e1s la an\u00e9cdota de este M\u00e1lagaCrea ya que iba embarazad\u00edsima (como pod\u00e9is comprobar en la foto de abajo) y el s\u00e1bado se puso de parto, lo que impidi\u00f3 que pudiese recoger la distinci\u00f3n, as\u00ed que \u00a1felicidades por partida doble!<\/p>\n<p style=\"text-align: center;\"><a href=\"\/pasarelaurbana\/wp-content\/uploads\/sites\/49\/2014\/04\/78.jpg\"><img loading=\"lazy\" class=\"aligncenter size-full wp-image-6865\" title=\"7\" src=\"\/pasarelaurbana\/wp-content\/uploads\/sites\/49\/2014\/04\/78.jpg\" alt=\"\" width=\"600\" height=\"787\" srcset=\"https:\/\/static-blogs.diariosur.es\/wp-content\/uploads\/sites\/49\/2014\/04\/78.jpg 600w, https:\/\/static-blogs.diariosur.es\/wp-content\/uploads\/sites\/49\/2014\/04\/78-229x300.jpg 229w\" sizes=\"(max-width: 600px) 100vw, 600px\" \/><\/a><\/p>\n<p style=\"text-align: center;\"><a href=\"\/pasarelaurbana\/wp-content\/uploads\/sites\/49\/2014\/04\/87.jpg\"><img loading=\"lazy\" class=\"aligncenter size-full wp-image-6866\" title=\"8\" src=\"\/pasarelaurbana\/wp-content\/uploads\/sites\/49\/2014\/04\/87.jpg\" alt=\"\" width=\"600\" height=\"420\" srcset=\"https:\/\/static-blogs.diariosur.es\/wp-content\/uploads\/sites\/49\/2014\/04\/87.jpg 600w, https:\/\/static-blogs.diariosur.es\/wp-content\/uploads\/sites\/49\/2014\/04\/87-300x210.jpg 300w\" sizes=\"(max-width: 600px) 100vw, 600px\" \/><\/a><\/p>\n<p style=\"text-align: center;\"><a href=\"\/pasarelaurbana\/wp-content\/uploads\/sites\/49\/2014\/04\/96.jpg\"><img loading=\"lazy\" class=\"aligncenter size-full wp-image-6867\" title=\"9\" src=\"\/pasarelaurbana\/wp-content\/uploads\/sites\/49\/2014\/04\/96.jpg\" alt=\"\" width=\"600\" height=\"360\" srcset=\"https:\/\/static-blogs.diariosur.es\/wp-content\/uploads\/sites\/49\/2014\/04\/96.jpg 600w, https:\/\/static-blogs.diariosur.es\/wp-content\/uploads\/sites\/49\/2014\/04\/96-300x180.jpg 300w\" sizes=\"(max-width: 600px) 100vw, 600px\" \/><\/a><\/p>\n<p style=\"text-align: center;\"><a href=\"\/pasarelaurbana\/wp-content\/uploads\/sites\/49\/2014\/04\/1110.jpg\"><img loading=\"lazy\" class=\"aligncenter size-full wp-image-6869\" title=\"11\" src=\"\/pasarelaurbana\/wp-content\/uploads\/sites\/49\/2014\/04\/1110.jpg\" alt=\"\" width=\"600\" height=\"450\" srcset=\"https:\/\/static-blogs.diariosur.es\/wp-content\/uploads\/sites\/49\/2014\/04\/1110.jpg 600w, https:\/\/static-blogs.diariosur.es\/wp-content\/uploads\/sites\/49\/2014\/04\/1110-300x225.jpg 300w\" sizes=\"(max-width: 600px) 100vw, 600px\" \/><\/a><\/p>\n<p style=\"text-align: center;\"><a href=\"\/pasarelaurbana\/wp-content\/uploads\/sites\/49\/2014\/04\/125.jpg\"><img loading=\"lazy\" class=\"aligncenter size-full wp-image-6858\" title=\"12\" src=\"\/pasarelaurbana\/wp-content\/uploads\/sites\/49\/2014\/04\/125.jpg\" alt=\"\" width=\"600\" height=\"450\" srcset=\"https:\/\/static-blogs.diariosur.es\/wp-content\/uploads\/sites\/49\/2014\/04\/125.jpg 600w, https:\/\/static-blogs.diariosur.es\/wp-content\/uploads\/sites\/49\/2014\/04\/125-300x225.jpg 300w\" sizes=\"(max-width: 600px) 100vw, 600px\" \/><\/a><\/p>\n<p style=\"text-align: center;\">Otra de las menciones de la noche recay\u00f3, tambi\u00e9n por m\u00e9ritos propios, en la colecci\u00f3n &#8216;Juernes&#8217; de <strong>Oz\u00fcl<\/strong>. \u00a0Prendas de estampados buc\u00f3licos y campestres mezclados con toques geom\u00e9tricos bajo el concepto &#8216;ready to wear&#8217;, es decir, aptas para usar dede para ir a la oficia como para salir una tarde de ocio. Buenos cortes, interesante y acertada \u00a0combinaci\u00f3n de colores -verdes, azul marino, blanco, camel y agua marina- en una l\u00ednea de la que me pondr\u00eda casi todo.<\/p>\n<p style=\"text-align: center;\">La tercera y \u00faltima menci\u00f3n fue para <strong>Mercedes Sanz<\/strong> y su colecci\u00f3n Perla (qu\u00e9 pena que no tenga foto, me salieron muy muy oscuras). Inspirada en la sencillez y elegancia, Mercedes se defiende de los continuos cambios en el mundo de la moda refugi\u00e1ndose en la atemporalidad de las perlas con creaciones monopolizadas por el color blanco, con cortes rectos, cinturas altas y transparencias. Me pareci\u00f3 muy interesante la incorporaci\u00f3n de estas aplicaciones en bajos de pantalones, turbantes&#8230;<\/p>\n<p style=\"text-align: center;\"><a href=\"\/pasarelaurbana\/wp-content\/uploads\/sites\/49\/2014\/04\/masdos.jpg\"><img loading=\"lazy\" class=\"aligncenter size-full wp-image-6871\" title=\"masdos\" src=\"\/pasarelaurbana\/wp-content\/uploads\/sites\/49\/2014\/04\/masdos.jpg\" alt=\"\" width=\"600\" height=\"400\" srcset=\"https:\/\/static-blogs.diariosur.es\/wp-content\/uploads\/sites\/49\/2014\/04\/masdos.jpg 600w, https:\/\/static-blogs.diariosur.es\/wp-content\/uploads\/sites\/49\/2014\/04\/masdos-300x200.jpg 300w\" sizes=\"(max-width: 600px) 100vw, 600px\" \/><\/a><\/p>\n<p style=\"text-align: center;\"><a href=\"\/pasarelaurbana\/wp-content\/uploads\/sites\/49\/2014\/04\/mas1.jpg\"><img loading=\"lazy\" class=\"aligncenter size-full wp-image-6872\" title=\"mas1\" src=\"\/pasarelaurbana\/wp-content\/uploads\/sites\/49\/2014\/04\/mas1.jpg\" alt=\"\" width=\"600\" height=\"400\" srcset=\"https:\/\/static-blogs.diariosur.es\/wp-content\/uploads\/sites\/49\/2014\/04\/mas1.jpg 600w, https:\/\/static-blogs.diariosur.es\/wp-content\/uploads\/sites\/49\/2014\/04\/mas1-300x200.jpg 300w\" sizes=\"(max-width: 600px) 100vw, 600px\" \/><\/a><\/p>\n<p style=\"text-align: center;\">Sobre estas l\u00edneas una foto de ambiente y de la mesa del jurado, de la que tuve el honor de formar parte. \u00a1Una gran experiencia!<\/p>\n<p style=\"text-align: center;\">Pod\u00e9is ver m\u00e1s fotos de los desfiles en SUR.es:<\/p>\n<p style=\"text-align: center;\">http:\/\/www.diariosur.es\/multimedia\/fotos\/malaga\/20140425\/comienza-fiesta-moda-malagacrea-308702702516-mm.html<\/p>\n<p style=\"text-align: center;\">http:\/\/www.diariosur.es\/multimedia\/fotos\/malaga\/20140426\/sido-clausura-concurso-moda-308728435069-mm.html<\/p>\n<p style=\"text-align: right;\">\u00a0Espero que os haya gustado, \u00a1hasta ma\u00f1ana!<\/p>\n","protected":false},"excerpt":{"rendered":"<p>\u00a1Buenas! Ayer me tom\u00e9 el d\u00eda para recargas las pilas despu\u00e9s de un fin de semana de trabajo bastante agotador, porque adem\u00e1s de estar en el peri\u00f3dico como sab\u00e9is los que me segu\u00eds por redes sociales (@almunogues, en Twitter, y almudena30 en Instagram) el viernes y s\u00e1bado noche form\u00e9 parte del jurado del certamen M\u00e1lagaCrea [&hellip;]<\/p>\n","protected":false},"author":54,"featured_media":0,"comment_status":"open","ping_status":"open","sticky":false,"template":"","format":"standard","meta":[],"categories":[2],"tags":[],"_links":{"self":[{"href":"https:\/\/blogs.diariosur.es\/pasarelaurbana\/wp-json\/wp\/v2\/posts\/6857"}],"collection":[{"href":"https:\/\/blogs.diariosur.es\/pasarelaurbana\/wp-json\/wp\/v2\/posts"}],"about":[{"href":"https:\/\/blogs.diariosur.es\/pasarelaurbana\/wp-json\/wp\/v2\/types\/post"}],"author":[{"embeddable":true,"href":"https:\/\/blogs.diariosur.es\/pasarelaurbana\/wp-json\/wp\/v2\/users\/54"}],"replies":[{"embeddable":true,"href":"https:\/\/blogs.diariosur.es\/pasarelaurbana\/wp-json\/wp\/v2\/comments?post=6857"}],"version-history":[{"count":0,"href":"https:\/\/blogs.diariosur.es\/pasarelaurbana\/wp-json\/wp\/v2\/posts\/6857\/revisions"}],"wp:attachment":[{"href":"https:\/\/blogs.diariosur.es\/pasarelaurbana\/wp-json\/wp\/v2\/media?parent=6857"}],"wp:term":[{"taxonomy":"category","embeddable":true,"href":"https:\/\/blogs.diariosur.es\/pasarelaurbana\/wp-json\/wp\/v2\/categories?post=6857"},{"taxonomy":"post_tag","embeddable":true,"href":"https:\/\/blogs.diariosur.es\/pasarelaurbana\/wp-json\/wp\/v2\/tags?post=6857"}],"curies":[{"name":"wp","href":"https:\/\/api.w.org\/{rel}","templated":true}]}}