{"id":6883,"date":"2014-05-03T09:34:00","date_gmt":"2014-05-03T07:34:00","guid":{"rendered":"http:\/\/blogs.diariosur.es\/pasarelaurbana\/?p=6883"},"modified":"2014-05-03T09:34:00","modified_gmt":"2014-05-03T07:34:00","slug":"estampados-de-moda","status":"publish","type":"post","link":"https:\/\/blogs.diariosur.es\/pasarelaurbana\/2014\/05\/03\/estampados-de-moda\/","title":{"rendered":"Estampados de moda"},"content":{"rendered":"<p style=\"text-align: center;\">El calor aprieta y toca ir pensando en hacer el tedioso cambio de armario. Aparcar los tonos grises y los estampados m\u00e1s fr\u00edos y sobrios para conceder una licencia al color y a los prints m\u00e1s alegres, divertidos y desenfadados. Esta temporada regresan grandes cl\u00e1sicos, como los lunares o las rayas marineras -que reivindican de nuevo el estilo \u2018navy\u2019 como uno de los imprescindibles de la primavera- y vuelven a imponerse tejidos atemporales, que se mantienen estaci\u00f3n tras estaci\u00f3n, como es el caso de los de inspiraci\u00f3n \u00e9tnica. Este tipo de estampados, que sigue siendo uno de los reyes imbatibles del \u2018street style\u2019, es de hecho uno de los preferidos por los asistentes a festivales de m\u00fasica, en pleno apogeo estos d\u00edas. \u00bfEl manual para lucirlo en clave boho chic? Se lleva en formato kimono, con shorts rotos, bandoleras de flecos, botines de ante y diademas de flores en el pelo al puro estilo Frida Kahlo.<br \/>\nOtro print que triunfa: el arty.  Esta primavera las firmas nos invitan a desplegar nuestra creatividad y a sacar nuestra vena m\u00e1s art\u00edstica. Camisetas, pantalones, sudaderas, zapatos o bolsos se ti\u00f1en de coloridas pinceladas abstractas que nos transportan a museos de arte contempor\u00e1neo. Karl Lagerfeld es uno de los culpables de que los brochazos se hayan convertido en \u2018must have\u2019 con el benepl\u00e1cito de C\u00e9line y Prada, que tambi\u00e9n se han rendido a este estampado.<br \/>\nY de galer\u00edas de arte&#8230;a ex\u00f3ticas playas rodeadas de palmeras, de suculentas pi\u00f1as reci\u00e9n cogidas y de alegres loros de llamativo plumaje. Verdes, amarillos, turquesas y coral se funden en la paleta para te\u00f1ir otro de los \u2018print\u2019 m\u00e1s trendy del momento: el tropical, omnipresente en todas las tiendas \u2018low cost\u2019. Tejidos alegres que favorecen y rejuvenecen, igual que ocurre con el de los besos, rescatado por Saint Laurent y copiado tambi\u00e9n hasta la saciedad. Eso s\u00ed, solo es apto para las m\u00e1s atrevidas.<\/p>\n<p style=\"text-align: center;\"><a href=\"\/pasarelaurbana\/wp-content\/uploads\/sites\/49\"><img loading=\"lazy\" class=\"aligncenter size-full wp-image-6885\" title=\"1\" src=\"\/pasarelaurbana\/wp-content\/uploads\/sites\/49\" alt=\"\" width=\"600\" height=\"800\" \/><\/a><\/p>\n<p style=\"text-align: center;\"><!--more--><\/p>\n<p style=\"text-align: center;\"><a href=\"\/pasarelaurbana\/wp-content\/uploads\/sites\/49\"><img loading=\"lazy\" class=\"aligncenter size-full wp-image-6888\" title=\"4\" src=\"\/pasarelaurbana\/wp-content\/uploads\/sites\/49\" alt=\"\" width=\"600\" height=\"800\" \/><\/a><\/p>\n<p style=\"text-align: center;\"><a href=\"\/pasarelaurbana\/wp-content\/uploads\/sites\/49\"><img loading=\"lazy\" class=\"aligncenter size-full wp-image-6886\" title=\"2\" src=\"\/pasarelaurbana\/wp-content\/uploads\/sites\/49\" alt=\"\" width=\"600\" height=\"800\" \/><\/a><\/p>\n<p style=\"text-align: center;\"><a href=\"\/pasarelaurbana\/wp-content\/uploads\/sites\/49\"><img loading=\"lazy\" class=\"aligncenter size-full wp-image-6887\" title=\"3\" src=\"\/pasarelaurbana\/wp-content\/uploads\/sites\/49\" alt=\"\" width=\"600\" height=\"800\" \/><\/a><\/p>\n<p style=\"text-align: center;\"><strong>Estefan\u00eda Tavera<\/strong>. Dise\u00f1adora. 41 a\u00f1os<\/p>\n<p style=\"text-align: center;\"><span style=\"text-decoration: underline;\">Una temporada cargada de besos: solo para atrevidas<\/span><br \/>\nDesde que Hedi Slimane incluy\u00f3 labios rojos entre los estampados de la \u00faltima colecci\u00f3n de Saint Laurent, los besos se han convertido en uno de los \u2018prints\u2019 estrella. Rara es la firma \u2018low cost\u2019 que no lo haya incorporado a sus propuestas de primavera\/verano en alguna de sus prendas. Estefan\u00eda Tavera es una de las fashionistas que se ha rendido a los besos, hasta el punto de lucirlos en un \u2018total look\u2019 solo apto para las m\u00e1s atrevidas. \u00abEntiendo la moda como una diversi\u00f3n, de ah\u00ed que me guste mucho este estampado\u00bb, nos confes\u00f3 el pasado viernes cuando nos la encontramos en los desfiles del M\u00e1laga Crea. Nos gust\u00f3 su bolso saco, con detalles en amarillo fl\u00faor dise\u00f1ado por ella misma.<\/p>\n<p style=\"text-align: center;\">Sudadera y  falda l\u00e1piz: H&#038;M.  <\/p>\n<p style=\"text-align: center;\">Zapatos: Mango.<\/p>\n<p style=\"text-align: center;\">Bolso saco: Dise\u00f1ado por ella misma.<\/p>\n<p style=\"text-align: center;\"><a href=\"\/pasarelaurbana\/wp-content\/uploads\/sites\/49\"><img loading=\"lazy\" class=\"aligncenter size-full wp-image-6889\" title=\"5\" src=\"\/pasarelaurbana\/wp-content\/uploads\/sites\/49\" alt=\"\" width=\"600\" height=\"800\" \/><\/a><\/p>\n<p style=\"text-align: center;\"><a href=\"\/pasarelaurbana\/wp-content\/uploads\/sites\/49\"><img loading=\"lazy\" class=\"aligncenter size-full wp-image-6890\" title=\"6\" src=\"\/pasarelaurbana\/wp-content\/uploads\/sites\/49\" alt=\"\" width=\"600\" height=\"800\" \/><\/a><\/p>\n<p style=\"text-align: center;\"><a href=\"\/pasarelaurbana\/wp-content\/uploads\/sites\/49\"><img loading=\"lazy\" class=\"aligncenter size-full wp-image-6891\" title=\"7\" src=\"\/pasarelaurbana\/wp-content\/uploads\/sites\/49\" alt=\"\" width=\"600\" height=\"800\" \/><\/a><\/p>\n<p style=\"text-align: center;\"><a href=\"\/pasarelaurbana\/wp-content\/uploads\/sites\/49\"><img loading=\"lazy\" class=\"aligncenter size-full wp-image-6892\" title=\"8\" src=\"\/pasarelaurbana\/wp-content\/uploads\/sites\/49\" alt=\"\" width=\"600\" height=\"800\" \/><\/a><\/p>\n<p style=\"text-align: center;\"><strong>Antonio Doblas<\/strong>. Azafato de vuelo. 20 a\u00f1os<\/p>\n<p style=\"text-align: center;\"><span style=\"text-decoration: underline;\">Una chaqueta \u00e9tnica para realzar un total look negro b\u00e1sico<\/span><br \/>\nHay prendas que visten por s\u00ed solas. Y la chaqueta tipo kimono de estampado \u00e9tnico que luce Antonio Doblas es una de ellas. Este joven de 20 a\u00f1os, azafato de vuelo, la eligi\u00f3 para acudir el pasado viernes a los desfiles del M\u00e1laga Crea en Plaza Mayor. Como la chaqueta ya ten\u00eda suficiente protagonismo, opt\u00f3 con acierto por completar el estilismo-un total look negro- con prendas b\u00e1sicas: camiseta de algod\u00f3n y pantalones tobilleros. Unos zapatos en color crema pusieron la guinda.<\/p>\n<p style=\"text-align: center;\">Camiseta, pantalones, chaqueta \u00e9tnica tipo kimono y zapatos: Todo de Zara.<\/p>\n<p style=\"text-align: center;\"> Bolso: Imitaci\u00f3n Chanel.<\/p>\n<p style=\"text-align: center;\"><a href=\"\/pasarelaurbana\/wp-content\/uploads\/sites\/49\"><img loading=\"lazy\" class=\"aligncenter size-full wp-image-6893\" title=\"9\" src=\"\/pasarelaurbana\/wp-content\/uploads\/sites\/49\" alt=\"\" width=\"600\" height=\"800\" \/><\/a><\/p>\n<p style=\"text-align: center;\"><a href=\"\/pasarelaurbana\/wp-content\/uploads\/sites\/49\/2014\/05\/10.jpg\"><img loading=\"lazy\" class=\"aligncenter size-full wp-image-6894\" title=\"10\" src=\"\/pasarelaurbana\/wp-content\/uploads\/sites\/49\/2014\/05\/10.jpg\" alt=\"\" width=\"600\" height=\"800\" srcset=\"https:\/\/static-blogs.diariosur.es\/wp-content\/uploads\/sites\/49\/2014\/05\/10.jpg 600w, https:\/\/static-blogs.diariosur.es\/wp-content\/uploads\/sites\/49\/2014\/05\/10-225x300.jpg 225w\" sizes=\"(max-width: 600px) 100vw, 600px\" \/><\/a><\/p>\n<p style=\"text-align: center;\"><a href=\"\/pasarelaurbana\/wp-content\/uploads\/sites\/49\/2014\/05\/12.jpg\"><img loading=\"lazy\" class=\"aligncenter size-full wp-image-6895\" title=\"12\" src=\"\/pasarelaurbana\/wp-content\/uploads\/sites\/49\/2014\/05\/12.jpg\" alt=\"\" width=\"600\" height=\"800\" srcset=\"https:\/\/static-blogs.diariosur.es\/wp-content\/uploads\/sites\/49\/2014\/05\/12.jpg 600w, https:\/\/static-blogs.diariosur.es\/wp-content\/uploads\/sites\/49\/2014\/05\/12-225x300.jpg 225w\" sizes=\"(max-width: 600px) 100vw, 600px\" \/><\/a><\/p>\n<p style=\"text-align: center;\"><a href=\"\/pasarelaurbana\/wp-content\/uploads\/sites\/49\/2014\/05\/13.jpg\"><img loading=\"lazy\" class=\"aligncenter size-full wp-image-6896\" title=\"13\" src=\"\/pasarelaurbana\/wp-content\/uploads\/sites\/49\/2014\/05\/13.jpg\" alt=\"\" width=\"600\" height=\"450\" srcset=\"https:\/\/static-blogs.diariosur.es\/wp-content\/uploads\/sites\/49\/2014\/05\/13.jpg 600w, https:\/\/static-blogs.diariosur.es\/wp-content\/uploads\/sites\/49\/2014\/05\/13-300x225.jpg 300w\" sizes=\"(max-width: 600px) 100vw, 600px\" \/><\/a><\/p>\n<p style=\"text-align: center;\"><strong>Mar\u00eda Garc\u00eda Torres.<\/strong> Empresaria. 28 a\u00f1os<\/p>\n<p style=\"text-align: center;\"><span style=\"text-decoration: underline;\">Los tonos fl\u00faor, buenos aliados del tejido \u2018denim\u2019<\/span><br \/>\nSon favorecedores, alegres y juveniles. Quiz\u00e1s por eso, en cuanto el mercurio escala por los term\u00f3metros los tonos m\u00e1s \u00e1cidos regresan a la paleta dispuestos a animar el \u2018street style\u2019. Mar\u00eda Garc\u00eda Torres, una empresaria malague\u00f1a de 28 a\u00f1os, recurre a ellos en un estilismo de diario que realza con un jersey de hilo de Stradivarius en un llamativo rosa. Completa su \u2018outfit\u2019, muy casual, con biker vaquera de Zara (muy vers\u00e1til), falda larga de algod\u00f3n en gris y deportivas con ligera plataforma.<\/p>\n<p style=\"text-align: center;\">Jersey fl\u00faor y falda: Stradivarius.<\/p>\n<p style=\"text-align: center;\">Chaqueta y collar: Zara<\/p>\n<p style=\"text-align: center;\">Deportivas: Pull&#038;Bear.<\/p>\n<p style=\"text-align: center;\"><a href=\"\/pasarelaurbana\/wp-content\/uploads\/sites\/49\/2014\/05\/17.jpg\"><img loading=\"lazy\" class=\"aligncenter size-full wp-image-6884\" title=\"17\" src=\"\/pasarelaurbana\/wp-content\/uploads\/sites\/49\/2014\/05\/17.jpg\" alt=\"\" width=\"600\" height=\"901\" srcset=\"https:\/\/static-blogs.diariosur.es\/wp-content\/uploads\/sites\/49\/2014\/05\/17.jpg 600w, https:\/\/static-blogs.diariosur.es\/wp-content\/uploads\/sites\/49\/2014\/05\/17-200x300.jpg 200w\" sizes=\"(max-width: 600px) 100vw, 600px\" \/><\/a><\/p>\n<p style=\"text-align: center;\"><a href=\"\/pasarelaurbana\/wp-content\/uploads\/sites\/49\/2014\/05\/18.jpg\"><img loading=\"lazy\" class=\"aligncenter size-full wp-image-6898\" title=\"18\" src=\"\/pasarelaurbana\/wp-content\/uploads\/sites\/49\/2014\/05\/18.jpg\" alt=\"\" width=\"600\" height=\"400\" srcset=\"https:\/\/static-blogs.diariosur.es\/wp-content\/uploads\/sites\/49\/2014\/05\/18.jpg 600w, https:\/\/static-blogs.diariosur.es\/wp-content\/uploads\/sites\/49\/2014\/05\/18-300x200.jpg 300w\" sizes=\"(max-width: 600px) 100vw, 600px\" \/><\/a><\/p>\n<p style=\"text-align: center;\"><a href=\"\/pasarelaurbana\/wp-content\/uploads\/sites\/49\/2014\/05\/19.jpg\"><img loading=\"lazy\" class=\"aligncenter size-full wp-image-6899\" title=\"19\" src=\"\/pasarelaurbana\/wp-content\/uploads\/sites\/49\/2014\/05\/19.jpg\" alt=\"\" width=\"600\" height=\"400\" srcset=\"https:\/\/static-blogs.diariosur.es\/wp-content\/uploads\/sites\/49\/2014\/05\/19.jpg 600w, https:\/\/static-blogs.diariosur.es\/wp-content\/uploads\/sites\/49\/2014\/05\/19-300x200.jpg 300w\" sizes=\"(max-width: 600px) 100vw, 600px\" \/><\/a><\/p>\n<p style=\"text-align: center;\"><a href=\"\/pasarelaurbana\/wp-content\/uploads\/sites\/49\/2014\/05\/20.jpg\"><img loading=\"lazy\" class=\"aligncenter size-full wp-image-6897\" title=\"20\" src=\"\/pasarelaurbana\/wp-content\/uploads\/sites\/49\/2014\/05\/20.jpg\" alt=\"\" width=\"600\" height=\"400\" srcset=\"https:\/\/static-blogs.diariosur.es\/wp-content\/uploads\/sites\/49\/2014\/05\/20.jpg 600w, https:\/\/static-blogs.diariosur.es\/wp-content\/uploads\/sites\/49\/2014\/05\/20-300x200.jpg 300w\" sizes=\"(max-width: 600px) 100vw, 600px\" \/><\/a><\/p>\n<p style=\"text-align: center;\"><strong>Gabriela Merino<\/strong>. Graduada en Turismo y editora del blog que lleva su nombre. 23 a\u00f1os<\/p>\n<p style=\"text-align: center;\"><span style=\"text-decoration: underline;\">El \u2018art print\u2019, imprescindible esta primavera<\/span><br \/>\nEl denominado \u2018art print\u2019 -estampados que parecen sacados de obras de arte- es una de las principales tendencias de esta temporada. Camisetas, pantalones, sudaderas, zapatos o bolsos se ti\u00f1en de coloridas pinceladas abstractas que nos transportan a museos de arte contempor\u00e1neo. Karl Lagerfeld es uno de los culpables de que los brochazos se cuelen en nuestros armarios. Gabriela Merino se rinde a esta moda con un look juvenil, informal y casual perfecto para el d\u00eda. Esta joven malague\u00f1a de 23 a\u00f1os, graduada en Turismo y editora del blog que lleva su nombre, centra su look en una llamativa sudadera de Zara en unos favorecedores tonos rosas y azules. \u00abEn cuanto la vi supe que ten\u00eda que ser para mi, es s\u00faper c\u00f3moda y tiene unos colores muy vivos\u00bb, nos confes\u00f3. Nos gusta c\u00f3mo la combina con pantalones \u2018boyfriend\u2019 de efecto roto \u2013 \u00abson geniales y a mi parecer quedan fenomenal tanto con bailarinas\/mocasines como con tac\u00f3n\u00bb, a\u00f1ade. \u00bfEl resultado? Un \u2018outfit\u2019 sencillo a la par que estiloso con m\u00faltiples posibilidades. Con falda l\u00e1piz, collar joya XL y clutch se transformar\u00eda en un look de  noche.<\/p>\n<p style=\"text-align: center;\">Sudadera, vaqueros \u2018boyfriend\u2019 y tacones: Zara.  <\/p>\n<p style=\"text-align: center;\">Bolso: La Azalea.<\/p>\n<p style=\"text-align: center;\">\u00a1Espero que os haya gustado! \u00a1Feliz fin de semana!<\/p>\n<p style=\"text-align: center;\">@almunogues (Twitter) @almudena30 (instagram)<\/p>\n","protected":false},"excerpt":{"rendered":"<p>El calor aprieta y toca ir pensando en hacer el tedioso cambio de armario. Aparcar los tonos grises y los estampados m\u00e1s fr\u00edos y sobrios para conceder una licencia al color y a los prints m\u00e1s alegres, divertidos y desenfadados. Esta temporada regresan grandes cl\u00e1sicos, como los lunares o las rayas marineras -que reivindican de [&hellip;]<\/p>\n","protected":false},"author":54,"featured_media":0,"comment_status":"open","ping_status":"open","sticky":false,"template":"","format":"standard","meta":[],"categories":[2],"tags":[],"_links":{"self":[{"href":"https:\/\/blogs.diariosur.es\/pasarelaurbana\/wp-json\/wp\/v2\/posts\/6883"}],"collection":[{"href":"https:\/\/blogs.diariosur.es\/pasarelaurbana\/wp-json\/wp\/v2\/posts"}],"about":[{"href":"https:\/\/blogs.diariosur.es\/pasarelaurbana\/wp-json\/wp\/v2\/types\/post"}],"author":[{"embeddable":true,"href":"https:\/\/blogs.diariosur.es\/pasarelaurbana\/wp-json\/wp\/v2\/users\/54"}],"replies":[{"embeddable":true,"href":"https:\/\/blogs.diariosur.es\/pasarelaurbana\/wp-json\/wp\/v2\/comments?post=6883"}],"version-history":[{"count":0,"href":"https:\/\/blogs.diariosur.es\/pasarelaurbana\/wp-json\/wp\/v2\/posts\/6883\/revisions"}],"wp:attachment":[{"href":"https:\/\/blogs.diariosur.es\/pasarelaurbana\/wp-json\/wp\/v2\/media?parent=6883"}],"wp:term":[{"taxonomy":"category","embeddable":true,"href":"https:\/\/blogs.diariosur.es\/pasarelaurbana\/wp-json\/wp\/v2\/categories?post=6883"},{"taxonomy":"post_tag","embeddable":true,"href":"https:\/\/blogs.diariosur.es\/pasarelaurbana\/wp-json\/wp\/v2\/tags?post=6883"}],"curies":[{"name":"wp","href":"https:\/\/api.w.org\/{rel}","templated":true}]}}