{"id":6960,"date":"2014-05-09T11:18:26","date_gmt":"2014-05-09T09:18:26","guid":{"rendered":"http:\/\/blogs.diariosur.es\/pasarelaurbana\/?p=6960"},"modified":"2014-05-09T11:18:26","modified_gmt":"2014-05-09T09:18:26","slug":"100-domingos-fichando-los-estilismos-de-la-gente-de-malaga","status":"publish","type":"post","link":"https:\/\/blogs.diariosur.es\/pasarelaurbana\/2014\/05\/09\/100-domingos-fichando-los-estilismos-de-la-gente-de-malaga\/","title":{"rendered":"100 domingos fichando los estilismos de la Gente de M\u00e1laga"},"content":{"rendered":"<p style=\"text-align: center;\">Nunca he sido demasiado observadora. Es m\u00e1s, suelo ir muy a lo mio pensando en mis cosas y, entre eso y que cuando no llevo puestas las gafas veo poco, lo cierto es que se podr\u00eda decir que soy m\u00e1s bien despistada. Bueno, era. Y hablo en pasado porque hace dos a\u00f1os que cambi\u00f3 mi forma de andar por la calle. S\u00ed, tal cual. Pas\u00e9 de ir absorta, repasando mis tareas pendientes, nuevas ideas de reportajes o la lista de art\u00edculos que ten\u00eda que reponer en el supermercado a hacer el repaso de arriba abajo a todo aquel que se cruzara en mi camino. Corr\u00eda el mes de marzo de 2012. Se me acababa la baja maternal y tocaba volver a mi segunda casa, SUR, cuando recib\u00ed un encargo apasionante: lanzar un nuevo blog de moda abanderado por el peri\u00f3dico para recoger el mejor street style visto en las calles de M\u00e1laga. \u00a1Casi nada! &#8220;La idea es ir a calle Larios, parar a aquellas personas que te gusten para que te digan de d\u00f3nde son las prendas y hacerles distintas fotos. Tu tienes buen ojo, eres la persona m\u00e1s adecuada&#8221;, me espetaron. \u00bfLo primero que pens\u00e9?: \u00a1Qu\u00e9 dif\u00edcil! La gente no va a querer, le va a dar fatiga. Por suerte, me equivoqu\u00e9. Desde aquella primera sesi\u00f3n, en la que sal\u00ed dispuesta a fichar las nuevas tendencias de una primavera reci\u00e9n estrenada, me sorprendi\u00f3 la amabilidad de la gente y su predisposici\u00f3n a participar en nuestra &#8216;Pasarela urbana&#8217;. Una pasarela que, como os comentaba en el arranque de este post, no solo ha cambiado por completo mi forma de pasear (ahora ya, por defecto profesional voy pendiente de los estilismos de todo aquel que se cruce en mi campo de visi\u00f3n, con la indiscreci\u00f3n por bandera -cualquier d\u00eda me sueltan eso de : y t\u00fa qu\u00e9 miras jejeje) sino que <strong>me ha regalado algunos de los mejores momentos de mi carrera <\/strong>profesional, marcada desde hace 100 domingos por un suplemento, el Gente de M\u00e1laga, que esta semana est\u00e1 de cumplea\u00f1os. Esta magn\u00edfica <strong>publicaci\u00f3n, especializada en cr\u00f3nicas sociales, moda, decoraci\u00f3n y tendencias<\/strong>, acoge desde su nacimiento los mejores looks que han desfilado por este blog. Cien n\u00fameros, con sus cien p\u00e1ginas de moda, que han sido posibles gracias al trabajo incansable y a la entrega de mi compa\u00f1era <strong>Lorena Codes, <\/strong>gran amiga y coordinadora del suplemento a la que quiero dar desde aqu\u00ed la enhorabuena. Un honor formar parte junto a ella de este precioso proyecto que, como me hab\u00e9is trasladado tant\u00edsimas veces a pie de calle, es una de vuestras lecturas obligadas de los domingos. \u00a1Y qu\u00e9 dure! \u00a0Para celebrarlo, esta semana en SUR soplamos las velas de una tarta muy especial (la que veis en la foto, obra de la genial Marta Pino) y<strong> quer\u00eda aprovechar la ocasi\u00f3n para daros las gracias por lo que me toca. <\/strong>Gracias a tant\u00edsimos malague\u00f1os que hab\u00e9is accedido a compartir vuestros &#8216;outfits&#8217; con nosotros en estas 100 semanas. Gracias a tantos personajes reconocidos de nuestra M\u00e1laga que nos han abierto las puertas de su armario. Para una servidora ha sido una experiencia s\u00faper gratificante, de la que me llevo la satisfacci\u00f3n de haber conocido a grandes personas (muchas de las cuales ya considero amig@s) y la felicidad que da el haber convertido una pasi\u00f3n personal en parte de mi trabajo, lo cual -no me canso de repetirlo- es un privilegio enorme. Lo dicho, gracias, gracias y m\u00e1s gracias&#8230;\u00a1Y a por los 200! Este domingo, os volvemos a esperar en los quioscos y dentro de una semana lo celebraremos con una edici\u00f3n muy especial digna de coleccionar. \u00a1GRACIAS!<\/p>\n<p><a href=\"\/pasarelaurbana\/wp-content\/uploads\/sites\/49\/2014\/05\/genteok.jpg\"><img loading=\"lazy\" class=\"aligncenter size-full wp-image-6968\" title=\"genteok\" src=\"\/pasarelaurbana\/wp-content\/uploads\/sites\/49\/2014\/05\/genteok.jpg\" alt=\"\" width=\"600\" height=\"450\" srcset=\"https:\/\/static-blogs.diariosur.es\/wp-content\/uploads\/sites\/49\/2014\/05\/genteok.jpg 600w, https:\/\/static-blogs.diariosur.es\/wp-content\/uploads\/sites\/49\/2014\/05\/genteok-300x225.jpg 300w\" sizes=\"(max-width: 600px) 100vw, 600px\" \/><\/a><\/p>\n<p><!--more--><\/p>\n<p style=\"text-align: center;\">Y como estoy nost\u00e1lgica, <strong>he rescatado los primeros looks que desfilaron por esta pasarela urbana aquel 23 de marzo de 2012.<\/strong> Como v\u00e9is, han pasado dos a\u00f1os pero las tendencias siguen siendo las mismas: rayas, prendas bicolor, inspiraci\u00f3n \u00e9tnica, abrigos en tonos pasteles para la transici\u00f3n hacia el verano&#8230;<\/p>\n<p><a href=\"\/pasarelaurbana\/wp-content\/uploads\/sites\/49\/2014\/05\/moda4.jpg\"><img loading=\"lazy\" class=\"aligncenter size-full wp-image-6965\" title=\"moda4\" src=\"\/pasarelaurbana\/wp-content\/uploads\/sites\/49\/2014\/05\/moda4.jpg\" alt=\"\" width=\"600\" height=\"900\" srcset=\"https:\/\/static-blogs.diariosur.es\/wp-content\/uploads\/sites\/49\/2014\/05\/moda4.jpg 600w, https:\/\/static-blogs.diariosur.es\/wp-content\/uploads\/sites\/49\/2014\/05\/moda4-200x300.jpg 200w\" sizes=\"(max-width: 600px) 100vw, 600px\" \/><\/a><\/p>\n<p><a href=\"\/pasarelaurbana\/wp-content\/uploads\/sites\/49\/2014\/05\/moda9.jpg\"><img loading=\"lazy\" class=\"aligncenter size-full wp-image-6967\" title=\"moda9\" src=\"\/pasarelaurbana\/wp-content\/uploads\/sites\/49\/2014\/05\/moda9.jpg\" alt=\"\" width=\"600\" height=\"900\" srcset=\"https:\/\/static-blogs.diariosur.es\/wp-content\/uploads\/sites\/49\/2014\/05\/moda9.jpg 600w, https:\/\/static-blogs.diariosur.es\/wp-content\/uploads\/sites\/49\/2014\/05\/moda9-200x300.jpg 200w\" sizes=\"(max-width: 600px) 100vw, 600px\" \/><\/a><\/p>\n<p style=\"text-align: center;\"><a href=\"\/pasarelaurbana\/wp-content\/uploads\/sites\/49\/2014\/05\/moda17.jpg\"><img loading=\"lazy\" class=\"aligncenter size-full wp-image-6961\" title=\"moda17\" src=\"\/pasarelaurbana\/wp-content\/uploads\/sites\/49\/2014\/05\/moda17.jpg\" alt=\"\" width=\"600\" height=\"900\" srcset=\"https:\/\/static-blogs.diariosur.es\/wp-content\/uploads\/sites\/49\/2014\/05\/moda17.jpg 600w, https:\/\/static-blogs.diariosur.es\/wp-content\/uploads\/sites\/49\/2014\/05\/moda17-200x300.jpg 200w\" sizes=\"(max-width: 600px) 100vw, 600px\" \/><\/a><\/p>\n<p style=\"text-align: center;\">Y recordad: ma\u00f1ana un nuevo especial &#8216;street style&#8217; en SUR.es \u00a1Os espero!<\/p>\n","protected":false},"excerpt":{"rendered":"<p>Nunca he sido demasiado observadora. Es m\u00e1s, suelo ir muy a lo mio pensando en mis cosas y, entre eso y que cuando no llevo puestas las gafas veo poco, lo cierto es que se podr\u00eda decir que soy m\u00e1s bien despistada. Bueno, era. Y hablo en pasado porque hace dos a\u00f1os que cambi\u00f3 mi [&hellip;]<\/p>\n","protected":false},"author":54,"featured_media":0,"comment_status":"open","ping_status":"open","sticky":false,"template":"","format":"standard","meta":[],"categories":[2],"tags":[],"_links":{"self":[{"href":"https:\/\/blogs.diariosur.es\/pasarelaurbana\/wp-json\/wp\/v2\/posts\/6960"}],"collection":[{"href":"https:\/\/blogs.diariosur.es\/pasarelaurbana\/wp-json\/wp\/v2\/posts"}],"about":[{"href":"https:\/\/blogs.diariosur.es\/pasarelaurbana\/wp-json\/wp\/v2\/types\/post"}],"author":[{"embeddable":true,"href":"https:\/\/blogs.diariosur.es\/pasarelaurbana\/wp-json\/wp\/v2\/users\/54"}],"replies":[{"embeddable":true,"href":"https:\/\/blogs.diariosur.es\/pasarelaurbana\/wp-json\/wp\/v2\/comments?post=6960"}],"version-history":[{"count":0,"href":"https:\/\/blogs.diariosur.es\/pasarelaurbana\/wp-json\/wp\/v2\/posts\/6960\/revisions"}],"wp:attachment":[{"href":"https:\/\/blogs.diariosur.es\/pasarelaurbana\/wp-json\/wp\/v2\/media?parent=6960"}],"wp:term":[{"taxonomy":"category","embeddable":true,"href":"https:\/\/blogs.diariosur.es\/pasarelaurbana\/wp-json\/wp\/v2\/categories?post=6960"},{"taxonomy":"post_tag","embeddable":true,"href":"https:\/\/blogs.diariosur.es\/pasarelaurbana\/wp-json\/wp\/v2\/tags?post=6960"}],"curies":[{"name":"wp","href":"https:\/\/api.w.org\/{rel}","templated":true}]}}