{"id":6993,"date":"2014-05-12T16:04:34","date_gmt":"2014-05-12T14:04:34","guid":{"rendered":"http:\/\/blogs.diariosur.es\/pasarelaurbana\/?p=6993"},"modified":"2014-05-12T16:04:34","modified_gmt":"2014-05-12T14:04:34","slug":"del-arranque-de-la-plaza-mayor-fashion-week-a-la-noche-en-blanco","status":"publish","type":"post","link":"https:\/\/blogs.diariosur.es\/pasarelaurbana\/2014\/05\/12\/del-arranque-de-la-plaza-mayor-fashion-week-a-la-noche-en-blanco\/","title":{"rendered":"Del arranque de la Plaza Mayor Fashion Week a la Noche en Blanco"},"content":{"rendered":"<p style=\"text-align: center;\">\u00a1Feliz lunes! \u00bfQu\u00e9 tal hab\u00e9is pasado el fin de semana? En mi caso, he tenido una agenda intensa, que se ha repartido entre disfrutar del peque, ir a la playa, poner la casa al d\u00eda y asistir a dos eventos marcados en rojo en mi calendario. El primero de ellos tuvo lugar el pasado viernes. Como ya es tradici\u00f3n, el centro de ocio Plaza Mayor se visti\u00f3 con sus mejores galas para acoger una nueva edici\u00f3n de su Fashion Week. Una cita que se ha colado entre las imprescindibles de la moda en M\u00e1laga y que este a\u00f1o cont\u00f3 en su inauguraci\u00f3n con la presencia del dise\u00f1ador malague\u00f1o <strong>Miguel \u00c1ngel Ruiz<\/strong> y de la la modista marroqu\u00ed <strong>Amina El Allam<\/strong>. Ambos subieron a pasarela un avance de sus nuevas colecciones. Del primero me gustaron sus voluminosas\u00a0 siluetas, la ca\u00edda de sus tejidos, las cuidadas transparencias que introdujo en algunos modelos y sus cortes asim\u00e9tricos. Trajes de fiesta hiperfemeninos y delicados con la elegancia por bandera. Amina El Allam, que particip\u00f3 en su propio desfile como modelo, sorprendi\u00f3 por su parte con unas imponentes t\u00fanicas con exquisitos bordados, alegres colores y sugerentes efectos como el tie-dye introducido en varios de sus modelos de los que me quedo sin duda con sus preciosos fajines de pedrer\u00eda.<\/p>\n<div>\n<div id=\"noticia-pestanas\">\n<div id=\"ccronica\">\n<div style=\"text-align: center;\">\n<p style=\"text-align: center;\">Una vez inaugurado el evento, los actos de la Plaza Mayor Fashion Week\u00a0 se suceder\u00e1n <strong>hasta el pr\u00f3ximo 24 de mayo<\/strong>\u00a0con un sinf\u00edn de actividades. Entre las m\u00e1s populares se encuentra el servicio que se ha convertido ya en uno de los cl\u00e1sicos de esta cita: las asesor\u00edas con <strong>&#8216;personal shopper&#8217;<\/strong> en las que un experto en moda de forma gratuita y mediante cita previa aconseja a los clientes sobre c\u00f3mo mejorar su forma de vestir seg\u00fan sus gustos o su f\u00edsico y, posteriormente, seg\u00fan un presupuesto establecido por el asesorado, le acompa\u00f1a por las diversas tiendas ayud\u00e1ndole a elegir las prendas de ropa que &#8220;mejor le sientan&#8221;. Adem\u00e1s, mientras dure la Semana de la Moda los comercios del centro de ocio ofrecer\u00e1n descuentos exclusivos.\u00a0 El mi\u00e9rcoles 14 de mayo tendr\u00e1 lugar el <strong>Concurso de J\u00f3venes Dise\u00f1adores<\/strong>, que amadrinar\u00e1 la modelo y dise\u00f1adora andaluza <strong>Vicky Mart\u00edn Berrocal,<\/strong> y el s\u00e1bado 24 el <strong>casting de modelos Elite Model Look<\/strong> pondr\u00e1 el broche de oro a esta edici\u00f3n.<\/p>\n<p style=\"text-align: center;\">Para asistir a la apertura de la Fashion Week <strong>eleg\u00ed un look de prendas b\u00e1sicas (pantal\u00f3n entubado de cuero y camisa de encajes en crudo) en el que los protagonistas eran los complementos<\/strong>. As\u00ed, aprovech\u00e9 la ocasi\u00f3n para estrenar una de mis \u00faltimas adquisiciones que me tiene enamorada: un precioso bolso bandolera \u00e9tnico bordado a mano de <em>Pinsapo Shoes,<\/em> que combin\u00e9 con sandalias en frambuesa y una blazer en el naranja de moda que puso la nota \u00e1cida de contraste al look.<\/p>\n<p style=\"text-align: center;\">Y tras la fiesta del viernes, el s\u00e1bado toc\u00f3 <strong>Noche en Blanco<\/strong>. Con motivo de la celebraci\u00f3n de los <a href=\"https:\/\/blogs.diariosur.es\/pasarelaurbana\/2014\/05\/09\/100-domingos-fichando-los-estilismos-de-la-gente-de-malaga\/\">100 n\u00famero del Gente de M\u00e1laga<\/a> SUR instal\u00f3 en mitad de calle Larios unas divertidas portadas de la publicaci\u00f3n dominical con casas de cuento ante las que como no pod\u00eda ser se otro modo pos\u00e9 con mi amiga y compa\u00f1era Lorena Codes, responsable del suplemento. Os dejo tambi\u00e9n con el &#8216;outfit&#8217; que eleg\u00ed para ese d\u00eda, donde mi m\u00e1xima era ir c\u00f3moda para patearme el Centro de la ciudad. \u00a1Aqu\u00ed van las fotos de ambos eventos! \u00a1Espero que os gusten!<\/p>\n<\/div>\n<\/div>\n<\/div>\n<\/div>\n<p><a href=\"\/pasarelaurbana\/wp-content\/uploads\/sites\/49\/2014\/05\/114.jpg\"><img loading=\"lazy\" class=\"aligncenter size-full wp-image-7005\" title=\"11\" src=\"\/pasarelaurbana\/wp-content\/uploads\/sites\/49\/2014\/05\/114.jpg\" alt=\"\" width=\"600\" height=\"450\" srcset=\"https:\/\/static-blogs.diariosur.es\/wp-content\/uploads\/sites\/49\/2014\/05\/114.jpg 600w, https:\/\/static-blogs.diariosur.es\/wp-content\/uploads\/sites\/49\/2014\/05\/114-300x225.jpg 300w\" sizes=\"(max-width: 600px) 100vw, 600px\" \/><\/a><!--more--><a href=\"\/pasarelaurbana\/wp-content\/uploads\/sites\/49\/2014\/05\/93.jpg\"><img loading=\"lazy\" class=\"aligncenter size-full wp-image-7003\" title=\"9\" src=\"\/pasarelaurbana\/wp-content\/uploads\/sites\/49\/2014\/05\/93.jpg\" alt=\"\" width=\"600\" height=\"450\" srcset=\"https:\/\/static-blogs.diariosur.es\/wp-content\/uploads\/sites\/49\/2014\/05\/93.jpg 600w, https:\/\/static-blogs.diariosur.es\/wp-content\/uploads\/sites\/49\/2014\/05\/93-300x225.jpg 300w\" sizes=\"(max-width: 600px) 100vw, 600px\" \/><\/a><\/p>\n<p><a href=\"\/pasarelaurbana\/wp-content\/uploads\/sites\/49\/2014\/05\/103.jpg\"><img loading=\"lazy\" class=\"aligncenter size-full wp-image-7004\" title=\"10\" src=\"\/pasarelaurbana\/wp-content\/uploads\/sites\/49\/2014\/05\/103.jpg\" alt=\"\" width=\"600\" height=\"450\" srcset=\"https:\/\/static-blogs.diariosur.es\/wp-content\/uploads\/sites\/49\/2014\/05\/103.jpg 600w, https:\/\/static-blogs.diariosur.es\/wp-content\/uploads\/sites\/49\/2014\/05\/103-300x225.jpg 300w\" sizes=\"(max-width: 600px) 100vw, 600px\" \/><\/a><\/p>\n<p style=\"text-align: center;\"><a href=\"\/pasarelaurbana\/wp-content\/uploads\/sites\/49\/2014\/05\/123.jpg\"><img loading=\"lazy\" class=\"aligncenter size-full wp-image-7006\" title=\"12\" src=\"\/pasarelaurbana\/wp-content\/uploads\/sites\/49\/2014\/05\/123.jpg\" alt=\"\" width=\"600\" height=\"450\" srcset=\"https:\/\/static-blogs.diariosur.es\/wp-content\/uploads\/sites\/49\/2014\/05\/123.jpg 600w, https:\/\/static-blogs.diariosur.es\/wp-content\/uploads\/sites\/49\/2014\/05\/123-300x225.jpg 300w\" sizes=\"(max-width: 600px) 100vw, 600px\" \/><\/a><\/p>\n<p style=\"text-align: center;\">Sobre estas l\u00edneas algunos de los mejores momentos del desfile del malague\u00f1o MIguel \u00c1ngel Ru\u00edz.<\/p>\n<p style=\"text-align: center;\"><a href=\"\/pasarelaurbana\/wp-content\/uploads\/sites\/49\/2014\/05\/disenadores.jpg\"><img loading=\"lazy\" class=\"aligncenter  wp-image-7011\" title=\"disenadores\" src=\"\/pasarelaurbana\/wp-content\/uploads\/sites\/49\/2014\/05\/disenadores.jpg\" alt=\"\" width=\"600\" height=\"890\" srcset=\"https:\/\/static-blogs.diariosur.es\/wp-content\/uploads\/sites\/49\/2014\/05\/disenadores.jpg 600w, https:\/\/static-blogs.diariosur.es\/wp-content\/uploads\/sites\/49\/2014\/05\/disenadores-202x300.jpg 202w\" sizes=\"(max-width: 600px) 100vw, 600px\" \/><\/a><\/p>\n<p style=\"text-align: center;\">Foto de los dos dise\u00f1adores protagonistas del arranque de la Plaza Mayor Fashion Week.<\/p>\n<p style=\"text-align: center;\"><a href=\"\/pasarelaurbana\/wp-content\/uploads\/sites\/49\/2014\/05\/53.jpg\"><img loading=\"lazy\" class=\"aligncenter  wp-image-6999\" title=\"5\" src=\"\/pasarelaurbana\/wp-content\/uploads\/sites\/49\/2014\/05\/53.jpg\" alt=\"\" width=\"600\" height=\"450\" srcset=\"https:\/\/static-blogs.diariosur.es\/wp-content\/uploads\/sites\/49\/2014\/05\/53.jpg 600w, https:\/\/static-blogs.diariosur.es\/wp-content\/uploads\/sites\/49\/2014\/05\/53-300x225.jpg 300w\" sizes=\"(max-width: 600px) 100vw, 600px\" \/><\/a><\/p>\n<p style=\"text-align: center;\"><a href=\"\/pasarelaurbana\/wp-content\/uploads\/sites\/49\/2014\/05\/63.jpg\"><img loading=\"lazy\" class=\"aligncenter size-full wp-image-7000\" title=\"6\" src=\"\/pasarelaurbana\/wp-content\/uploads\/sites\/49\/2014\/05\/63.jpg\" alt=\"\" width=\"600\" height=\"450\" srcset=\"https:\/\/static-blogs.diariosur.es\/wp-content\/uploads\/sites\/49\/2014\/05\/63.jpg 600w, https:\/\/static-blogs.diariosur.es\/wp-content\/uploads\/sites\/49\/2014\/05\/63-300x225.jpg 300w\" sizes=\"(max-width: 600px) 100vw, 600px\" \/><\/a><\/p>\n<p style=\"text-align: center;\"><a href=\"\/pasarelaurbana\/wp-content\/uploads\/sites\/49\/2014\/05\/73.jpg\"><img loading=\"lazy\" class=\"aligncenter size-full wp-image-7001\" title=\"7\" src=\"\/pasarelaurbana\/wp-content\/uploads\/sites\/49\/2014\/05\/73.jpg\" alt=\"\" width=\"600\" height=\"450\" srcset=\"https:\/\/static-blogs.diariosur.es\/wp-content\/uploads\/sites\/49\/2014\/05\/73.jpg 600w, https:\/\/static-blogs.diariosur.es\/wp-content\/uploads\/sites\/49\/2014\/05\/73-300x225.jpg 300w\" sizes=\"(max-width: 600px) 100vw, 600px\" \/><\/a><\/p>\n<p style=\"text-align: center;\"><a href=\"\/pasarelaurbana\/wp-content\/uploads\/sites\/49\/2014\/05\/83.jpg\"><img loading=\"lazy\" class=\"aligncenter size-full wp-image-7002\" title=\"8\" src=\"\/pasarelaurbana\/wp-content\/uploads\/sites\/49\/2014\/05\/83.jpg\" alt=\"\" width=\"600\" height=\"450\" srcset=\"https:\/\/static-blogs.diariosur.es\/wp-content\/uploads\/sites\/49\/2014\/05\/83.jpg 600w, https:\/\/static-blogs.diariosur.es\/wp-content\/uploads\/sites\/49\/2014\/05\/83-300x225.jpg 300w\" sizes=\"(max-width: 600px) 100vw, 600px\" \/><\/a><\/p>\n<p style=\"text-align: center;\">Resumen de algunos de los dise\u00f1os de Amina El Allam.<\/p>\n<p style=\"text-align: center;\"><a href=\"\/pasarelaurbana\/wp-content\/uploads\/sites\/49\/2014\/05\/33.jpg\"><img loading=\"lazy\" class=\"aligncenter size-full wp-image-6997\" title=\"3\" src=\"\/pasarelaurbana\/wp-content\/uploads\/sites\/49\/2014\/05\/33.jpg\" alt=\"\" width=\"600\" height=\"450\" srcset=\"https:\/\/static-blogs.diariosur.es\/wp-content\/uploads\/sites\/49\/2014\/05\/33.jpg 600w, https:\/\/static-blogs.diariosur.es\/wp-content\/uploads\/sites\/49\/2014\/05\/33-300x225.jpg 300w\" sizes=\"(max-width: 600px) 100vw, 600px\" \/><\/a><\/p>\n<p style=\"text-align: center;\"><a href=\"\/pasarelaurbana\/wp-content\/uploads\/sites\/49\/2014\/05\/113.jpg\"><img loading=\"lazy\" class=\"aligncenter size-full wp-image-6995\" title=\"1\" src=\"\/pasarelaurbana\/wp-content\/uploads\/sites\/49\/2014\/05\/113.jpg\" alt=\"\" width=\"600\" height=\"800\" srcset=\"https:\/\/static-blogs.diariosur.es\/wp-content\/uploads\/sites\/49\/2014\/05\/113.jpg 600w, https:\/\/static-blogs.diariosur.es\/wp-content\/uploads\/sites\/49\/2014\/05\/113-225x300.jpg 225w\" sizes=\"(max-width: 600px) 100vw, 600px\" \/><\/a><\/p>\n<p style=\"text-align: center;\"><a href=\"\/pasarelaurbana\/wp-content\/uploads\/sites\/49\/2014\/05\/43.jpg\"><img loading=\"lazy\" class=\"aligncenter size-full wp-image-6998\" title=\"4\" src=\"\/pasarelaurbana\/wp-content\/uploads\/sites\/49\/2014\/05\/43.jpg\" alt=\"\" width=\"600\" height=\"800\" srcset=\"https:\/\/static-blogs.diariosur.es\/wp-content\/uploads\/sites\/49\/2014\/05\/43.jpg 600w, https:\/\/static-blogs.diariosur.es\/wp-content\/uploads\/sites\/49\/2014\/05\/43-225x300.jpg 225w\" sizes=\"(max-width: 600px) 100vw, 600px\" \/><\/a><\/p>\n<p style=\"text-align: center;\">Sobre estas l\u00edneas detalles del look que llev\u00e9 en la apertura de la Semana de la Moda de Plaza Mayor (pantalones, blazer y sandalias de Zara, camisa de Sfera y bolso de Pinsapo Shoes) , donde coincid\u00ed con Lorena Codes, con la que poso tambi\u00e9n en la foto de abajo junto a una portada de cuento del Gente de M\u00e1laga.<\/p>\n<p style=\"text-align: center;\"><a href=\"\/pasarelaurbana\/wp-content\/uploads\/sites\/49\/2014\/05\/173.jpg\"><img loading=\"lazy\" class=\"aligncenter size-full wp-image-6994\" title=\"17\" src=\"\/pasarelaurbana\/wp-content\/uploads\/sites\/49\/2014\/05\/173.jpg\" alt=\"\" width=\"600\" height=\"478\" srcset=\"https:\/\/static-blogs.diariosur.es\/wp-content\/uploads\/sites\/49\/2014\/05\/173.jpg 600w, https:\/\/static-blogs.diariosur.es\/wp-content\/uploads\/sites\/49\/2014\/05\/173-300x239.jpg 300w\" sizes=\"(max-width: 600px) 100vw, 600px\" \/><\/a><\/p>\n<p style=\"text-align: center;\"><a href=\"\/pasarelaurbana\/wp-content\/uploads\/sites\/49\/2014\/05\/142.jpg\"><img loading=\"lazy\" class=\"aligncenter size-full wp-image-7008\" title=\"14\" src=\"\/pasarelaurbana\/wp-content\/uploads\/sites\/49\/2014\/05\/142.jpg\" alt=\"\" width=\"600\" height=\"800\" srcset=\"https:\/\/static-blogs.diariosur.es\/wp-content\/uploads\/sites\/49\/2014\/05\/142.jpg 600w, https:\/\/static-blogs.diariosur.es\/wp-content\/uploads\/sites\/49\/2014\/05\/142-225x300.jpg 225w\" sizes=\"(max-width: 600px) 100vw, 600px\" \/><\/a><\/p>\n<p style=\"text-align: center;\"><a href=\"\/pasarelaurbana\/wp-content\/uploads\/sites\/49\/2014\/05\/152.jpg\"><img loading=\"lazy\" class=\"aligncenter size-full wp-image-7009\" title=\"15\" src=\"\/pasarelaurbana\/wp-content\/uploads\/sites\/49\/2014\/05\/152.jpg\" alt=\"\" width=\"600\" height=\"586\" srcset=\"https:\/\/static-blogs.diariosur.es\/wp-content\/uploads\/sites\/49\/2014\/05\/152.jpg 600w, https:\/\/static-blogs.diariosur.es\/wp-content\/uploads\/sites\/49\/2014\/05\/152-300x293.jpg 300w\" sizes=\"(max-width: 600px) 100vw, 600px\" \/><\/a><\/p>\n<p style=\"text-align: center;\"><a href=\"\/pasarelaurbana\/wp-content\/uploads\/sites\/49\/2014\/05\/162.jpg\"><img loading=\"lazy\" class=\"aligncenter size-full wp-image-7010\" title=\"16\" src=\"\/pasarelaurbana\/wp-content\/uploads\/sites\/49\/2014\/05\/162.jpg\" alt=\"\" width=\"600\" height=\"450\" srcset=\"https:\/\/static-blogs.diariosur.es\/wp-content\/uploads\/sites\/49\/2014\/05\/162.jpg 600w, https:\/\/static-blogs.diariosur.es\/wp-content\/uploads\/sites\/49\/2014\/05\/162-300x225.jpg 300w\" sizes=\"(max-width: 600px) 100vw, 600px\" \/><\/a><\/p>\n<p style=\"text-align: center;\">Para la <strong>Noche en Blanco<\/strong> eleg\u00ed camisa de cuadro vichy en celeste de Stradivarius, falda y bailarinas doradas de Zara y bolso joya de Purificaci\u00f3n Garc\u00eda. El collar de flores es de la tienda malague\u00f1a Lovely Mirror.<\/p>\n<p style=\"text-align: center;\">\u00a1Hasta ma\u00f1ana!<\/p>\n","protected":false},"excerpt":{"rendered":"<p>\u00a1Feliz lunes! \u00bfQu\u00e9 tal hab\u00e9is pasado el fin de semana? En mi caso, he tenido una agenda intensa, que se ha repartido entre disfrutar del peque, ir a la playa, poner la casa al d\u00eda y asistir a dos eventos marcados en rojo en mi calendario. El primero de ellos tuvo lugar el pasado viernes. [&hellip;]<\/p>\n","protected":false},"author":54,"featured_media":0,"comment_status":"open","ping_status":"open","sticky":false,"template":"","format":"standard","meta":[],"categories":[2],"tags":[],"_links":{"self":[{"href":"https:\/\/blogs.diariosur.es\/pasarelaurbana\/wp-json\/wp\/v2\/posts\/6993"}],"collection":[{"href":"https:\/\/blogs.diariosur.es\/pasarelaurbana\/wp-json\/wp\/v2\/posts"}],"about":[{"href":"https:\/\/blogs.diariosur.es\/pasarelaurbana\/wp-json\/wp\/v2\/types\/post"}],"author":[{"embeddable":true,"href":"https:\/\/blogs.diariosur.es\/pasarelaurbana\/wp-json\/wp\/v2\/users\/54"}],"replies":[{"embeddable":true,"href":"https:\/\/blogs.diariosur.es\/pasarelaurbana\/wp-json\/wp\/v2\/comments?post=6993"}],"version-history":[{"count":0,"href":"https:\/\/blogs.diariosur.es\/pasarelaurbana\/wp-json\/wp\/v2\/posts\/6993\/revisions"}],"wp:attachment":[{"href":"https:\/\/blogs.diariosur.es\/pasarelaurbana\/wp-json\/wp\/v2\/media?parent=6993"}],"wp:term":[{"taxonomy":"category","embeddable":true,"href":"https:\/\/blogs.diariosur.es\/pasarelaurbana\/wp-json\/wp\/v2\/categories?post=6993"},{"taxonomy":"post_tag","embeddable":true,"href":"https:\/\/blogs.diariosur.es\/pasarelaurbana\/wp-json\/wp\/v2\/tags?post=6993"}],"curies":[{"name":"wp","href":"https:\/\/api.w.org\/{rel}","templated":true}]}}