{"id":7024,"date":"2014-05-14T17:50:27","date_gmt":"2014-05-14T15:50:27","guid":{"rendered":"http:\/\/blogs.diariosur.es\/pasarelaurbana\/?p=7024"},"modified":"2014-05-14T17:50:27","modified_gmt":"2014-05-14T15:50:27","slug":"el-estilo-navy-se-alia-con-el-leopardo","status":"publish","type":"post","link":"https:\/\/blogs.diariosur.es\/pasarelaurbana\/2014\/05\/14\/el-estilo-navy-se-alia-con-el-leopardo\/","title":{"rendered":"El estilo &#039;navy&#039; se al\u00eda con el leopardo"},"content":{"rendered":"<p style=\"text-align: center;\">\u00a1Me encantan las mezclas de estampados! Hay quien no se atreve ni de lejos a hacer combinaciones imposibles bien por no gustarle el resultado bien por el temor a equivocarse. En mi caso, como os he dicho hasta la saciedad, soy de la opini\u00f3n de que la que no arriesga no gana. Que hay que probar, jugar, divertirse con la moda e intentar diferenciarse un poco del reba\u00f1o con un punto personal porque sino, al final, vamos todas iguales. Y de eso va la propuesta de &#8216;street style&#8217; que os traigo hoy. La protagoniza <strong>Ana Vera<\/strong>, una joven malague\u00f1a de 24 a\u00f1os gestora patrimonial, a la que le apasiona este mundillo. Me gusta su apuesta de maridar en un mismo look el estilo &#8216;navy&#8217;, uno de los grandes cl\u00e1sicos -sino el cl\u00e1sico por excelencia de la primavera, dir\u00eda yo- con el animal print, que introduce en forma de peque\u00f1a pincelada en los tacones. El contraste de las rayas marineras, en azul y blanco, con las manchas de la piel del leopardo y el rojo de la pulsera de los zapatos de sal\u00f3n me parece muy interesante. &#8220;Cuando empieza el calor me aferro a los vestidos y este de ONLY me tiene enamorada desde que lo vi. El largo es ideal y al ser de punto es comod\u00edsimo. Adem\u00e1s, el estampado de rayas siempre es un acierto&#8221;, nos confes\u00f3. Preciosa su blazer de doble abotonadura, una de esas prendas imprescindible de fondo de armario -vers\u00e1til donde las haya- que nos puede sacar de m\u00e1s de un apuro en estas noches de primavera en la que a\u00fan refresca.\u00a0 Os dejo con su estiloso &#8216;outfit&#8217;, a mi juicio muy acertado y ponible. Nos sirve tanto para ir a la oficina como para salir una tarde-noche de paseo a tomar algo. \u00a1Espero que os guste! Y, por cierto, pod\u00e9is seguir las propuestas de Ana a trav\u00e9s de su blog <a href=\"http:\/\/www.avrsthings.com\/\" rel=\"external nofollow\">AVR&#8217;s things<\/a>. \u00a1Hasta ma\u00f1ana!<\/p>\n<p><a href=\"\/pasarelaurbana\/wp-content\/uploads\/sites\/49\/2014\/05\/116.jpg\"><img loading=\"lazy\" class=\"aligncenter  wp-image-7026\" title=\"1\" src=\"\/pasarelaurbana\/wp-content\/uploads\/sites\/49\/2014\/05\/116.jpg\" alt=\"\" width=\"600\" height=\"403\" srcset=\"https:\/\/static-blogs.diariosur.es\/wp-content\/uploads\/sites\/49\/2014\/05\/116.jpg 600w, https:\/\/static-blogs.diariosur.es\/wp-content\/uploads\/sites\/49\/2014\/05\/116-300x202.jpg 300w\" sizes=\"(max-width: 600px) 100vw, 600px\" \/><\/a><!--more--><a href=\"\/pasarelaurbana\/wp-content\/uploads\/sites\/49\/2014\/05\/25.jpg\"><img loading=\"lazy\" class=\"aligncenter size-full wp-image-7027\" title=\"2\" src=\"\/pasarelaurbana\/wp-content\/uploads\/sites\/49\/2014\/05\/25.jpg\" alt=\"\" width=\"600\" height=\"939\" srcset=\"https:\/\/static-blogs.diariosur.es\/wp-content\/uploads\/sites\/49\/2014\/05\/25.jpg 600w, https:\/\/static-blogs.diariosur.es\/wp-content\/uploads\/sites\/49\/2014\/05\/25-192x300.jpg 192w\" sizes=\"(max-width: 600px) 100vw, 600px\" \/><\/a><a href=\"\/pasarelaurbana\/wp-content\/uploads\/sites\/49\/2014\/05\/35.jpg\"><img loading=\"lazy\" class=\"aligncenter size-full wp-image-7028\" title=\"3\" src=\"\/pasarelaurbana\/wp-content\/uploads\/sites\/49\/2014\/05\/35.jpg\" alt=\"\" width=\"600\" height=\"402\" srcset=\"https:\/\/static-blogs.diariosur.es\/wp-content\/uploads\/sites\/49\/2014\/05\/35.jpg 600w, https:\/\/static-blogs.diariosur.es\/wp-content\/uploads\/sites\/49\/2014\/05\/35-300x201.jpg 300w\" sizes=\"(max-width: 600px) 100vw, 600px\" \/><\/a><\/p>\n<p><a href=\"\/pasarelaurbana\/wp-content\/uploads\/sites\/49\/2014\/05\/45.jpg\"><img loading=\"lazy\" class=\"aligncenter size-full wp-image-7029\" title=\"4\" src=\"\/pasarelaurbana\/wp-content\/uploads\/sites\/49\/2014\/05\/45.jpg\" alt=\"\" width=\"600\" height=\"898\" srcset=\"https:\/\/static-blogs.diariosur.es\/wp-content\/uploads\/sites\/49\/2014\/05\/45.jpg 600w, https:\/\/static-blogs.diariosur.es\/wp-content\/uploads\/sites\/49\/2014\/05\/45-200x300.jpg 200w\" sizes=\"(max-width: 600px) 100vw, 600px\" \/><\/a><\/p>\n<p style=\"text-align: center;\"><a href=\"\/pasarelaurbana\/wp-content\/uploads\/sites\/49\/2014\/05\/55.jpg\"><img loading=\"lazy\" class=\"aligncenter size-full wp-image-7025\" title=\"5\" src=\"\/pasarelaurbana\/wp-content\/uploads\/sites\/49\/2014\/05\/55.jpg\" alt=\"\" width=\"600\" height=\"899\" srcset=\"https:\/\/static-blogs.diariosur.es\/wp-content\/uploads\/sites\/49\/2014\/05\/55.jpg 600w, https:\/\/static-blogs.diariosur.es\/wp-content\/uploads\/sites\/49\/2014\/05\/55-200x300.jpg 200w\" sizes=\"(max-width: 600px) 100vw, 600px\" \/><\/a><\/p>\n<div style=\"text-align: center;\"><\/div>\n<div style=\"text-align: center;\"><strong>Ana Vera<\/strong>. Gestora patrimonial. 24 a\u00f1os<\/div>\n<div style=\"text-align: center;\"><\/div>\n<div style=\"text-align: center;\">Blazer: Zara<\/div>\n<div style=\"text-align: center;\"><\/div>\n<div style=\"text-align: center;\">Vestido: Only<\/div>\n<div style=\"text-align: center;\"><\/div>\n<div style=\"text-align: center;\">Zapatos: Zara<\/div>\n<div style=\"text-align: center;\"><\/div>\n<div style=\"text-align: center;\">Clutch: Zara<\/div>\n<div style=\"text-align: center;\"><\/div>\n<div style=\"text-align: center;\">Gafas: Ray-Ban<\/div>\n<div style=\"text-align: center;\"><\/div>\n<div style=\"text-align: center;\"><\/div>\n","protected":false},"excerpt":{"rendered":"<p>\u00a1Me encantan las mezclas de estampados! Hay quien no se atreve ni de lejos a hacer combinaciones imposibles bien por no gustarle el resultado bien por el temor a equivocarse. En mi caso, como os he dicho hasta la saciedad, soy de la opini\u00f3n de que la que no arriesga no gana. Que hay que [&hellip;]<\/p>\n","protected":false},"author":54,"featured_media":0,"comment_status":"open","ping_status":"open","sticky":false,"template":"","format":"standard","meta":[],"categories":[2],"tags":[],"_links":{"self":[{"href":"https:\/\/blogs.diariosur.es\/pasarelaurbana\/wp-json\/wp\/v2\/posts\/7024"}],"collection":[{"href":"https:\/\/blogs.diariosur.es\/pasarelaurbana\/wp-json\/wp\/v2\/posts"}],"about":[{"href":"https:\/\/blogs.diariosur.es\/pasarelaurbana\/wp-json\/wp\/v2\/types\/post"}],"author":[{"embeddable":true,"href":"https:\/\/blogs.diariosur.es\/pasarelaurbana\/wp-json\/wp\/v2\/users\/54"}],"replies":[{"embeddable":true,"href":"https:\/\/blogs.diariosur.es\/pasarelaurbana\/wp-json\/wp\/v2\/comments?post=7024"}],"version-history":[{"count":0,"href":"https:\/\/blogs.diariosur.es\/pasarelaurbana\/wp-json\/wp\/v2\/posts\/7024\/revisions"}],"wp:attachment":[{"href":"https:\/\/blogs.diariosur.es\/pasarelaurbana\/wp-json\/wp\/v2\/media?parent=7024"}],"wp:term":[{"taxonomy":"category","embeddable":true,"href":"https:\/\/blogs.diariosur.es\/pasarelaurbana\/wp-json\/wp\/v2\/categories?post=7024"},{"taxonomy":"post_tag","embeddable":true,"href":"https:\/\/blogs.diariosur.es\/pasarelaurbana\/wp-json\/wp\/v2\/tags?post=7024"}],"curies":[{"name":"wp","href":"https:\/\/api.w.org\/{rel}","templated":true}]}}