{"id":7043,"date":"2014-05-16T14:59:56","date_gmt":"2014-05-16T12:59:56","guid":{"rendered":"http:\/\/blogs.diariosur.es\/pasarelaurbana\/?p=7043"},"modified":"2014-05-16T14:59:56","modified_gmt":"2014-05-16T12:59:56","slug":"custo-andres-sarda-o-swarovski-se-subiran-a-la-pasarela-del-marbella-luxury-weekend","status":"publish","type":"post","link":"https:\/\/blogs.diariosur.es\/pasarelaurbana\/2014\/05\/16\/custo-andres-sarda-o-swarovski-se-subiran-a-la-pasarela-del-marbella-luxury-weekend\/","title":{"rendered":"Custo, Andr\u00e9s Sard\u00e1 o Swarovski se subir\u00e1n a la pasarela del Marbella Luxury Weekend"},"content":{"rendered":"<p style=\"text-align: center;\">Marbella tiene marcado en rojo en su calendario una gran cita con la moda. Ser\u00e1 dentro de dos semanas. Y rodeada del m\u00e1ximo lujo.\u00a0 <strong>La cuarta edici\u00f3n del Marbella Luxury Weekend<\/strong> contar\u00e1 con la presencia de grandes dise\u00f1adores internacionales, que traer\u00e1n a la Milla de Oro sus \u00faltimas colecciones. As\u00ed, entre los nombres propios previstos se encuentran los de Custo Barcelona, Andr\u00e9s Sard\u00e1 o Bikkembergs, que desfilar\u00e1n algunas de sus \u00faltimas creaciones sobre una espectacular pasarela flotante, dentro de lo que se ha denominado &#8216;Marbella Luxury Catwalk&#8217;, &#8220;una iniciativa \u00fanica en el mundo que har\u00e1 que los modelos paseen sobre las aguas del Mediterr\u00e1neo&#8221;, destacan desde la organizaci\u00f3n. En cocnreto, el modisto catal\u00e1n presentar\u00e1 una selecci\u00f3n de modelos de sus dos \u00faltimos desfiles, &#8216;En voz baja&#8217; y &#8216;Chic Contemporary Color&#8217;, en los que destaca el uso de gr\u00e1ficos, el color y la combinaci\u00f3n, ADN de la marca,\u00a0 tamizados por una visi\u00f3n chic y refinada. Andr\u00e9s Sard\u00e1, por su parte, presentar\u00e1 su l\u00ednea &#8216;Welcome to Fabulous Andr\u00e9s Sard\u00e1&#8217; con algunas pinceladas de su \u00faltima colecci\u00f3n de ba\u00f1o y piezas ic\u00f3nicas de la marca. &#8220;Una selecci\u00f3n brillante, espectacular, sofisticada, femenina y elegante&#8221;, indican. En el caso de Bikkembergs exhibir\u00e1 sus apuestas para esta primavera-verano 2014 con un broche de oro: una selecci\u00f3n de prendas especiales de su \u00faltimo desfile en Mil\u00e1n, en el que como es habitual el deporte y el lujo se unen en un concepto creado por la marca: el &#8216;sport couture&#8217;.<\/p>\n<div class=\"colAB_articulo\">\n<div id=\"noticia-pestanas\">\n<div id=\"ccronica\" class=\"opt01 active\" style=\"display: block;\">\n<div class=\"text\">\n<p style=\"text-align: center;\">Junto a estos tres dise\u00f1adores, las firmas de lujo austriacas<strong> Wolford y Swarovski inaugurar\u00e1n la pasarela flotante de MLW la noche del 5 de junio<\/strong>. Y suma y sigue: <strong>la dise\u00f1adora Carmen D\u00edaz<\/strong> by La Oca Hats presentar\u00e1 en &#8216;Marbella Luxury Catwalk&#8217; una colecci\u00f3n ecl\u00e9ctica, elegante y muy femenina, inspirada en los a\u00f1os dorados de Christian Dior y Balenciaga, en las divas del cine como Marlene Dietrich o en mitos como Eva Per\u00f3n.\u00a0 Desde hace a\u00f1os\u00a0D\u00edaz colabora con diferentes dise\u00f1adores en la Mercedes Benz Fashion Week Madrid como Roberto Verino, Mois\u00e9s Nieto o Duyos, con quien consigui\u00f3 el Premio L\u2019Or\u00e9al Par\u00eds en MBFWM 2013 a la mejor colecci\u00f3n.<\/p>\n<p style=\"text-align: center;\">Otras marcas, como la<strong> firma de caftanes de seda de Sena Design<\/strong>, se sumar\u00e1n al espect\u00e1culo de moda y dise\u00f1o que ha organizado la Delegaci\u00f3n de Turismo del Ayuntamiento de Marbella en torno a la pasarela flotante y en el que la Agencia de Modelos de Elisabeth Reyes y Peluquer\u00edas Blue 01 Stylist by F\u00e9lix Rojas ser\u00e1n los protagonistas del fitting y el outfit en cada desfile.<\/p>\n<p style=\"text-align: center;\"><strong>Los diversos pases se ir\u00e1n sucediendo, del 5 al 8 de junio<\/strong>, dentro de una apretada agenda en la que tambi\u00e9n tendr\u00e1n hueco firmas de moda como <strong>Salvatore Ferragamo, Tod\u2019s, Elite o Hoss Intropia.<\/strong> En el caso de Ferragamo volver\u00e1 a sorprender con su elegancia mostrando a los clientes de su boutique un <em>fashion show<\/em> de su colecci\u00f3n de verano, as\u00ed como un avance de la colecci\u00f3n Pr\u00eat-\u00e0-porter de Invierno 2014. Asimismo, la firma ofrecer\u00e1 una demostraci\u00f3n sobre las &#8216;1.000 formas de colocarse un fular de seda&#8217;, exhibici\u00f3n que tendr\u00e1 lugar durante su fiesta privada junto con La Zagaleta.<\/p>\n<p>Como curiosidad, Elite presentar\u00e1<strong> la primera Barbie Luxury del mundo realizada por el joyero Cisco Romero,<\/strong> para lo cual contar\u00e1 con la colaboraci\u00f3n de la empresa Mattel. Adem\u00e1s, sus escaparates brillar\u00e1n con luz propia gracias a los modelos de Roberto Cavalli, Lanvin, Mary Katrantzou, Giorgio Armani y Giuseppe Zanotti en lo que promete ser todo un espect\u00e1culo. Como lo ser\u00e1 a bien seguro el taller organizado por la marca italiana Tod\u2019s, en el que un experto artesano se encargar\u00e1 de personalizar las piezas de su colecci\u00f3n a gusto del cliente.<\/p>\n<p style=\"text-align: justify;\"><a href=\"\/pasarelaurbana\/wp-content\/uploads\/sites\/49\/2014\/05\/custo.jpg\"><img loading=\"lazy\" class=\"aligncenter size-full wp-image-7045\" title=\"custo\" src=\"\/pasarelaurbana\/wp-content\/uploads\/sites\/49\/2014\/05\/custo.jpg\" alt=\"\" width=\"600\" height=\"299\" srcset=\"https:\/\/static-blogs.diariosur.es\/wp-content\/uploads\/sites\/49\/2014\/05\/custo.jpg 600w, https:\/\/static-blogs.diariosur.es\/wp-content\/uploads\/sites\/49\/2014\/05\/custo-300x150.jpg 300w\" sizes=\"(max-width: 600px) 100vw, 600px\" \/><\/a><\/p>\n<p style=\"text-align: justify;\"><!--more--><a href=\"\/pasarelaurbana\/wp-content\/uploads\/sites\/49\/2014\/05\/custodos.jpg\"><img loading=\"lazy\" class=\"aligncenter size-full wp-image-7046\" title=\"custodos\" src=\"\/pasarelaurbana\/wp-content\/uploads\/sites\/49\/2014\/05\/custodos.jpg\" alt=\"\" width=\"600\" height=\"400\" srcset=\"https:\/\/static-blogs.diariosur.es\/wp-content\/uploads\/sites\/49\/2014\/05\/custodos.jpg 600w, https:\/\/static-blogs.diariosur.es\/wp-content\/uploads\/sites\/49\/2014\/05\/custodos-300x200.jpg 300w\" sizes=\"(max-width: 600px) 100vw, 600px\" \/><\/a><\/p>\n<p style=\"text-align: justify;\"><a href=\"\/pasarelaurbana\/wp-content\/uploads\/sites\/49\/2014\/05\/custotres.jpg\"><img loading=\"lazy\" class=\"aligncenter size-full wp-image-7044\" title=\"custotres\" src=\"\/pasarelaurbana\/wp-content\/uploads\/sites\/49\/2014\/05\/custotres.jpg\" alt=\"\" width=\"600\" height=\"400\" srcset=\"https:\/\/static-blogs.diariosur.es\/wp-content\/uploads\/sites\/49\/2014\/05\/custotres.jpg 600w, https:\/\/static-blogs.diariosur.es\/wp-content\/uploads\/sites\/49\/2014\/05\/custotres-300x200.jpg 300w\" sizes=\"(max-width: 600px) 100vw, 600px\" \/><\/a><\/p>\n<p style=\"text-align: center;\">Sobre estas l\u00edneas, detalles de la \u00faltima colecci\u00f3n de Custo. Abajo, dise\u00f1os de Andres Sard\u00e1 y\u00a0 Bikkembergs.<\/p>\n<p style=\"text-align: center;\"><a href=\"\/pasarelaurbana\/wp-content\/uploads\/sites\/49\/2014\/05\/sarda.jpg\"><img loading=\"lazy\" class=\"aligncenter size-full wp-image-7047\" title=\"sarda\" src=\"\/pasarelaurbana\/wp-content\/uploads\/sites\/49\/2014\/05\/sarda.jpg\" alt=\"\" width=\"600\" height=\"393\" srcset=\"https:\/\/static-blogs.diariosur.es\/wp-content\/uploads\/sites\/49\/2014\/05\/sarda.jpg 600w, https:\/\/static-blogs.diariosur.es\/wp-content\/uploads\/sites\/49\/2014\/05\/sarda-300x197.jpg 300w\" sizes=\"(max-width: 600px) 100vw, 600px\" \/><\/a><\/p>\n<p style=\"text-align: center;\"><a href=\"\/pasarelaurbana\/wp-content\/uploads\/sites\/49\/2014\/05\/bikk.jpg\"><img loading=\"lazy\" class=\"aligncenter size-full wp-image-7048\" title=\"Dirk Bikkembergs, Menswear, Fall Winter, Milan, 2014\" src=\"\/pasarelaurbana\/wp-content\/uploads\/sites\/49\/2014\/05\/bikk.jpg\" alt=\"\" width=\"600\" height=\"400\" srcset=\"https:\/\/static-blogs.diariosur.es\/wp-content\/uploads\/sites\/49\/2014\/05\/bikk.jpg 600w, https:\/\/static-blogs.diariosur.es\/wp-content\/uploads\/sites\/49\/2014\/05\/bikk-300x200.jpg 300w\" sizes=\"(max-width: 600px) 100vw, 600px\" \/><\/a><\/p>\n<p style=\"text-align: center;\">Ma\u00f1ana os espero por aqu\u00ed para un especial &#8216;street style&#8217; con motivo del n\u00famero 100 de Gente de M\u00e1laga.<\/p>\n<p style=\"text-align: center;\">\u00a1Hasta entonces! @almunogues<\/p>\n<\/div>\n<\/div>\n<\/div>\n<\/div>\n","protected":false},"excerpt":{"rendered":"<p>Marbella tiene marcado en rojo en su calendario una gran cita con la moda. Ser\u00e1 dentro de dos semanas. Y rodeada del m\u00e1ximo lujo.\u00a0 La cuarta edici\u00f3n del Marbella Luxury Weekend contar\u00e1 con la presencia de grandes dise\u00f1adores internacionales, que traer\u00e1n a la Milla de Oro sus \u00faltimas colecciones. As\u00ed, entre los nombres propios previstos [&hellip;]<\/p>\n","protected":false},"author":54,"featured_media":0,"comment_status":"open","ping_status":"open","sticky":false,"template":"","format":"standard","meta":[],"categories":[2],"tags":[],"_links":{"self":[{"href":"https:\/\/blogs.diariosur.es\/pasarelaurbana\/wp-json\/wp\/v2\/posts\/7043"}],"collection":[{"href":"https:\/\/blogs.diariosur.es\/pasarelaurbana\/wp-json\/wp\/v2\/posts"}],"about":[{"href":"https:\/\/blogs.diariosur.es\/pasarelaurbana\/wp-json\/wp\/v2\/types\/post"}],"author":[{"embeddable":true,"href":"https:\/\/blogs.diariosur.es\/pasarelaurbana\/wp-json\/wp\/v2\/users\/54"}],"replies":[{"embeddable":true,"href":"https:\/\/blogs.diariosur.es\/pasarelaurbana\/wp-json\/wp\/v2\/comments?post=7043"}],"version-history":[{"count":0,"href":"https:\/\/blogs.diariosur.es\/pasarelaurbana\/wp-json\/wp\/v2\/posts\/7043\/revisions"}],"wp:attachment":[{"href":"https:\/\/blogs.diariosur.es\/pasarelaurbana\/wp-json\/wp\/v2\/media?parent=7043"}],"wp:term":[{"taxonomy":"category","embeddable":true,"href":"https:\/\/blogs.diariosur.es\/pasarelaurbana\/wp-json\/wp\/v2\/categories?post=7043"},{"taxonomy":"post_tag","embeddable":true,"href":"https:\/\/blogs.diariosur.es\/pasarelaurbana\/wp-json\/wp\/v2\/tags?post=7043"}],"curies":[{"name":"wp","href":"https:\/\/api.w.org\/{rel}","templated":true}]}}