{"id":7056,"date":"2014-05-20T15:39:47","date_gmt":"2014-05-20T13:39:47","guid":{"rendered":"http:\/\/blogs.diariosur.es\/pasarelaurbana\/?p=7056"},"modified":"2014-05-20T15:39:47","modified_gmt":"2014-05-20T13:39:47","slug":"la-alta-costura-se-viste-de-solidaridad","status":"publish","type":"post","link":"https:\/\/blogs.diariosur.es\/pasarelaurbana\/2014\/05\/20\/la-alta-costura-se-viste-de-solidaridad\/","title":{"rendered":"La alta costura se viste de solidaridad"},"content":{"rendered":"<p style=\"text-align: center;\">\u00a1Buenas! Despu\u00e9s de un fin de semana intenso de trabajo ayer me tom\u00e9 el d\u00eda para desconectar, pero ya estoy de regreso para contaros el acto al que acud\u00ed el viernes. Un a\u00f1o m\u00e1s, la alta costura malague\u00f1a se visti\u00f3 de solidaridad para celebrar el<strong> III Desfile ben\u00e9fico abierto al mar. Una pasarela altruista creada para recaudar fondos, en esta ocasi\u00f3n para la Asociaci\u00f3n AIOM para la adquisici\u00f3n de un equipo de diagn\u00f3stico avanzado de c\u00e1ncer. <\/strong>El evento, organizado por el C<span class=\"text_exposed_show\">lub de Leones M\u00e1laga-Limonar, sirvi\u00f3 para conocer las nuevas colecciones de\u00a0<\/span><span class=\"text_exposed_show\">Jos\u00e9 Luis Joyeros y \u00d3palo. Adem\u00e1s, \u00a0el dise\u00f1ador Javier Alc\u00e1ntara present\u00f3 su nueva l\u00ednea de trajes de pret-a-porter y Carlos Aguirre y Mario Camino, de Montesco, hicieron una interesante retrospectiva de sus 25 a\u00f1os de trayectoria. Puntadas de elegancia y buen gusto que sirvieron para impulsar la \u00a0compra de\u00a0<\/span>\u00a0un secuenciador de genomas de segunda generaci\u00f3n que permitir\u00e1 determinar el ADN de cada tipo de tumor. \u00a0\u201cLa intenci\u00f3n es promover y desarrollar la investigaci\u00f3n oncol\u00f3gica, as\u00ed como desarrollar nuevas terapias para el tratamiento del c\u00e1ncer para que, de ese modo, se asista a los enfermos de forma individualizada, pudiendo as\u00ed reducir los efectos secundarios, ya que este aparato estudiar\u00e1 el ADN de cada tumor que, al igual que las personas, son todos distintos\u201d, destacaron dede AIOM. Una vez conseguidos los fondos, el secuenciador se instalar\u00e1 en el Centro de Investigaciones M\u00e9dico Sanitarias de la UMA (CIMES), ubicado en el Campus de Teatinos. Los pacientes que se atender\u00e1n ser\u00e1n remitidos por la sanidad p\u00fablica malague\u00f1a, fundamentalmente de los hospitales Cl\u00ednico y Carlos Haya. Sin duda, una genial iniciativa digna de aplaudir. \u00a0\u201cTodos tenemos un plus de motivaci\u00f3n muy potente. La finalidad que tiene este evento nos aporta una ilusi\u00f3n muy grande a la hora de organizarlo\u201d, afirm\u00f3 Jos\u00e9 Luis Joyeros.<\/p>\n<p style=\"text-align: center;\"><strong>\u00d3palo<\/strong> fue la encargada de romper el hielo con un maravilloso desfile con ese halo tan chic y tan parisino que envuelve siempre las propuestas que con tanto acierto elige su responsable, la empresaria malague\u00f1a Juanibel Vera. Simplemente maravilloso. Looks que destilaron sofisticaci\u00f3n y buen gusto dirigidos a una mujer rom\u00e1ntica e hiper femenina. Preciosas sus coronas de flores y sus sombreros. Estilismos 100% ponibles y vers\u00e1tiles que me llevar\u00eda a casa en bloque sin pens\u00e1rmelo.<strong> Jos\u00e9 Luis Joyeros,<\/strong> por su parte, conquist\u00f3 al p\u00fablico con una colecci\u00f3n de piezas XL pensadas para convertirse en protagonistas absolutas de cualquier &#8216;outfit&#8217;. Joyas con car\u00e1cter y personalidad ideales para coronar looks b\u00e1sicos.<\/p>\n<p style=\"text-align: center;\">Y tras las propuestas de los organizadores el Limonar 40 se visti\u00f3 de alta costura. <strong>Javier Alc\u00e1ntara<\/strong> aprovech\u00f3 la cita para presentar su nueva colecci\u00f3n de pret-a-porter, con tocados de <strong>Laura Olea<\/strong>. Lunares, gui\u00f1os al animal print, mucho bicolor blanco y negro con acertados toques de lima y frambuesa en los complementos, juego de transparencias, plisados y hasta cors\u00e9s pisaron la pasarela de la mano del dise\u00f1ador malague\u00f1o. Me enamor\u00f3 el modelo con el que cerr\u00f3 el desfile, en rojo, con una imponente falda de vuelo con cuerpo con transparencias y delicados bordados de pedrer\u00eda.<\/p>\n<p style=\"text-align: center;\">Pese a un ritmo de desfiles mal llevado, excesivo a mi juicio ya que lleg\u00f3 a cansar, a que eran los \u00faltimos y a que muy a su pesar les fall\u00f3 el CD de m\u00fasica (por causas ajenas a ellos), <strong>Montesco<\/strong> puso el broche de oro al evento ben\u00e9fico con una espectacular retrospectiva que permiti\u00f3 repasar sus 25 a\u00f1os de carrera. Un cuarto de siglo de dise\u00f1os impecables, con un dominio de la aguja que mima hasta el \u00faltimo de los detalles, con la elegancia por bandera y ese sello barroco y ostentoso de la casa malague\u00f1a que les hace inconfundibles. Rayas diplom\u00e1ticas, capas, flecos o brocados dominaron sus modelos. Me encant\u00f3 su ba\u00f1ador con biznagas malague\u00f1as y su modelo de novia, sofisticado y estilos\u00edsimo.<\/p>\n<p style=\"text-align: center;\">Os dejo con un resumen del acto en fotos, obra de<strong> Pablo Souvir\u00f3n<\/strong>. Y lo dicho, para futuras ediciones se agradecer\u00eda un mayor dinamismo sobre la pasarela, ya que se hizo muy larga. Otro fallo: abrir la barra de bebidas antes de que terminara lo que desvi\u00f3 la atenci\u00f3n del p\u00fablico y perjudic\u00f3 a los \u00faltimos en desfilar, peque\u00f1os detalles que deben limarse para que un acto tan bonito y en un paraje tan maravillosos brille al 100%. \u00a0\u00a1Hasta ma\u00f1ana!<\/p>\n<div class=\"text_exposed_root text_exposed\"><a href=\"\/pasarelaurbana\/wp-content\/uploads\/sites\/49\/2014\/05\/119.jpg\"><img loading=\"lazy\" class=\"aligncenter size-full wp-image-7058\" title=\"1\" src=\"\/pasarelaurbana\/wp-content\/uploads\/sites\/49\/2014\/05\/119.jpg\" alt=\"\" width=\"600\" height=\"400\" srcset=\"https:\/\/static-blogs.diariosur.es\/wp-content\/uploads\/sites\/49\/2014\/05\/119.jpg 600w, https:\/\/static-blogs.diariosur.es\/wp-content\/uploads\/sites\/49\/2014\/05\/119-300x200.jpg 300w\" sizes=\"(max-width: 600px) 100vw, 600px\" \/><\/a><!--more--><a href=\"\/pasarelaurbana\/wp-content\/uploads\/sites\/49\/2014\/05\/47.jpg\"><img loading=\"lazy\" class=\"aligncenter size-full wp-image-7061\" title=\"4\" src=\"\/pasarelaurbana\/wp-content\/uploads\/sites\/49\/2014\/05\/47.jpg\" alt=\"\" width=\"600\" height=\"900\" srcset=\"https:\/\/static-blogs.diariosur.es\/wp-content\/uploads\/sites\/49\/2014\/05\/47.jpg 600w, https:\/\/static-blogs.diariosur.es\/wp-content\/uploads\/sites\/49\/2014\/05\/47-200x300.jpg 200w\" sizes=\"(max-width: 600px) 100vw, 600px\" \/><\/a><\/div>\n<div id=\"id_5377bf4e72a7c5c61637108\" class=\"text_exposed_root text_exposed\">\n<p style=\"text-align: center;\"><a href=\"\/pasarelaurbana\/wp-content\/uploads\/sites\/49\/2014\/05\/37.jpg\"><img loading=\"lazy\" class=\"aligncenter size-full wp-image-7060\" title=\"3\" src=\"\/pasarelaurbana\/wp-content\/uploads\/sites\/49\/2014\/05\/37.jpg\" alt=\"\" width=\"600\" height=\"900\" srcset=\"https:\/\/static-blogs.diariosur.es\/wp-content\/uploads\/sites\/49\/2014\/05\/37.jpg 600w, https:\/\/static-blogs.diariosur.es\/wp-content\/uploads\/sites\/49\/2014\/05\/37-200x300.jpg 200w\" sizes=\"(max-width: 600px) 100vw, 600px\" \/><\/a><\/p>\n<p style=\"text-align: center;\">Sobre estas l\u00edneas, Juanibel Vera, due\u00f1a de Opalo.<\/p>\n<p style=\"text-align: center;\"><a href=\"\/pasarelaurbana\/wp-content\/uploads\/sites\/49\/2014\/05\/57.jpg\"><img loading=\"lazy\" class=\"aligncenter size-full wp-image-7062\" title=\"5\" src=\"\/pasarelaurbana\/wp-content\/uploads\/sites\/49\/2014\/05\/57.jpg\" alt=\"\" width=\"600\" height=\"900\" srcset=\"https:\/\/static-blogs.diariosur.es\/wp-content\/uploads\/sites\/49\/2014\/05\/57.jpg 600w, https:\/\/static-blogs.diariosur.es\/wp-content\/uploads\/sites\/49\/2014\/05\/57-200x300.jpg 200w\" sizes=\"(max-width: 600px) 100vw, 600px\" \/><\/a><\/p>\n<p style=\"text-align: center;\"><a href=\"\/pasarelaurbana\/wp-content\/uploads\/sites\/49\/2014\/05\/66.jpg\"><img loading=\"lazy\" class=\"aligncenter size-full wp-image-7063\" title=\"6\" src=\"\/pasarelaurbana\/wp-content\/uploads\/sites\/49\/2014\/05\/66.jpg\" alt=\"\" width=\"600\" height=\"900\" srcset=\"https:\/\/static-blogs.diariosur.es\/wp-content\/uploads\/sites\/49\/2014\/05\/66.jpg 600w, https:\/\/static-blogs.diariosur.es\/wp-content\/uploads\/sites\/49\/2014\/05\/66-200x300.jpg 200w\" sizes=\"(max-width: 600px) 100vw, 600px\" \/><\/a><\/p>\n<p style=\"text-align: center;\">Jos\u00e9 Luis Joyeros<\/p>\n<p style=\"text-align: center;\"><a href=\"\/pasarelaurbana\/wp-content\/uploads\/sites\/49\/2014\/05\/75.jpg\"><img loading=\"lazy\" class=\"aligncenter size-full wp-image-7064\" title=\"7\" src=\"\/pasarelaurbana\/wp-content\/uploads\/sites\/49\/2014\/05\/75.jpg\" alt=\"\" width=\"600\" height=\"900\" srcset=\"https:\/\/static-blogs.diariosur.es\/wp-content\/uploads\/sites\/49\/2014\/05\/75.jpg 600w, https:\/\/static-blogs.diariosur.es\/wp-content\/uploads\/sites\/49\/2014\/05\/75-200x300.jpg 200w\" sizes=\"(max-width: 600px) 100vw, 600px\" \/><\/a><\/p>\n<p style=\"text-align: center;\"><a href=\"\/pasarelaurbana\/wp-content\/uploads\/sites\/49\/2014\/05\/86.jpg\"><img loading=\"lazy\" class=\"aligncenter size-full wp-image-7065\" title=\"8\" src=\"\/pasarelaurbana\/wp-content\/uploads\/sites\/49\/2014\/05\/86.jpg\" alt=\"\" width=\"600\" height=\"900\" srcset=\"https:\/\/static-blogs.diariosur.es\/wp-content\/uploads\/sites\/49\/2014\/05\/86.jpg 600w, https:\/\/static-blogs.diariosur.es\/wp-content\/uploads\/sites\/49\/2014\/05\/86-200x300.jpg 200w\" sizes=\"(max-width: 600px) 100vw, 600px\" \/><\/a><\/p>\n<p style=\"text-align: center;\">Javier Alc\u00e1ntara, al cierre de su desfile.<\/p>\n<p style=\"text-align: center;\"><a href=\"\/pasarelaurbana\/wp-content\/uploads\/sites\/49\/2014\/05\/96.jpg\"><img loading=\"lazy\" class=\"aligncenter size-full wp-image-7057\" title=\"9\" src=\"\/pasarelaurbana\/wp-content\/uploads\/sites\/49\/2014\/05\/96.jpg\" alt=\"\" width=\"600\" height=\"900\" srcset=\"https:\/\/static-blogs.diariosur.es\/wp-content\/uploads\/sites\/49\/2014\/05\/96.jpg 600w, https:\/\/static-blogs.diariosur.es\/wp-content\/uploads\/sites\/49\/2014\/05\/96-200x300.jpg 200w\" sizes=\"(max-width: 600px) 100vw, 600px\" \/><\/a><\/p>\n<p style=\"text-align: center;\"><a href=\"\/pasarelaurbana\/wp-content\/uploads\/sites\/49\/2014\/05\/27.jpg\"><img loading=\"lazy\" class=\"aligncenter size-full wp-image-7059\" title=\"2\" src=\"\/pasarelaurbana\/wp-content\/uploads\/sites\/49\/2014\/05\/27.jpg\" alt=\"\" width=\"600\" height=\"400\" srcset=\"https:\/\/static-blogs.diariosur.es\/wp-content\/uploads\/sites\/49\/2014\/05\/27.jpg 600w, https:\/\/static-blogs.diariosur.es\/wp-content\/uploads\/sites\/49\/2014\/05\/27-300x200.jpg 300w\" sizes=\"(max-width: 600px) 100vw, 600px\" \/><\/a><\/p>\n<p style=\"text-align: center;\">Y para terminar, las propuestas de Montesco Alta Costura, con quienes poso abajo.<\/p>\n<p style=\"text-align: center;\"><img src=\"webkit-fake-url:\/\/1C61FAF1-ACE2-4639-AF47-1FBA743798BC\/imagejpeg\" alt=\"\" \/><\/p>\n<p style=\"text-align: center;\">\n<\/div>\n","protected":false},"excerpt":{"rendered":"<p>\u00a1Buenas! Despu\u00e9s de un fin de semana intenso de trabajo ayer me tom\u00e9 el d\u00eda para desconectar, pero ya estoy de regreso para contaros el acto al que acud\u00ed el viernes. Un a\u00f1o m\u00e1s, la alta costura malague\u00f1a se visti\u00f3 de solidaridad para celebrar el III Desfile ben\u00e9fico abierto al mar. Una pasarela altruista creada [&hellip;]<\/p>\n","protected":false},"author":54,"featured_media":0,"comment_status":"open","ping_status":"open","sticky":false,"template":"","format":"standard","meta":[],"categories":[2],"tags":[],"_links":{"self":[{"href":"https:\/\/blogs.diariosur.es\/pasarelaurbana\/wp-json\/wp\/v2\/posts\/7056"}],"collection":[{"href":"https:\/\/blogs.diariosur.es\/pasarelaurbana\/wp-json\/wp\/v2\/posts"}],"about":[{"href":"https:\/\/blogs.diariosur.es\/pasarelaurbana\/wp-json\/wp\/v2\/types\/post"}],"author":[{"embeddable":true,"href":"https:\/\/blogs.diariosur.es\/pasarelaurbana\/wp-json\/wp\/v2\/users\/54"}],"replies":[{"embeddable":true,"href":"https:\/\/blogs.diariosur.es\/pasarelaurbana\/wp-json\/wp\/v2\/comments?post=7056"}],"version-history":[{"count":0,"href":"https:\/\/blogs.diariosur.es\/pasarelaurbana\/wp-json\/wp\/v2\/posts\/7056\/revisions"}],"wp:attachment":[{"href":"https:\/\/blogs.diariosur.es\/pasarelaurbana\/wp-json\/wp\/v2\/media?parent=7056"}],"wp:term":[{"taxonomy":"category","embeddable":true,"href":"https:\/\/blogs.diariosur.es\/pasarelaurbana\/wp-json\/wp\/v2\/categories?post=7056"},{"taxonomy":"post_tag","embeddable":true,"href":"https:\/\/blogs.diariosur.es\/pasarelaurbana\/wp-json\/wp\/v2\/tags?post=7056"}],"curies":[{"name":"wp","href":"https:\/\/api.w.org\/{rel}","templated":true}]}}