{"id":7071,"date":"2014-05-21T16:01:00","date_gmt":"2014-05-21T14:01:00","guid":{"rendered":"http:\/\/blogs.diariosur.es\/pasarelaurbana\/?p=7071"},"modified":"2014-05-21T16:01:00","modified_gmt":"2014-05-21T14:01:00","slug":"el-malagueno-rafael-urquizar-lleva-sus-puntadas-de-amor-a-la-pasarela-costura-espana","status":"publish","type":"post","link":"https:\/\/blogs.diariosur.es\/pasarelaurbana\/2014\/05\/21\/el-malagueno-rafael-urquizar-lleva-sus-puntadas-de-amor-a-la-pasarela-costura-espana\/","title":{"rendered":"El malague\u00f1o Rafael Urquizar lleva sus &#039;puntadas de amor&#039; a la pasarela Costura Espa\u00f1a"},"content":{"rendered":"<p style=\"text-align: center;\">Lleg\u00f3, desfil\u00f3 y enamor\u00f3. <strong>Rafael Urquizar<\/strong> fue ayer uno de los protagonistas de la nueva <strong>Pasarela Costura Espa\u00f1a<\/strong>, una plataforma nacida para promocionr la moda nupcial hecha en nuestro pa\u00eds. El dise\u00f1ador malague\u00f1o -que ha sido el encargado de impulsar la<a href=\"http:\/\/spaincouture.com\/\" rel=\"external nofollow\"> Asociaci\u00f3n Costura Espa\u00f1a<\/a> junto a los modistos <strong>Rub\u00e9n Perlotti y Paula Vals<\/strong>&#8211; present\u00f3 en el Palacio de Cibeles<strong> &#8216;Puntadas de Amor&#8217;,<\/strong> una colecci\u00f3n nupcial y festiva, de car\u00e1cter artesanal y con claros gui\u00f1os a la alta costura. Como ha explicado el propio Urquizar, sus nuevas propuestas recuperan la esencia de los valores est\u00e9ticos que caracterizan la firma desde su origen. Un regreso al significado y a la expresividad de<strong> la costura cl\u00e1sica como parte de su proceso creativo<\/strong>, en donde el dialogo entre clienta y autor forman parte del mismo. &#8220;Se busca un estilo muy contundente mediante la depuraci\u00f3n de l\u00edneas con <strong>sutiles vol\u00famenes y el trabajo artesanal<\/strong> que hay detr\u00e1s de cada costura y detalle. S\u00edmbolos de un pasado no muy lejano en el tiempo, sin nostalgia pero utilizando t\u00e9cnicas artesanales ya casi olvidadas&#8221;, destaca el creador. Inspirada en la cultura, el arte, los olores y las tradiciones de Andaluc\u00eda &#8211; sin rozar los t\u00f3picos. &#8216;Puntadas de amor&#8217; <strong>pone el foco de atenci\u00f3n en la cintura femenina<\/strong>, casi siempre ce\u00f1ida por\u00a0cinturones esculturales o bordados con t\u00e9cnicas de aplicaci\u00f3n en oro y cristal. As\u00ed, el dise\u00f1ador juega con las siluetas en dos vertientes: una de ellas con efectos esculturales (conseguidos a base de plegados y volantes) y otra muy fluida con drapeados y efectos capa.<\/p>\n<p style=\"text-align: center;\">Los <strong>pantalones<\/strong> son absolutos protagonistas de esta colecci\u00f3n, tanto en la de costura como en la de novias, logrando con ellos looks\u00a0 <wbr>vanguardistas. <strong>Los tejidos son prioritariamente de seda natural<\/strong> aunque trabajados en muchas texturas, gasas, sat\u00e9n,\u00a0punto,\u00a0rasos y combinaciones de seda r\u00fastica con hilos de oro. Encajes con efectos de filigranas y tridimensionales. Los colores, por su parte, se van combinando entre s\u00ed creando sorprendentes resultados: rosa jade, rojo sangre,oro, azul\u00a0noche y negro\u00a0profundo se al\u00edan en perfecta armon\u00eda mientras que en la colecci\u00f3n de novias se imponen el n\u00e1car\u00a0y\u00a0el blanco azahar mezclados en algunas ocasiones conpinceladas de rosa jade y oro.<\/wbr><\/p>\n<p style=\"text-align: center;\">Junto a Urquizar, que deslumbr\u00f3 con sus propuestas,<strong> la pasarela Costura Espa\u00f1a repas\u00f3 ayer las \u00faltimas colecciones de otros once dise\u00f1adores, que adelantaron las nuevas tendencias en vestidos de novia y complementos<\/strong> dejando claro que el sector goza de muy buena salud. Y es que como destacaron, las firmas espa\u00f1olas especializadas en moda nupcials &#8220;pasan por uno de sus mejores momentos&#8221;, hasta el punto de que Espa\u00f1a se ha erigido como el segundo exportador mundial, solo aventajado por China&#8221;, seg\u00fan fuentes de Costura Espa\u00f1a.<\/p>\n<p style=\"text-align: center;\">Os dejo con un <strong>resumen en fotos<\/strong> del espectacular desfile de Rafael Urquizar. \u00a1Espero que os guste!<\/p>\n<p><a href=\"\/pasarelaurbana\/wp-content\/uploads\/sites\/49\/2014\/05\/5.jpeg\"><img loading=\"lazy\" class=\"aligncenter size-full wp-image-7072\" title=\"5\" src=\"\/pasarelaurbana\/wp-content\/uploads\/sites\/49\/2014\/05\/5.jpeg\" alt=\"\" width=\"600\" height=\"720\" srcset=\"https:\/\/static-blogs.diariosur.es\/wp-content\/uploads\/sites\/49\/2014\/05\/5.jpeg 600w, https:\/\/static-blogs.diariosur.es\/wp-content\/uploads\/sites\/49\/2014\/05\/5-250x300.jpeg 250w\" sizes=\"(max-width: 600px) 100vw, 600px\" \/><\/a><\/p>\n<p><a href=\"\/pasarelaurbana\/wp-content\/uploads\/sites\/49\/2014\/05\/3.jpeg\"><img loading=\"lazy\" class=\"aligncenter size-full wp-image-7075\" title=\"3\" src=\"\/pasarelaurbana\/wp-content\/uploads\/sites\/49\/2014\/05\/3.jpeg\" alt=\"\" width=\"600\" height=\"720\" srcset=\"https:\/\/static-blogs.diariosur.es\/wp-content\/uploads\/sites\/49\/2014\/05\/3.jpeg 600w, https:\/\/static-blogs.diariosur.es\/wp-content\/uploads\/sites\/49\/2014\/05\/3-250x300.jpeg 250w\" sizes=\"(max-width: 600px) 100vw, 600px\" \/><\/a><\/p>\n<p><!--more--><\/p>\n<p><a href=\"\/pasarelaurbana\/wp-content\/uploads\/sites\/49\/2014\/05\/120.jpg\"><img loading=\"lazy\" class=\"aligncenter size-full wp-image-7073\" title=\"1\" src=\"\/pasarelaurbana\/wp-content\/uploads\/sites\/49\/2014\/05\/120.jpg\" alt=\"\" width=\"600\" height=\"828\" srcset=\"https:\/\/static-blogs.diariosur.es\/wp-content\/uploads\/sites\/49\/2014\/05\/120.jpg 600w, https:\/\/static-blogs.diariosur.es\/wp-content\/uploads\/sites\/49\/2014\/05\/120-217x300.jpg 217w\" sizes=\"(max-width: 600px) 100vw, 600px\" \/><\/a><\/p>\n<p><a href=\"\/pasarelaurbana\/wp-content\/uploads\/sites\/49\/2014\/05\/2.jpeg\"><img loading=\"lazy\" class=\"aligncenter size-full wp-image-7074\" title=\"2\" src=\"\/pasarelaurbana\/wp-content\/uploads\/sites\/49\/2014\/05\/2.jpeg\" alt=\"\" width=\"600\" height=\"720\" srcset=\"https:\/\/static-blogs.diariosur.es\/wp-content\/uploads\/sites\/49\/2014\/05\/2.jpeg 600w, https:\/\/static-blogs.diariosur.es\/wp-content\/uploads\/sites\/49\/2014\/05\/2-250x300.jpeg 250w\" sizes=\"(max-width: 600px) 100vw, 600px\" \/><\/a><\/p>\n<p><a href=\"\/pasarelaurbana\/wp-content\/uploads\/sites\/49\/2014\/05\/4.jpeg\"><img loading=\"lazy\" class=\"aligncenter size-full wp-image-7076\" title=\"4\" src=\"\/pasarelaurbana\/wp-content\/uploads\/sites\/49\/2014\/05\/4.jpeg\" alt=\"\" width=\"600\" height=\"720\" srcset=\"https:\/\/static-blogs.diariosur.es\/wp-content\/uploads\/sites\/49\/2014\/05\/4.jpeg 600w, https:\/\/static-blogs.diariosur.es\/wp-content\/uploads\/sites\/49\/2014\/05\/4-250x300.jpeg 250w\" sizes=\"(max-width: 600px) 100vw, 600px\" \/><\/a><\/p>\n","protected":false},"excerpt":{"rendered":"<p>Lleg\u00f3, desfil\u00f3 y enamor\u00f3. Rafael Urquizar fue ayer uno de los protagonistas de la nueva Pasarela Costura Espa\u00f1a, una plataforma nacida para promocionr la moda nupcial hecha en nuestro pa\u00eds. El dise\u00f1ador malague\u00f1o -que ha sido el encargado de impulsar la Asociaci\u00f3n Costura Espa\u00f1a junto a los modistos Rub\u00e9n Perlotti y Paula Vals&#8211; present\u00f3 en [&hellip;]<\/p>\n","protected":false},"author":54,"featured_media":0,"comment_status":"open","ping_status":"open","sticky":false,"template":"","format":"standard","meta":[],"categories":[2],"tags":[],"_links":{"self":[{"href":"https:\/\/blogs.diariosur.es\/pasarelaurbana\/wp-json\/wp\/v2\/posts\/7071"}],"collection":[{"href":"https:\/\/blogs.diariosur.es\/pasarelaurbana\/wp-json\/wp\/v2\/posts"}],"about":[{"href":"https:\/\/blogs.diariosur.es\/pasarelaurbana\/wp-json\/wp\/v2\/types\/post"}],"author":[{"embeddable":true,"href":"https:\/\/blogs.diariosur.es\/pasarelaurbana\/wp-json\/wp\/v2\/users\/54"}],"replies":[{"embeddable":true,"href":"https:\/\/blogs.diariosur.es\/pasarelaurbana\/wp-json\/wp\/v2\/comments?post=7071"}],"version-history":[{"count":0,"href":"https:\/\/blogs.diariosur.es\/pasarelaurbana\/wp-json\/wp\/v2\/posts\/7071\/revisions"}],"wp:attachment":[{"href":"https:\/\/blogs.diariosur.es\/pasarelaurbana\/wp-json\/wp\/v2\/media?parent=7071"}],"wp:term":[{"taxonomy":"category","embeddable":true,"href":"https:\/\/blogs.diariosur.es\/pasarelaurbana\/wp-json\/wp\/v2\/categories?post=7071"},{"taxonomy":"post_tag","embeddable":true,"href":"https:\/\/blogs.diariosur.es\/pasarelaurbana\/wp-json\/wp\/v2\/tags?post=7071"}],"curies":[{"name":"wp","href":"https:\/\/api.w.org\/{rel}","templated":true}]}}