{"id":7078,"date":"2014-05-24T00:01:30","date_gmt":"2014-05-23T22:01:30","guid":{"rendered":"http:\/\/blogs.diariosur.es\/pasarelaurbana\/?p=7078"},"modified":"2014-05-24T00:01:30","modified_gmt":"2014-05-23T22:01:30","slug":"cuatro-looks-de-diario","status":"publish","type":"post","link":"https:\/\/blogs.diariosur.es\/pasarelaurbana\/2014\/05\/24\/cuatro-looks-de-diario\/","title":{"rendered":"Cuatro looks de diario"},"content":{"rendered":"<p style=\"text-align: center;\">La semana que se despide ha sido muy inestable en lo que a meteorolog\u00eda se refiere. Cuando la mayor\u00eda hab\u00edamos mandado los botines y chaquetones al exilio, la lluvia, el viento y la bajada de temperaturas han pillado a muchos armarios fuera de juego. \u00bfEl resultado? Mucha improvisaci\u00f3n y muchas mezclas (v\u00e9ase toparse en cuesti\u00f3n de cinco minutos por la misma calle con unas sandalias de tiras y unas botas de agua). Sobre la pasarela urbana, han sido d\u00edas de contrastes en los que la ropa de nueva temporada se ha visto obligada a convivir con prendas m\u00e1s oto\u00f1ales. SUR sali\u00f3 el pasado mi\u00e9rcoles a la calle para fichar propuestas de looks de d\u00eda. Cuatro apuestas b\u00e1sicas y muy recurrentes para sortear los vaivenes del tiempo en esta \u00e9poca de transici\u00f3n. Vaqueros -se llevan muy rotos, efecto \u2018boyfriend\u2019 y tobilleros-, camisas vaqueras o de tejidos ligeros y vestidos vaporosos combinados con blazers se imponen en los estilismos de las malague\u00f1as. Un \u2018street style\u2019 en el que prima la comodidad y en el que las deportivas y las sandalias planas le ganan la batalla a los tacones.<br \/>\nCara al verano, que ya asoma por el calendario, las tendencias renuevan sus c\u00f3digos con un nuevo listado de imprescindibles muy a tener en cuenta. Los petos, por ejemplo, vuelven a la carga con energ\u00edas renovadas y, a diferencia de otros a\u00f1os, dominan en su versi\u00f3n corta. Ojo con esta prenda porque apunta maneras de convertirse en un claro \u2018must have\u2019 de los pr\u00f3ximos meses. Igual ocurre con los chalecos vaqueros, que resurgen de sus cenizas cual Ave F\u00e9nix para colarse en todo tipo de \u2018outfits\u2019.<br \/>\nEn materia de estampados triunfan los cuadros vichy -principalmente en formato bicolor blanco y negro- y los tejidos tropicales que nos trasladan a un destino ex\u00f3tico. \u00bfEl acabado estrella? Los encajes, arrasan.<\/p>\n<p style=\"text-align: center;\"><a href=\"\/pasarelaurbana\/wp-content\/uploads\/sites\/49\/2014\/05\/124.jpg\"><img loading=\"lazy\" class=\"aligncenter size-full wp-image-7080\" title=\"1\" src=\"\/pasarelaurbana\/wp-content\/uploads\/sites\/49\/2014\/05\/124.jpg\" alt=\"\" width=\"600\" height=\"800\" srcset=\"https:\/\/static-blogs.diariosur.es\/wp-content\/uploads\/sites\/49\/2014\/05\/124.jpg 600w, https:\/\/static-blogs.diariosur.es\/wp-content\/uploads\/sites\/49\/2014\/05\/124-225x300.jpg 225w\" sizes=\"(max-width: 600px) 100vw, 600px\" \/><\/a><\/p>\n<p style=\"text-align: center;\"><!--more--><\/p>\n<p style=\"text-align: center;\"><a href=\"\/pasarelaurbana\/wp-content\/uploads\/sites\/49\/2014\/05\/28.jpg\"><img loading=\"lazy\" class=\"aligncenter size-full wp-image-7081\" title=\"2\" src=\"\/pasarelaurbana\/wp-content\/uploads\/sites\/49\/2014\/05\/28.jpg\" alt=\"\" width=\"600\" height=\"800\" srcset=\"https:\/\/static-blogs.diariosur.es\/wp-content\/uploads\/sites\/49\/2014\/05\/28.jpg 600w, https:\/\/static-blogs.diariosur.es\/wp-content\/uploads\/sites\/49\/2014\/05\/28-225x300.jpg 225w\" sizes=\"(max-width: 600px) 100vw, 600px\" \/><\/a><\/p>\n<p style=\"text-align: center;\"><a href=\"\/pasarelaurbana\/wp-content\/uploads\/sites\/49\/2014\/05\/38.jpg\"><img loading=\"lazy\" class=\"aligncenter size-full wp-image-7082\" title=\"3\" src=\"\/pasarelaurbana\/wp-content\/uploads\/sites\/49\/2014\/05\/38.jpg\" alt=\"\" width=\"600\" height=\"800\" srcset=\"https:\/\/static-blogs.diariosur.es\/wp-content\/uploads\/sites\/49\/2014\/05\/38.jpg 600w, https:\/\/static-blogs.diariosur.es\/wp-content\/uploads\/sites\/49\/2014\/05\/38-225x300.jpg 225w\" sizes=\"(max-width: 600px) 100vw, 600px\" \/><\/a><\/p>\n<p style=\"text-align: center;\"><a href=\"\/pasarelaurbana\/wp-content\/uploads\/sites\/49\/2014\/05\/48.jpg\"><img loading=\"lazy\" class=\"aligncenter size-full wp-image-7083\" title=\"4\" src=\"\/pasarelaurbana\/wp-content\/uploads\/sites\/49\/2014\/05\/48.jpg\" alt=\"\" width=\"600\" height=\"800\" srcset=\"https:\/\/static-blogs.diariosur.es\/wp-content\/uploads\/sites\/49\/2014\/05\/48.jpg 600w, https:\/\/static-blogs.diariosur.es\/wp-content\/uploads\/sites\/49\/2014\/05\/48-225x300.jpg 225w\" sizes=\"(max-width: 600px) 100vw, 600px\" \/><\/a><\/p>\n<p style=\"text-align: center;\"><a href=\"\/pasarelaurbana\/wp-content\/uploads\/sites\/49\/2014\/05\/58.jpg\"><img loading=\"lazy\" class=\"aligncenter size-full wp-image-7084\" title=\"5\" src=\"\/pasarelaurbana\/wp-content\/uploads\/sites\/49\/2014\/05\/58.jpg\" alt=\"\" width=\"600\" height=\"800\" srcset=\"https:\/\/static-blogs.diariosur.es\/wp-content\/uploads\/sites\/49\/2014\/05\/58.jpg 600w, https:\/\/static-blogs.diariosur.es\/wp-content\/uploads\/sites\/49\/2014\/05\/58-225x300.jpg 225w\" sizes=\"(max-width: 600px) 100vw, 600px\" \/><\/a><\/p>\n<p style=\"text-align: center;\"><strong>Lara Guerrero<\/strong>. Estudiante de Bachiller. 18 a\u00f1os<\/p>\n<p style=\"text-align: center;\"><span style=\"text-decoration: underline;\">La elegancia del bicolor, realzada con una nota coral<\/span><br \/>\nLas cl\u00e1sicas sandalias alemanas que triunfaron en los 90 al calor de la est\u00e9tica grunge, las Birkenstock, han vuelto para quedarse. Y con energ\u00edas renovadas. El pasado verano C\u00e9line abri\u00f3 la veda apostando por resucitar este tipo de calzado en su versi\u00f3n peluda y, desde entonces, las r\u00e9plicas no han cesado. Ins\u00f3lito o no, lo cierto es que las \u2018palas\u2019 -como tambi\u00e9n se les denomina en Espa\u00f1a- se han convertido en objeto de deseo de las fashionistas que aprovechan su punto \u2018sport\u2019 para crear estilismos de contrastes con la comodidad por bandera. Lara Guerrero, una joven de 18 a\u00f1os estudiante de Bachiller, elige unas de Primark, en beige y coral, con las que pone la nota de color a un estilismo bicolor blanco y negro.<\/p>\n<p style=\"text-align: center;\">Jersey, chaqueta tipo \u2018biker\u2019: De Zara.<\/p>\n<p style=\"text-align: center;\">Pantalones: Pull&#038;Bear.<\/p>\n<p style=\"text-align: center;\">Sandalias: Primark.<\/p>\n<p style=\"text-align: center;\">Clutch: Zara.<\/p>\n<p style=\"text-align: center;\"><a href=\"\/pasarelaurbana\/wp-content\/uploads\/sites\/49\/2014\/05\/67.jpg\"><img loading=\"lazy\" class=\"aligncenter size-full wp-image-7085\" title=\"6\" src=\"\/pasarelaurbana\/wp-content\/uploads\/sites\/49\/2014\/05\/67.jpg\" alt=\"\" width=\"568\" height=\"850\" srcset=\"https:\/\/static-blogs.diariosur.es\/wp-content\/uploads\/sites\/49\/2014\/05\/67.jpg 568w, https:\/\/static-blogs.diariosur.es\/wp-content\/uploads\/sites\/49\/2014\/05\/67-200x300.jpg 200w\" sizes=\"(max-width: 568px) 100vw, 568px\" \/><\/a><\/p>\n<p style=\"text-align: center;\"><a href=\"\/pasarelaurbana\/wp-content\/uploads\/sites\/49\/2014\/05\/76.jpg\"><img loading=\"lazy\" class=\"aligncenter size-full wp-image-7086\" title=\"7\" src=\"\/pasarelaurbana\/wp-content\/uploads\/sites\/49\/2014\/05\/76.jpg\" alt=\"\" width=\"600\" height=\"402\" srcset=\"https:\/\/static-blogs.diariosur.es\/wp-content\/uploads\/sites\/49\/2014\/05\/76.jpg 600w, https:\/\/static-blogs.diariosur.es\/wp-content\/uploads\/sites\/49\/2014\/05\/76-300x201.jpg 300w\" sizes=\"(max-width: 600px) 100vw, 600px\" \/><\/a><\/p>\n<p style=\"text-align: center;\"><a href=\"\/pasarelaurbana\/wp-content\/uploads\/sites\/49\/2014\/05\/87.jpg\"><img loading=\"lazy\" class=\"aligncenter size-full wp-image-7087\" title=\"8\" src=\"\/pasarelaurbana\/wp-content\/uploads\/sites\/49\/2014\/05\/87.jpg\" alt=\"\" width=\"600\" height=\"896\" srcset=\"https:\/\/static-blogs.diariosur.es\/wp-content\/uploads\/sites\/49\/2014\/05\/87.jpg 600w, https:\/\/static-blogs.diariosur.es\/wp-content\/uploads\/sites\/49\/2014\/05\/87-201x300.jpg 201w\" sizes=\"(max-width: 600px) 100vw, 600px\" \/><\/a><\/p>\n<p style=\"text-align: center;\"><a href=\"\/pasarelaurbana\/wp-content\/uploads\/sites\/49\/2014\/05\/97.jpg\"><img loading=\"lazy\" class=\"aligncenter size-full wp-image-7088\" title=\"9\" src=\"\/pasarelaurbana\/wp-content\/uploads\/sites\/49\/2014\/05\/97.jpg\" alt=\"\" width=\"600\" height=\"898\" srcset=\"https:\/\/static-blogs.diariosur.es\/wp-content\/uploads\/sites\/49\/2014\/05\/97.jpg 600w, https:\/\/static-blogs.diariosur.es\/wp-content\/uploads\/sites\/49\/2014\/05\/97-200x300.jpg 200w\" sizes=\"(max-width: 600px) 100vw, 600px\" \/><\/a><\/p>\n<p style=\"text-align: center;\"><a href=\"\/pasarelaurbana\/wp-content\/uploads\/sites\/49\/2014\/05\/106.jpg\"><img loading=\"lazy\" class=\"aligncenter size-full wp-image-7089\" title=\"10\" src=\"\/pasarelaurbana\/wp-content\/uploads\/sites\/49\/2014\/05\/106.jpg\" alt=\"\" width=\"600\" height=\"939\" srcset=\"https:\/\/static-blogs.diariosur.es\/wp-content\/uploads\/sites\/49\/2014\/05\/106.jpg 600w, https:\/\/static-blogs.diariosur.es\/wp-content\/uploads\/sites\/49\/2014\/05\/106-192x300.jpg 192w\" sizes=\"(max-width: 600px) 100vw, 600px\" \/><\/a><\/p>\n<p style=\"text-align: center;\"><strong>Ana Vera<\/strong>. Gestora patrimonial. 24 a\u00f1os<\/p>\n<p style=\"text-align: center;\"><span style=\"text-decoration: underline;\">Mix de estampados, una apuesta chic aunque arriesgada<\/span><br \/>\nEl mix de estampados protagoniza la propuesta de \u2018street style\u2019 de Ana Vera, una joven malague\u00f1a de 24 a\u00f1os gestora patrimonial a la que le apasiona el mundo de la moda. Nos gusta su apuesta de maridar en un mismo look el estilo \u2018navy\u2019, uno de los grandes cl\u00e1sicos -sino el cl\u00e1sico por excelencia de la primavera- con el animal \u2018print\u2019, que introduce en forma de peque\u00f1a pincelada en los tacones. Muy interesante el contraste de las rayas marineras, en azul y blanco, con las manchas de la piel del leopardo y el rojo de la pulsera de los zapatos de sal\u00f3n. \u00abCuando empieza el calor me aferro a los vestidos y este de ONLY me tiene enamorada desde que lo vi. El largo es ideal y al ser de punto es comod\u00edsimo. Adem\u00e1s, el estampado de rayas siempre es un acierto\u00bb, nos confes\u00f3. Preciosa su blazer de doble abotonadura, una de esas prendas imprescindible de fondo de armario -vers\u00e1til donde las haya- que nos puede sacar de m\u00e1s de un apuro en estas noches de primavera en la que a\u00fan refresca. \u00bfOtros interesantes contrastes?Probar a maridarla con lunares o cuadros vichy. Eso s\u00ed, solo es apto para las m\u00e1s atrevidas.<\/p>\n<p style=\"text-align: center;\">Blazer: Zara.<\/p>\n<p style=\"text-align: center;\">Vestido: Only.<\/p>\n<p style=\"text-align: center;\">Clutch: Zara.<\/p>\n<p style=\"text-align: center;\">Gafas: Ray-Ban.<\/p>\n<p style=\"text-align: center;\"><a href=\"\/pasarelaurbana\/wp-content\/uploads\/sites\/49\/2014\/05\/1110.jpg\"><img loading=\"lazy\" class=\"aligncenter size-full wp-image-7090\" title=\"11\" src=\"\/pasarelaurbana\/wp-content\/uploads\/sites\/49\/2014\/05\/1110.jpg\" alt=\"\" width=\"600\" height=\"800\" srcset=\"https:\/\/static-blogs.diariosur.es\/wp-content\/uploads\/sites\/49\/2014\/05\/1110.jpg 600w, https:\/\/static-blogs.diariosur.es\/wp-content\/uploads\/sites\/49\/2014\/05\/1110-225x300.jpg 225w\" sizes=\"(max-width: 600px) 100vw, 600px\" \/><\/a><\/p>\n<p style=\"text-align: center;\"><a href=\"\/pasarelaurbana\/wp-content\/uploads\/sites\/49\/2014\/05\/125.jpg\"><img loading=\"lazy\" class=\"aligncenter size-full wp-image-7092\" title=\"12\" src=\"\/pasarelaurbana\/wp-content\/uploads\/sites\/49\/2014\/05\/125.jpg\" alt=\"\" width=\"600\" height=\"800\" srcset=\"https:\/\/static-blogs.diariosur.es\/wp-content\/uploads\/sites\/49\/2014\/05\/125.jpg 600w, https:\/\/static-blogs.diariosur.es\/wp-content\/uploads\/sites\/49\/2014\/05\/125-225x300.jpg 225w\" sizes=\"(max-width: 600px) 100vw, 600px\" \/><\/a><\/p>\n<p style=\"text-align: center;\"><a href=\"\/pasarelaurbana\/wp-content\/uploads\/sites\/49\/2014\/05\/144.jpg\"><img loading=\"lazy\" class=\"aligncenter size-full wp-image-7094\" title=\"14\" src=\"\/pasarelaurbana\/wp-content\/uploads\/sites\/49\/2014\/05\/144.jpg\" alt=\"\" width=\"600\" height=\"800\" srcset=\"https:\/\/static-blogs.diariosur.es\/wp-content\/uploads\/sites\/49\/2014\/05\/144.jpg 600w, https:\/\/static-blogs.diariosur.es\/wp-content\/uploads\/sites\/49\/2014\/05\/144-225x300.jpg 225w\" sizes=\"(max-width: 600px) 100vw, 600px\" \/><\/a><\/p>\n<p style=\"text-align: center;\"><strong>Sara Romero del Hombrebueno<\/strong>. Estudiante de Educaci\u00f3n Infantil. 27 a\u00f1os<\/p>\n<p style=\"text-align: center;\"><span style=\"text-decoration: underline;\">Las Nike, nuevo objeto de deseo de las fashionistas<\/span><\/p>\n<p style=\"text-align: center;\">Pese a su adn deportivo, en los \u00faltimos a\u00f1os los tenis han dado el salto de los gimnasios y vestuarios a todo tipo de estilismos, incluidos los m\u00e1s formales. Sara Romero del Hombrebueno, una estudiante de Educaci\u00f3n Infantil de 27 a\u00f1os, se decanta por el \u2018sporty chic\u2019 para su \u2018outfit\u2019 de diario, con un punto desenfadado y juvenil. \u00bfSu apuesta? Camisa vaquera -muy recurrente estos d\u00edas- con vaqueros blancos tobilleros, \u2018shopping bag\u2019 y sus inseparables Nike azules.<\/p>\n<p style=\"text-align: center;\">Camisa: Stardivarius.<\/p>\n<p style=\"text-align: center;\">Pantalones: Bershka.<\/p>\n<p style=\"text-align: center;\">Bolso: Zara.<\/p>\n<p style=\"text-align: center;\">Deportivas: Nike.<\/p>\n<p style=\"text-align: center;\"><a href=\"\/pasarelaurbana\/wp-content\/uploads\/sites\/49\/2014\/05\/163.jpg\"><img loading=\"lazy\" class=\"aligncenter size-full wp-image-7096\" title=\"16\" src=\"\/pasarelaurbana\/wp-content\/uploads\/sites\/49\/2014\/05\/163.jpg\" alt=\"\" width=\"600\" height=\"800\" srcset=\"https:\/\/static-blogs.diariosur.es\/wp-content\/uploads\/sites\/49\/2014\/05\/163.jpg 600w, https:\/\/static-blogs.diariosur.es\/wp-content\/uploads\/sites\/49\/2014\/05\/163-225x300.jpg 225w\" sizes=\"(max-width: 600px) 100vw, 600px\" \/><\/a><\/p>\n<p style=\"text-align: center;\"><a href=\"\/pasarelaurbana\/wp-content\/uploads\/sites\/49\/2014\/05\/154.jpg\"><img loading=\"lazy\" class=\"aligncenter size-full wp-image-7095\" title=\"15\" src=\"\/pasarelaurbana\/wp-content\/uploads\/sites\/49\/2014\/05\/154.jpg\" alt=\"\" width=\"600\" height=\"800\" srcset=\"https:\/\/static-blogs.diariosur.es\/wp-content\/uploads\/sites\/49\/2014\/05\/154.jpg 600w, https:\/\/static-blogs.diariosur.es\/wp-content\/uploads\/sites\/49\/2014\/05\/154-225x300.jpg 225w\" sizes=\"(max-width: 600px) 100vw, 600px\" \/><\/a><\/p>\n<p style=\"text-align: center;\"><a href=\"\/pasarelaurbana\/wp-content\/uploads\/sites\/49\/2014\/05\/174.jpg\"><img loading=\"lazy\" class=\"aligncenter size-full wp-image-7097\" title=\"17\" src=\"\/pasarelaurbana\/wp-content\/uploads\/sites\/49\/2014\/05\/174.jpg\" alt=\"\" width=\"600\" height=\"800\" srcset=\"https:\/\/static-blogs.diariosur.es\/wp-content\/uploads\/sites\/49\/2014\/05\/174.jpg 600w, https:\/\/static-blogs.diariosur.es\/wp-content\/uploads\/sites\/49\/2014\/05\/174-225x300.jpg 225w\" sizes=\"(max-width: 600px) 100vw, 600px\" \/><\/a><\/p>\n<p style=\"text-align: center;\"><a href=\"\/pasarelaurbana\/wp-content\/uploads\/sites\/49\/2014\/05\/183.jpg\"><img loading=\"lazy\" class=\"aligncenter size-full wp-image-7098\" title=\"18\" src=\"\/pasarelaurbana\/wp-content\/uploads\/sites\/49\/2014\/05\/183.jpg\" alt=\"\" width=\"600\" height=\"800\" srcset=\"https:\/\/static-blogs.diariosur.es\/wp-content\/uploads\/sites\/49\/2014\/05\/183.jpg 600w, https:\/\/static-blogs.diariosur.es\/wp-content\/uploads\/sites\/49\/2014\/05\/183-225x300.jpg 225w\" sizes=\"(max-width: 600px) 100vw, 600px\" \/><\/a><\/p>\n<p style=\"text-align: center;\"><a href=\"\/pasarelaurbana\/wp-content\/uploads\/sites\/49\/2014\/05\/192.jpg\"><img loading=\"lazy\" class=\"aligncenter size-full wp-image-7091\" title=\"19\" src=\"\/pasarelaurbana\/wp-content\/uploads\/sites\/49\/2014\/05\/192.jpg\" alt=\"\" width=\"600\" height=\"800\" srcset=\"https:\/\/static-blogs.diariosur.es\/wp-content\/uploads\/sites\/49\/2014\/05\/192.jpg 600w, https:\/\/static-blogs.diariosur.es\/wp-content\/uploads\/sites\/49\/2014\/05\/192-225x300.jpg 225w\" sizes=\"(max-width: 600px) 100vw, 600px\" \/><\/a><\/p>\n<p style=\"text-align: center;\"><strong>Tamara Vega<\/strong>. Bi\u00f3loga. 29 a\u00f1os<\/p>\n<p style=\"text-align: center;\"><span style=\"text-decoration: underline;\">Los cuadros arrasan, principalmente en clave vichy<\/span><br \/>\nTamara Vega, una bi\u00f3loga malague\u00f1a de 29 a\u00f1os, opt\u00f3 el pasado mi\u00e9rcoles por un look c\u00f3modo y funcional para una jornada de tiendas por el centro de ocio Plaza Mayor. Los cuadros, uno de los estampados que pisan fuerte estos d\u00edas -especialmente en clave vichy- son los protagonistas de su \u2018outfit\u2019 casual, que complet\u00f3 con vaqueros entubados oscuros y botines marrones (que en los \u00faltimos d\u00edas han regresado al asfalto malague\u00f1o empujados por la bajada de temperaturas). Un \u2018shopping bag\u2019 negro fue su aliado perfecto para la ocasi\u00f3n.<\/p>\n<p style=\"text-align: center;\">Camisa y vaqueros: H&#038;M.<\/p>\n<p style=\"text-align: center;\">Botines: Bershka.<\/p>\n<p style=\"text-align: center;\">Bolso: Zara.<\/p>\n","protected":false},"excerpt":{"rendered":"<p>La semana que se despide ha sido muy inestable en lo que a meteorolog\u00eda se refiere. Cuando la mayor\u00eda hab\u00edamos mandado los botines y chaquetones al exilio, la lluvia, el viento y la bajada de temperaturas han pillado a muchos armarios fuera de juego. \u00bfEl resultado? Mucha improvisaci\u00f3n y muchas mezclas (v\u00e9ase toparse en cuesti\u00f3n [&hellip;]<\/p>\n","protected":false},"author":54,"featured_media":0,"comment_status":"open","ping_status":"open","sticky":false,"template":"","format":"standard","meta":[],"categories":[2],"tags":[],"_links":{"self":[{"href":"https:\/\/blogs.diariosur.es\/pasarelaurbana\/wp-json\/wp\/v2\/posts\/7078"}],"collection":[{"href":"https:\/\/blogs.diariosur.es\/pasarelaurbana\/wp-json\/wp\/v2\/posts"}],"about":[{"href":"https:\/\/blogs.diariosur.es\/pasarelaurbana\/wp-json\/wp\/v2\/types\/post"}],"author":[{"embeddable":true,"href":"https:\/\/blogs.diariosur.es\/pasarelaurbana\/wp-json\/wp\/v2\/users\/54"}],"replies":[{"embeddable":true,"href":"https:\/\/blogs.diariosur.es\/pasarelaurbana\/wp-json\/wp\/v2\/comments?post=7078"}],"version-history":[{"count":0,"href":"https:\/\/blogs.diariosur.es\/pasarelaurbana\/wp-json\/wp\/v2\/posts\/7078\/revisions"}],"wp:attachment":[{"href":"https:\/\/blogs.diariosur.es\/pasarelaurbana\/wp-json\/wp\/v2\/media?parent=7078"}],"wp:term":[{"taxonomy":"category","embeddable":true,"href":"https:\/\/blogs.diariosur.es\/pasarelaurbana\/wp-json\/wp\/v2\/categories?post=7078"},{"taxonomy":"post_tag","embeddable":true,"href":"https:\/\/blogs.diariosur.es\/pasarelaurbana\/wp-json\/wp\/v2\/tags?post=7078"}],"curies":[{"name":"wp","href":"https:\/\/api.w.org\/{rel}","templated":true}]}}