{"id":7099,"date":"2014-05-23T18:04:47","date_gmt":"2014-05-23T16:04:47","guid":{"rendered":"http:\/\/blogs.diariosur.es\/pasarelaurbana\/?p=7099"},"modified":"2014-05-23T18:04:47","modified_gmt":"2014-05-23T16:04:47","slug":"mercadillo-de-taras-en-mango-outlet","status":"publish","type":"post","link":"https:\/\/blogs.diariosur.es\/pasarelaurbana\/2014\/05\/23\/mercadillo-de-taras-en-mango-outlet\/","title":{"rendered":"Mercadillo de taras en Mango Outlet"},"content":{"rendered":"<p style=\"text-align: center;\">\u00a1Feliz viernes! Disculpad que en las \u00faltimas semanas no actualice a diario el blog, pero de aqu\u00ed a principios de junio va a tener que ser as\u00ed por razones de organizaci\u00f3n interna de mi trabajo. En breve os podr\u00e9 contar m\u00e1s detalles, espero. Dicho esto, hoy os escribo de rapidez unas l\u00edneas para proponeros un plan para el fin de semana. Mango celebra un mercadillo de taras en el centro Factory Outlet M\u00e1laga. Y solo por sus precios tiene muy buena pinta. Camisetas y blusas a 3 euros, jerseys, vestidos y pantalones a 4 o prendas de piel a 25 euros. \u00a1Suena bien! \u00a0Si no pod\u00e9is pasaros este fin de semana, deciros que ten\u00e9is de plazo hasta el pr\u00f3ximo 28 de mayo para disfrutar de estos descuentos. \u00a1Pod\u00e9is aprovechar la ocasi\u00f3n para comprar alguna ropa b\u00e1sica e iniciaros en el &#8216;Do It Yourself&#8217; tan de moda, seguro que as\u00ed conseguir\u00e9is transformar las prendas y darles vuestro sello personal. \u00a1Ojo! El mercadillo no se celebra en su local habitual en el Factory sino en otro que han habilitado junto a la tienda Tramas.<\/p>\n<p style=\"text-align: center;\">\u00a0Os dejo con el cartel del evento y recordad, ma\u00f1ana tenemos nuevo especial de &#8216;street style&#8217; de fin de semana, \u00a1Nos os lo perd\u00e1is! \u00a1Hasta entonces os espero en Twitter: @almunogues y en Instagram @almudena30!<\/p>\n<p>&nbsp;<\/p>\n<p>&nbsp;<\/p>\n<p><a href=\"\/pasarelaurbana\/wp-content\/uploads\/sites\/49\/2014\/05\/mango.jpg\"><img loading=\"lazy\" class=\"aligncenter size-full wp-image-7100\" title=\"mango\" src=\"\/pasarelaurbana\/wp-content\/uploads\/sites\/49\/2014\/05\/mango.jpg\" alt=\"\" width=\"600\" height=\"907\" srcset=\"https:\/\/static-blogs.diariosur.es\/wp-content\/uploads\/sites\/49\/2014\/05\/mango.jpg 600w, https:\/\/static-blogs.diariosur.es\/wp-content\/uploads\/sites\/49\/2014\/05\/mango-198x300.jpg 198w\" sizes=\"(max-width: 600px) 100vw, 600px\" \/><\/a><\/p>\n","protected":false},"excerpt":{"rendered":"<p>\u00a1Feliz viernes! Disculpad que en las \u00faltimas semanas no actualice a diario el blog, pero de aqu\u00ed a principios de junio va a tener que ser as\u00ed por razones de organizaci\u00f3n interna de mi trabajo. En breve os podr\u00e9 contar m\u00e1s detalles, espero. Dicho esto, hoy os escribo de rapidez unas l\u00edneas para proponeros un [&hellip;]<\/p>\n","protected":false},"author":54,"featured_media":0,"comment_status":"open","ping_status":"open","sticky":false,"template":"","format":"standard","meta":[],"categories":[2],"tags":[],"_links":{"self":[{"href":"https:\/\/blogs.diariosur.es\/pasarelaurbana\/wp-json\/wp\/v2\/posts\/7099"}],"collection":[{"href":"https:\/\/blogs.diariosur.es\/pasarelaurbana\/wp-json\/wp\/v2\/posts"}],"about":[{"href":"https:\/\/blogs.diariosur.es\/pasarelaurbana\/wp-json\/wp\/v2\/types\/post"}],"author":[{"embeddable":true,"href":"https:\/\/blogs.diariosur.es\/pasarelaurbana\/wp-json\/wp\/v2\/users\/54"}],"replies":[{"embeddable":true,"href":"https:\/\/blogs.diariosur.es\/pasarelaurbana\/wp-json\/wp\/v2\/comments?post=7099"}],"version-history":[{"count":0,"href":"https:\/\/blogs.diariosur.es\/pasarelaurbana\/wp-json\/wp\/v2\/posts\/7099\/revisions"}],"wp:attachment":[{"href":"https:\/\/blogs.diariosur.es\/pasarelaurbana\/wp-json\/wp\/v2\/media?parent=7099"}],"wp:term":[{"taxonomy":"category","embeddable":true,"href":"https:\/\/blogs.diariosur.es\/pasarelaurbana\/wp-json\/wp\/v2\/categories?post=7099"},{"taxonomy":"post_tag","embeddable":true,"href":"https:\/\/blogs.diariosur.es\/pasarelaurbana\/wp-json\/wp\/v2\/tags?post=7099"}],"curies":[{"name":"wp","href":"https:\/\/api.w.org\/{rel}","templated":true}]}}