{"id":7102,"date":"2014-05-27T15:52:02","date_gmt":"2014-05-27T13:52:02","guid":{"rendered":"http:\/\/blogs.diariosur.es\/pasarelaurbana\/?p=7102"},"modified":"2014-05-27T15:52:02","modified_gmt":"2014-05-27T13:52:02","slug":"la-pasarela-larios-le-hace-un-hueco-a-los-jovenes-disenadores","status":"publish","type":"post","link":"https:\/\/blogs.diariosur.es\/pasarelaurbana\/2014\/05\/27\/la-pasarela-larios-le-hace-un-hueco-a-los-jovenes-disenadores\/","title":{"rendered":"La pasarela Larios le hace un hueco a los j\u00f3venes dise\u00f1adores"},"content":{"rendered":"<p style=\"text-align: center;\">Apenas quedan cuatro meses. Durante los pr\u00f3ximos 12 y 13 de septiembre calle Larios volver\u00e1 a desplegar su alfombra azul para transformarse en la pasarela urbana m\u00e1s grande de Europa. 350 metros que recorrer\u00e1n tanto las mejores creaciones de la alta costura malague\u00f1a (con grandes nombres propios con los que podemos sacar pecho) como las propuestas de algunas de las principales firmas comerciales de la provincia. En concreto, <strong>en esta edici\u00f3n ser\u00e1n quince las ense\u00f1as que suban sus \u00faltimas colecciones a la principal arteria de la ciudad<\/strong>. Y, junto a ellas, la que es a mi juicio la <strong>gran novedad<\/strong> de esta Pasarela Larios Fashion Week 2014: el desfile, por primera vez, de j\u00f3venes dise\u00f1adores. En concreto, ser\u00e1n l<strong>os ganadores del <a href=\"https:\/\/blogs.diariosur.es\/pasarelaurbana\/2014\/04\/29\/una-cantera-ilusionante\/\">\u00faltimo certamen del M\u00e1laga Crea de Moda<\/a><\/strong> -el colectivo <strong>Al-hatal<\/strong> integrado por Claudia Varanski, Gema Hilillo, Mar\u00eda Lindes y Bartolom\u00e9 \u00a0Barrera- los que tendr\u00e1n el honor de convertirse en los primeros miembros de la cantera malague\u00f1a (donde hay un nivelazo, todo hay que decirlo) en pasear sus prendas por esta imponente alfombra azul. De su espectacular colecci\u00f3n inspirada en la cer\u00e1mica \u00e1rabe, con formas geom\u00e9tricas y una paleta monopolizada por el blanco y el azul klein destaca una impresionante falda estructurada en blanco que a bien seguro sorprender\u00e1 al p\u00fablico en la cita de septiembre. Un gran acierto por parte de los organizadores de la Pasarela Larios el volver la vista a los creadores emergentes, con un gran talento, frescura y mucho que aportar en este evento, marcado en rojo ya en el calendario de la moda malague\u00f1a.<\/p>\n<p style=\"text-align: center;\">El s\u00e1bado 13 de septiembre, las propuestas de Al-Hatal pondr\u00e1n el broche de oro a una noche en la que habr\u00e1, como ya he comentado al inicio del post, <strong>una quincena de protagonistas<\/strong>. McGregor, Spagnolo, Mario Teo, Gisela, J\u00f6rg-Harald Loges, Sedna Design, L&#8217;Etude, R\u00edo de la Plata, La Gioconda Novias y el Corte Ingl\u00e9s -con sus marcas propias- ser\u00e1n los encargados de desfilar sus apuestas para la nueva temporada.<\/p>\n<p style=\"text-align: center;\">Bajo la direcci\u00f3n de Nueva Moda Producciones, el evento -en el que trabajar\u00e1n m\u00e1s de 200 personas- vivir\u00e1 su d\u00eda grande <strong>el viernes 12 con las creaciones de los maestros de la alta costura malague\u00f1a<\/strong>. De nuevo, ser\u00e1n diez los dise\u00f1adores invitados a esta gran fiesta de la moda. As\u00ed, sobre la pasarela se mostrar\u00e1n los modelos de Montesco, Miguel \u00c1ngel Ruiz, Rafael Urqu\u00edzar, Gemma Mel\u00e9, \u00c1ngel Palazuelos, Javier Alc\u00e1ntara, Jes\u00fas Segado, Susana Hidalgo, Jote Mart\u00ednez y la dise\u00f1adora internacional Ikram El Louah, que ya particip\u00f3 en la edici\u00f3n del pasado a\u00f1o con una colecci\u00f3n inspirada en sus ra\u00edces marroqu\u00edes.<\/p>\n<p style=\"text-align: center;\">Os dejo con un resumen en fotos de la presentaci\u00f3n del desfile de firmas comerciales, realizada en calle Alcazabilla. Pod\u00e9is ver m\u00e1s fotos, <a href=\"http:\/\/www.diariosur.es\/multimedia\/fotos\/malaga\/20140527\/firmas-comerciales-pasarela-larios-3081893879105-mm.html\" rel=\"external nofollow\">aqu\u00ed<\/a><\/p>\n<p style=\"text-align: center;\"><a href=\"\/pasarelaurbana\/wp-content\/uploads\/sites\/49\/2014\/05\/126.jpg\"><img loading=\"lazy\" class=\"aligncenter size-full wp-image-7104\" title=\"1\" src=\"\/pasarelaurbana\/wp-content\/uploads\/sites\/49\/2014\/05\/126.jpg\" alt=\"\" width=\"600\" height=\"400\" srcset=\"https:\/\/static-blogs.diariosur.es\/wp-content\/uploads\/sites\/49\/2014\/05\/126.jpg 600w, https:\/\/static-blogs.diariosur.es\/wp-content\/uploads\/sites\/49\/2014\/05\/126-300x200.jpg 300w\" sizes=\"(max-width: 600px) 100vw, 600px\" \/><\/a><!--more--><a href=\"\/pasarelaurbana\/wp-content\/uploads\/sites\/49\/2014\/05\/29.jpg\"><img loading=\"lazy\" class=\"aligncenter size-full wp-image-7105\" title=\"2\" src=\"\/pasarelaurbana\/wp-content\/uploads\/sites\/49\/2014\/05\/29.jpg\" alt=\"\" width=\"600\" height=\"400\" srcset=\"https:\/\/static-blogs.diariosur.es\/wp-content\/uploads\/sites\/49\/2014\/05\/29.jpg 600w, https:\/\/static-blogs.diariosur.es\/wp-content\/uploads\/sites\/49\/2014\/05\/29-300x200.jpg 300w\" sizes=\"(max-width: 600px) 100vw, 600px\" \/><\/a><\/p>\n<p style=\"text-align: center;\"><a href=\"\/pasarelaurbana\/wp-content\/uploads\/sites\/49\/2014\/05\/39.jpg\"><img loading=\"lazy\" class=\"aligncenter size-full wp-image-7106\" title=\"3\" src=\"\/pasarelaurbana\/wp-content\/uploads\/sites\/49\/2014\/05\/39.jpg\" alt=\"\" width=\"600\" height=\"400\" srcset=\"https:\/\/static-blogs.diariosur.es\/wp-content\/uploads\/sites\/49\/2014\/05\/39.jpg 600w, https:\/\/static-blogs.diariosur.es\/wp-content\/uploads\/sites\/49\/2014\/05\/39-300x200.jpg 300w\" sizes=\"(max-width: 600px) 100vw, 600px\" \/><\/a><\/p>\n<p style=\"text-align: center;\"><a href=\"\/pasarelaurbana\/wp-content\/uploads\/sites\/49\/2014\/05\/49.jpg\"><img loading=\"lazy\" class=\"aligncenter size-full wp-image-7107\" title=\"4\" src=\"\/pasarelaurbana\/wp-content\/uploads\/sites\/49\/2014\/05\/49.jpg\" alt=\"\" width=\"600\" height=\"900\" srcset=\"https:\/\/static-blogs.diariosur.es\/wp-content\/uploads\/sites\/49\/2014\/05\/49.jpg 600w, https:\/\/static-blogs.diariosur.es\/wp-content\/uploads\/sites\/49\/2014\/05\/49-200x300.jpg 200w\" sizes=\"(max-width: 600px) 100vw, 600px\" \/><\/a><\/p>\n<p style=\"text-align: center;\"><a href=\"\/pasarelaurbana\/wp-content\/uploads\/sites\/49\/2014\/05\/59.jpg\"><img loading=\"lazy\" class=\"aligncenter size-full wp-image-7103\" title=\"5\" src=\"\/pasarelaurbana\/wp-content\/uploads\/sites\/49\/2014\/05\/59.jpg\" alt=\"\" width=\"600\" height=\"900\" srcset=\"https:\/\/static-blogs.diariosur.es\/wp-content\/uploads\/sites\/49\/2014\/05\/59.jpg 600w, https:\/\/static-blogs.diariosur.es\/wp-content\/uploads\/sites\/49\/2014\/05\/59-200x300.jpg 200w\" sizes=\"(max-width: 600px) 100vw, 600px\" \/><\/a><\/p>\n<div>\n<div id=\"noticia-pestanas\">\n<div id=\"ccronica\">\n<div>\n<p>&nbsp;<\/p>\n<p>&nbsp;<\/p>\n<p>&nbsp;<\/p>\n<\/div>\n<\/div>\n<\/div>\n<\/div>\n","protected":false},"excerpt":{"rendered":"<p>Apenas quedan cuatro meses. Durante los pr\u00f3ximos 12 y 13 de septiembre calle Larios volver\u00e1 a desplegar su alfombra azul para transformarse en la pasarela urbana m\u00e1s grande de Europa. 350 metros que recorrer\u00e1n tanto las mejores creaciones de la alta costura malague\u00f1a (con grandes nombres propios con los que podemos sacar pecho) como las [&hellip;]<\/p>\n","protected":false},"author":54,"featured_media":0,"comment_status":"open","ping_status":"open","sticky":false,"template":"","format":"standard","meta":[],"categories":[2],"tags":[],"_links":{"self":[{"href":"https:\/\/blogs.diariosur.es\/pasarelaurbana\/wp-json\/wp\/v2\/posts\/7102"}],"collection":[{"href":"https:\/\/blogs.diariosur.es\/pasarelaurbana\/wp-json\/wp\/v2\/posts"}],"about":[{"href":"https:\/\/blogs.diariosur.es\/pasarelaurbana\/wp-json\/wp\/v2\/types\/post"}],"author":[{"embeddable":true,"href":"https:\/\/blogs.diariosur.es\/pasarelaurbana\/wp-json\/wp\/v2\/users\/54"}],"replies":[{"embeddable":true,"href":"https:\/\/blogs.diariosur.es\/pasarelaurbana\/wp-json\/wp\/v2\/comments?post=7102"}],"version-history":[{"count":0,"href":"https:\/\/blogs.diariosur.es\/pasarelaurbana\/wp-json\/wp\/v2\/posts\/7102\/revisions"}],"wp:attachment":[{"href":"https:\/\/blogs.diariosur.es\/pasarelaurbana\/wp-json\/wp\/v2\/media?parent=7102"}],"wp:term":[{"taxonomy":"category","embeddable":true,"href":"https:\/\/blogs.diariosur.es\/pasarelaurbana\/wp-json\/wp\/v2\/categories?post=7102"},{"taxonomy":"post_tag","embeddable":true,"href":"https:\/\/blogs.diariosur.es\/pasarelaurbana\/wp-json\/wp\/v2\/tags?post=7102"}],"curies":[{"name":"wp","href":"https:\/\/api.w.org\/{rel}","templated":true}]}}