{"id":7116,"date":"2014-05-31T00:28:05","date_gmt":"2014-05-30T22:28:05","guid":{"rendered":"http:\/\/blogs.diariosur.es\/pasarelaurbana\/?p=7116"},"modified":"2014-05-31T00:28:05","modified_gmt":"2014-05-30T22:28:05","slug":"el-armario-de-carlos-caballero","status":"publish","type":"post","link":"https:\/\/blogs.diariosur.es\/pasarelaurbana\/2014\/05\/31\/el-armario-de-carlos-caballero\/","title":{"rendered":"El armario de Carlos Caballero"},"content":{"rendered":"<p style=\"text-align: center;\">En sus estilismos, como en su cocina, reina el color. Alegres pinceladas que introduce desde en americanas, a pantalones, pasando por pa\u00f1uelos y hasta en las propias ensaladas, muy presentes en su carta y en las que busca una explosi\u00f3n crom\u00e1tica. Al fin y al cabo todo, dice, forma parte de un todo. Su debilidad por la est\u00e9tica, hacia la que siente especial sensibilidad desde muy peque\u00f1o. \u00abSiempre he sido muy coqueto y\u00a0 me ha gustado cuidar mi imagen. Vendo comida, y los platos tambi\u00e9n entran por los ojos, todo est\u00e1 relacionado\u00bb argumenta. Precisamente de moda, y de cocina, hablamos con Carlos Caballero en el interior del restaurante que regenta desde hace 14 a\u00f1os, La Reban\u00e1. All\u00ed, en mitad de la vor\u00e1gine de la hora punta del desayuno, este chef malague\u00f1o -que acaba de ganar la primera edici\u00f3n del concurso Maestro Cruzcampo Gran Reserva de la tapa Sur con su caldo de pintarroja- nos desgrana su faceta m\u00e1s fashionista. La misma que le empuja a lucir las \u00faltimas tendencias en lo que a chaquetillas de cocina se refiere. \u00bfSu \u00faltimo capricho? Un modelo de micropana que le vio a Joan Roca, \u00aby me gust\u00f3 tanto que me he pedido tres\u00bb, bromea.<br \/>\nCl\u00e1sico, \u00abpero con un punto actual\u00bb, en su receta de look perfecto siempre aparecen los mismos ingredientes: \u00abUna buena blazer -a ser posible de alg\u00fan color llamativo como rojo o rosa, un color que me encanta-, una camisa con un buen corte (asegura que tiene m\u00e1s de 100 porque no tira ninguna) y un pantal\u00f3n con alg\u00fan punto el\u00e1stico puesto que voy en moto y busco movilidad\u00bb. \u00c9ste, dice, es su uniforme, \u00abhasta en pleno mes de agosto\u00bb, sostiene entre risas. En materia de complementos, los pa\u00f1uelos son su principal se\u00f1a de identidad hasta el punto de que sus amigos le llaman \u00abel ni\u00f1o de los fulares\u00bb.<br \/>\nLos relojes y las gafas de sol son otras de sus pasiones. Entre las prendas vetadas en su armario figuran las de color marr\u00f3n -\u00abodio los tonos apagados\u00bb-, las camisetas o unas deportivas, \u00abnunca me ver\u00e1s en plan moderno con New Balance y traje. Me gusta la moda pero no la sigo al pie de la letra, siempre la adapto a mi estilo\u00bb, advierte. \u00bfUn curiosidad? Hasta hace poco no ten\u00eda ni un solo vaquero en su armario. \u00bfY una man\u00eda?: \u00abSoy muy de rituales y al vestirme siempre me pongo primero la camisa y luego el pantal\u00f3n\u00bb.<\/p>\n<p style=\"text-align: center;\">Os dejo con sus looks al detalle fotografiados por mi compi \u00c1lvaro Cabrera. \u00a1Feliz fin de semana!<\/p>\n<p style=\"text-align: center;\"><a href=\"\/pasarelaurbana\/wp-content\/uploads\/sites\/49\/2014\/05\/127.jpg\"><img loading=\"lazy\" class=\"aligncenter size-full wp-image-7118\" title=\"1\" src=\"\/pasarelaurbana\/wp-content\/uploads\/sites\/49\/2014\/05\/127.jpg\" alt=\"\" width=\"600\" height=\"900\" srcset=\"https:\/\/static-blogs.diariosur.es\/wp-content\/uploads\/sites\/49\/2014\/05\/127.jpg 600w, https:\/\/static-blogs.diariosur.es\/wp-content\/uploads\/sites\/49\/2014\/05\/127-200x300.jpg 200w\" sizes=\"(max-width: 600px) 100vw, 600px\" \/><\/a><!--more--><strong>LOOK DE D\u00cdA<\/strong>: Camisa blanca con americana coral y pantalones azules<\/p>\n<p style=\"text-align: center;\"><a href=\"\/pasarelaurbana\/wp-content\/uploads\/sites\/49\/2014\/05\/210.jpg\"><img loading=\"lazy\" class=\"aligncenter size-full wp-image-7119\" title=\"2\" src=\"\/pasarelaurbana\/wp-content\/uploads\/sites\/49\/2014\/05\/210.jpg\" alt=\"\" width=\"600\" height=\"900\" srcset=\"https:\/\/static-blogs.diariosur.es\/wp-content\/uploads\/sites\/49\/2014\/05\/210.jpg 600w, https:\/\/static-blogs.diariosur.es\/wp-content\/uploads\/sites\/49\/2014\/05\/210-200x300.jpg 200w\" sizes=\"(max-width: 600px) 100vw, 600px\" \/><\/a><\/p>\n<p style=\"text-align: center;\"><a href=\"\/pasarelaurbana\/wp-content\/uploads\/sites\/49\/2014\/05\/310.jpg\"><img loading=\"lazy\" class=\"aligncenter size-full wp-image-7120\" title=\"3\" src=\"\/pasarelaurbana\/wp-content\/uploads\/sites\/49\/2014\/05\/310.jpg\" alt=\"\" width=\"600\" height=\"900\" srcset=\"https:\/\/static-blogs.diariosur.es\/wp-content\/uploads\/sites\/49\/2014\/05\/310.jpg 600w, https:\/\/static-blogs.diariosur.es\/wp-content\/uploads\/sites\/49\/2014\/05\/310-200x300.jpg 200w\" sizes=\"(max-width: 600px) 100vw, 600px\" \/><\/a><\/p>\n<p style=\"text-align: center;\"><a href=\"\/pasarelaurbana\/wp-content\/uploads\/sites\/49\/2014\/05\/410.jpg\"><img loading=\"lazy\" class=\"aligncenter size-full wp-image-7121\" title=\"4\" src=\"\/pasarelaurbana\/wp-content\/uploads\/sites\/49\/2014\/05\/410.jpg\" alt=\"\" width=\"600\" height=\"900\" srcset=\"https:\/\/static-blogs.diariosur.es\/wp-content\/uploads\/sites\/49\/2014\/05\/410.jpg 600w, https:\/\/static-blogs.diariosur.es\/wp-content\/uploads\/sites\/49\/2014\/05\/410-200x300.jpg 200w\" sizes=\"(max-width: 600px) 100vw, 600px\" \/><\/a><\/p>\n<p style=\"text-align: center;\"><a href=\"\/pasarelaurbana\/wp-content\/uploads\/sites\/49\/2014\/05\/510.jpg\"><img loading=\"lazy\" class=\"aligncenter size-full wp-image-7122\" title=\"5\" src=\"\/pasarelaurbana\/wp-content\/uploads\/sites\/49\/2014\/05\/510.jpg\" alt=\"\" width=\"600\" height=\"400\" srcset=\"https:\/\/static-blogs.diariosur.es\/wp-content\/uploads\/sites\/49\/2014\/05\/510.jpg 600w, https:\/\/static-blogs.diariosur.es\/wp-content\/uploads\/sites\/49\/2014\/05\/510-300x200.jpg 300w\" sizes=\"(max-width: 600px) 100vw, 600px\" \/><\/a><\/p>\n<p style=\"text-align: center;\"><a href=\"\/pasarelaurbana\/wp-content\/uploads\/sites\/49\/2014\/05\/77.jpg\"><img loading=\"lazy\" class=\"aligncenter size-full wp-image-7124\" title=\"7\" src=\"\/pasarelaurbana\/wp-content\/uploads\/sites\/49\/2014\/05\/77.jpg\" alt=\"\" width=\"600\" height=\"400\" srcset=\"https:\/\/static-blogs.diariosur.es\/wp-content\/uploads\/sites\/49\/2014\/05\/77.jpg 600w, https:\/\/static-blogs.diariosur.es\/wp-content\/uploads\/sites\/49\/2014\/05\/77-300x200.jpg 300w\" sizes=\"(max-width: 600px) 100vw, 600px\" \/><\/a><\/p>\n<p style=\"text-align: center;\"><a href=\"\/pasarelaurbana\/wp-content\/uploads\/sites\/49\/2014\/05\/68.jpg\"><img loading=\"lazy\" class=\"aligncenter size-full wp-image-7123\" title=\"6\" src=\"\/pasarelaurbana\/wp-content\/uploads\/sites\/49\/2014\/05\/68.jpg\" alt=\"\" width=\"600\" height=\"400\" srcset=\"https:\/\/static-blogs.diariosur.es\/wp-content\/uploads\/sites\/49\/2014\/05\/68.jpg 600w, https:\/\/static-blogs.diariosur.es\/wp-content\/uploads\/sites\/49\/2014\/05\/68-300x200.jpg 300w\" sizes=\"(max-width: 600px) 100vw, 600px\" \/><\/a><\/p>\n<p style=\"text-align: center;\">Camisa blanca, blazer coral y pantal\u00f3n azul marino con cintur\u00f3n trenzado (todo de <strong>Silbon<\/strong>) \u00a0y Castellanos es su propuesta para un look de dia. El pa\u00f1uelo es de <strong>Zara<\/strong>.<\/p>\n<p style=\"text-align: center;\"><strong>PARA SALIR A CENAR<\/strong>: Traje azul con corbata de lunares<\/p>\n<p style=\"text-align: center;\"><a href=\"\/pasarelaurbana\/wp-content\/uploads\/sites\/49\/2014\/05\/88.jpg\"><img loading=\"lazy\" class=\"aligncenter size-full wp-image-7125\" title=\"8\" src=\"\/pasarelaurbana\/wp-content\/uploads\/sites\/49\/2014\/05\/88.jpg\" alt=\"\" width=\"600\" height=\"400\" srcset=\"https:\/\/static-blogs.diariosur.es\/wp-content\/uploads\/sites\/49\/2014\/05\/88.jpg 600w, https:\/\/static-blogs.diariosur.es\/wp-content\/uploads\/sites\/49\/2014\/05\/88-300x200.jpg 300w\" sizes=\"(max-width: 600px) 100vw, 600px\" \/><\/a><\/p>\n<p style=\"text-align: center;\"><a href=\"\/pasarelaurbana\/wp-content\/uploads\/sites\/49\/2014\/05\/98.jpg\"><img loading=\"lazy\" class=\"aligncenter size-full wp-image-7126\" title=\"9\" src=\"\/pasarelaurbana\/wp-content\/uploads\/sites\/49\/2014\/05\/98.jpg\" alt=\"\" width=\"600\" height=\"900\" srcset=\"https:\/\/static-blogs.diariosur.es\/wp-content\/uploads\/sites\/49\/2014\/05\/98.jpg 600w, https:\/\/static-blogs.diariosur.es\/wp-content\/uploads\/sites\/49\/2014\/05\/98-200x300.jpg 200w\" sizes=\"(max-width: 600px) 100vw, 600px\" \/><\/a><\/p>\n<p style=\"text-align: center;\"><a href=\"\/pasarelaurbana\/wp-content\/uploads\/sites\/49\/2014\/05\/107.jpg\"><img loading=\"lazy\" class=\"aligncenter size-full wp-image-7127\" title=\"10\" src=\"\/pasarelaurbana\/wp-content\/uploads\/sites\/49\/2014\/05\/107.jpg\" alt=\"\" width=\"600\" height=\"400\" srcset=\"https:\/\/static-blogs.diariosur.es\/wp-content\/uploads\/sites\/49\/2014\/05\/107.jpg 600w, https:\/\/static-blogs.diariosur.es\/wp-content\/uploads\/sites\/49\/2014\/05\/107-300x200.jpg 300w\" sizes=\"(max-width: 600px) 100vw, 600px\" \/><\/a><\/p>\n<p style=\"text-align: center;\"><a href=\"\/pasarelaurbana\/wp-content\/uploads\/sites\/49\/2014\/05\/128.jpg\"><img loading=\"lazy\" class=\"aligncenter size-full wp-image-7129\" title=\"12\" src=\"\/pasarelaurbana\/wp-content\/uploads\/sites\/49\/2014\/05\/128.jpg\" alt=\"\" width=\"600\" height=\"400\" srcset=\"https:\/\/static-blogs.diariosur.es\/wp-content\/uploads\/sites\/49\/2014\/05\/128.jpg 600w, https:\/\/static-blogs.diariosur.es\/wp-content\/uploads\/sites\/49\/2014\/05\/128-300x200.jpg 300w\" sizes=\"(max-width: 600px) 100vw, 600px\" \/><\/a><\/p>\n<p style=\"text-align: center;\"><a href=\"\/pasarelaurbana\/wp-content\/uploads\/sites\/49\/2014\/05\/1111.jpg\"><img loading=\"lazy\" class=\"aligncenter size-full wp-image-7128\" title=\"11\" src=\"\/pasarelaurbana\/wp-content\/uploads\/sites\/49\/2014\/05\/1111.jpg\" alt=\"\" width=\"600\" height=\"900\" srcset=\"https:\/\/static-blogs.diariosur.es\/wp-content\/uploads\/sites\/49\/2014\/05\/1111.jpg 600w, https:\/\/static-blogs.diariosur.es\/wp-content\/uploads\/sites\/49\/2014\/05\/1111-200x300.jpg 200w\" sizes=\"(max-width: 600px) 100vw, 600px\" \/><\/a><\/p>\n<p style=\"text-align: center;\"><a href=\"\/pasarelaurbana\/wp-content\/uploads\/sites\/49\/2014\/05\/136.jpg\"><img loading=\"lazy\" class=\"aligncenter size-full wp-image-7130\" title=\"13\" src=\"\/pasarelaurbana\/wp-content\/uploads\/sites\/49\/2014\/05\/136.jpg\" alt=\"\" width=\"600\" height=\"400\" srcset=\"https:\/\/static-blogs.diariosur.es\/wp-content\/uploads\/sites\/49\/2014\/05\/136.jpg 600w, https:\/\/static-blogs.diariosur.es\/wp-content\/uploads\/sites\/49\/2014\/05\/136-300x200.jpg 300w\" sizes=\"(max-width: 600px) 100vw, 600px\" \/><\/a><\/p>\n<p style=\"text-align: center;\">Para un evento especial, Caballero se decanta por un cl\u00e1sico infalible: un traje azul marino de <strong>Silbon<\/strong>, que combina con camisa blanca de la misma marca, cintur\u00f3n de <strong>At\u00edpico<\/strong>, corbata de lunares de <strong>Carolina Herrera<\/strong> y zapatos traidos de <strong>Australia, <\/strong>tipo slippers, que ponen el toque m\u00e1s informal al &#8216;outfit&#8217;. Los gemelos son de <strong>Loewe<\/strong>.<\/p>\n<p style=\"text-align: center;\"><span style=\"text-decoration: underline;\">SUS CHAQUETILLAS DE COCINA<\/span><\/p>\n<p style=\"text-align: center;\"><a href=\"\/pasarelaurbana\/wp-content\/uploads\/sites\/49\/2014\/05\/145.jpg\"><img loading=\"lazy\" class=\"aligncenter size-full wp-image-7131\" title=\"14\" src=\"\/pasarelaurbana\/wp-content\/uploads\/sites\/49\/2014\/05\/145.jpg\" alt=\"\" width=\"600\" height=\"900\" srcset=\"https:\/\/static-blogs.diariosur.es\/wp-content\/uploads\/sites\/49\/2014\/05\/145.jpg 600w, https:\/\/static-blogs.diariosur.es\/wp-content\/uploads\/sites\/49\/2014\/05\/145-200x300.jpg 200w\" sizes=\"(max-width: 600px) 100vw, 600px\" \/><\/a><\/p>\n<p style=\"text-align: center;\"><a href=\"\/pasarelaurbana\/wp-content\/uploads\/sites\/49\/2014\/05\/155.jpg\"><img loading=\"lazy\" class=\"aligncenter size-full wp-image-7117\" title=\"15\" src=\"\/pasarelaurbana\/wp-content\/uploads\/sites\/49\/2014\/05\/155.jpg\" alt=\"\" width=\"600\" height=\"900\" srcset=\"https:\/\/static-blogs.diariosur.es\/wp-content\/uploads\/sites\/49\/2014\/05\/155.jpg 600w, https:\/\/static-blogs.diariosur.es\/wp-content\/uploads\/sites\/49\/2014\/05\/155-200x300.jpg 200w\" sizes=\"(max-width: 600px) 100vw, 600px\" \/><\/a><\/p>\n<p style=\"text-align: center;\">Con sus chaquetillas de cocina tambi\u00e9n busca ese punto de estilo y originalidad. Para su d\u00eda a d\u00eda las prefiere negras, mientras que para eventos o demostraciones las elige blancas.<strong>Clement y Bragard<\/strong> son sus marcas favoritas.<\/p>\n<p style=\"text-align: center;\"><span style=\"text-decoration: underline;\">SUS COMPLEMENTOS<\/span><\/p>\n<p style=\"text-align: center;\"><a href=\"\/pasarelaurbana\/wp-content\/uploads\/sites\/49\/2014\/05\/164.jpg\"><img loading=\"lazy\" class=\"aligncenter size-full wp-image-7133\" title=\"16\" src=\"\/pasarelaurbana\/wp-content\/uploads\/sites\/49\/2014\/05\/164.jpg\" alt=\"\" width=\"600\" height=\"400\" srcset=\"https:\/\/static-blogs.diariosur.es\/wp-content\/uploads\/sites\/49\/2014\/05\/164.jpg 600w, https:\/\/static-blogs.diariosur.es\/wp-content\/uploads\/sites\/49\/2014\/05\/164-300x200.jpg 300w\" sizes=\"(max-width: 600px) 100vw, 600px\" \/><\/a><\/p>\n<p style=\"text-align: center;\">En sus \u00f3utfits\u2019 de d\u00eda no faltan lo maxi bolsos o bandoleras. Arriba, dos de sus favoritos. De <strong>Loewe<\/strong> y de <strong>Scalpers.<\/strong><\/p>\n<p style=\"text-align: center;\"><a href=\"\/pasarelaurbana\/wp-content\/uploads\/sites\/49\/2014\/05\/175.jpg\"><img loading=\"lazy\" class=\"aligncenter size-full wp-image-7134\" title=\"17\" src=\"\/pasarelaurbana\/wp-content\/uploads\/sites\/49\/2014\/05\/175.jpg\" alt=\"\" width=\"600\" height=\"400\" srcset=\"https:\/\/static-blogs.diariosur.es\/wp-content\/uploads\/sites\/49\/2014\/05\/175.jpg 600w, https:\/\/static-blogs.diariosur.es\/wp-content\/uploads\/sites\/49\/2014\/05\/175-300x200.jpg 300w\" sizes=\"(max-width: 600px) 100vw, 600px\" \/><\/a><\/p>\n<p style=\"text-align: center;\">Gafas de<strong> Tom Ford<\/strong>, relojes de <strong>Mr Boho y Cartier,<\/strong> , cintur\u00f3n y gemelos de <strong>Loewe<\/strong> y pulsera de plata con forma de tenedor regalo de Mar\u00eda Pineda que siempre le acompa\u00f1a.<\/p>\n<p style=\"text-align: center;\"><a href=\"\/pasarelaurbana\/wp-content\/uploads\/sites\/49\/2014\/05\/184.jpg\"><img loading=\"lazy\" class=\"aligncenter size-full wp-image-7135\" title=\"18\" src=\"\/pasarelaurbana\/wp-content\/uploads\/sites\/49\/2014\/05\/184.jpg\" alt=\"\" width=\"600\" height=\"900\" srcset=\"https:\/\/static-blogs.diariosur.es\/wp-content\/uploads\/sites\/49\/2014\/05\/184.jpg 600w, https:\/\/static-blogs.diariosur.es\/wp-content\/uploads\/sites\/49\/2014\/05\/184-200x300.jpg 200w\" sizes=\"(max-width: 600px) 100vw, 600px\" \/><\/a><\/p>\n<p style=\"text-align: center;\"><a href=\"\/pasarelaurbana\/wp-content\/uploads\/sites\/49\/2014\/05\/193.jpg\"><img loading=\"lazy\" class=\"aligncenter size-full wp-image-7136\" title=\"19\" src=\"\/pasarelaurbana\/wp-content\/uploads\/sites\/49\/2014\/05\/193.jpg\" alt=\"\" width=\"600\" height=\"400\" srcset=\"https:\/\/static-blogs.diariosur.es\/wp-content\/uploads\/sites\/49\/2014\/05\/193.jpg 600w, https:\/\/static-blogs.diariosur.es\/wp-content\/uploads\/sites\/49\/2014\/05\/193-300x200.jpg 300w\" sizes=\"(max-width: 600px) 100vw, 600px\" \/><\/a><\/p>\n<p style=\"text-align: center;\">Una selecci\u00f3n de su amplia colecci\u00f3n de pa\u00f1uelos: de<strong> Carolina Herrera, Aita, Altea y Purificaci\u00f3n Garc\u00eda.<\/strong><\/p>\n<p style=\"text-align: center;\"><a href=\"\/pasarelaurbana\/wp-content\/uploads\/sites\/49\/2014\/05\/203.jpg\"><img loading=\"lazy\" class=\"aligncenter size-full wp-image-7132\" title=\"20\" src=\"\/pasarelaurbana\/wp-content\/uploads\/sites\/49\/2014\/05\/203.jpg\" alt=\"\" width=\"600\" height=\"400\" srcset=\"https:\/\/static-blogs.diariosur.es\/wp-content\/uploads\/sites\/49\/2014\/05\/203.jpg 600w, https:\/\/static-blogs.diariosur.es\/wp-content\/uploads\/sites\/49\/2014\/05\/203-300x200.jpg 300w\" sizes=\"(max-width: 600px) 100vw, 600px\" \/><\/a><\/p>\n<p style=\"text-align: center;\">Y termino, como manda la tradici\u00f3n, con una foto del shooting. Para la ocasi\u00f3n, Carlos eligi\u00f3 una camisa celeste con pantalones verdes (esa nota de color que siempre busca). Yo me decant\u00e9 por falda plisada azul de Romwe y jersey fino de efecto tie-dye de Mango, con cintur\u00f3n en plata y lima de Zara. Desde aqu\u00ed mi sincero agradecimiento a Carlos por hacernos un hueco en su apretada agenda y atendernos en plena vor\u00e1gine del turno de desayunos de La Reban\u00e1.<\/p>\n<p style=\"text-align: center;\"><span style=\"text-decoration: underline;\">SU RUTA DE TIENDAS<\/span><\/p>\n<p style=\"text-align: center;\">1. <strong>Silbon<\/strong>. Esta tienda de calle Santa Mar\u00eda figura entre sus favoritas.<br \/>\n2 <strong>Purificaci\u00f3n Garc\u00eda<\/strong>. \u00abAll\u00ed suelo buscar complementos y camisas\u00bb, destaca.<br \/>\n3. <strong>At\u00edpico<\/strong>. De esta boutique de plaza de las Flores le pierden los pantalones.<br \/>\n4. <strong>Carolina Herrera<\/strong>. Las camisas de esta firma son clave en su armario.<br \/>\n5. <strong>Loewe<\/strong>. \u00abMe encantan todos sus complementos\u00bb, revela Caballero.<\/p>\n<p style=\"text-align: center;\">\u00a1Espero que os haya gustado! \u00a1Hasta el lunes!<\/p>\n<p style=\"text-align: center;\">\n","protected":false},"excerpt":{"rendered":"<p>En sus estilismos, como en su cocina, reina el color. Alegres pinceladas que introduce desde en americanas, a pantalones, pasando por pa\u00f1uelos y hasta en las propias ensaladas, muy presentes en su carta y en las que busca una explosi\u00f3n crom\u00e1tica. Al fin y al cabo todo, dice, forma parte de un todo. Su debilidad [&hellip;]<\/p>\n","protected":false},"author":54,"featured_media":0,"comment_status":"open","ping_status":"open","sticky":false,"template":"","format":"standard","meta":[],"categories":[2],"tags":[],"_links":{"self":[{"href":"https:\/\/blogs.diariosur.es\/pasarelaurbana\/wp-json\/wp\/v2\/posts\/7116"}],"collection":[{"href":"https:\/\/blogs.diariosur.es\/pasarelaurbana\/wp-json\/wp\/v2\/posts"}],"about":[{"href":"https:\/\/blogs.diariosur.es\/pasarelaurbana\/wp-json\/wp\/v2\/types\/post"}],"author":[{"embeddable":true,"href":"https:\/\/blogs.diariosur.es\/pasarelaurbana\/wp-json\/wp\/v2\/users\/54"}],"replies":[{"embeddable":true,"href":"https:\/\/blogs.diariosur.es\/pasarelaurbana\/wp-json\/wp\/v2\/comments?post=7116"}],"version-history":[{"count":0,"href":"https:\/\/blogs.diariosur.es\/pasarelaurbana\/wp-json\/wp\/v2\/posts\/7116\/revisions"}],"wp:attachment":[{"href":"https:\/\/blogs.diariosur.es\/pasarelaurbana\/wp-json\/wp\/v2\/media?parent=7116"}],"wp:term":[{"taxonomy":"category","embeddable":true,"href":"https:\/\/blogs.diariosur.es\/pasarelaurbana\/wp-json\/wp\/v2\/categories?post=7116"},{"taxonomy":"post_tag","embeddable":true,"href":"https:\/\/blogs.diariosur.es\/pasarelaurbana\/wp-json\/wp\/v2\/tags?post=7116"}],"curies":[{"name":"wp","href":"https:\/\/api.w.org\/{rel}","templated":true}]}}