{"id":7164,"date":"2014-06-21T10:20:38","date_gmt":"2014-06-21T08:20:38","guid":{"rendered":"http:\/\/blogs.diariosur.es\/pasarelaurbana\/?p=7164"},"modified":"2014-06-21T10:20:38","modified_gmt":"2014-06-21T08:20:38","slug":"listas-para-el-verano","status":"publish","type":"post","link":"https:\/\/blogs.diariosur.es\/pasarelaurbana\/2014\/06\/21\/listas-para-el-verano\/","title":{"rendered":"Listas para el verano"},"content":{"rendered":"<p style=\"text-align: center;\">Ya es oficial. No solo en los term\u00f3metros. Tambi\u00e9n en el calendario. Ayer, 21 de junio, arranc\u00f3 la temporada estival y, con ella, se abre la veda a que los looks m\u00e1s frescos y veraniegos tomen el relevo y se impongan sobre la pasarela urbana. Es el turno de vestidos vaporosos, tejidos ligeros, shorts, cu\u00f1as, alpargatas y, en definitiva, de todas esas prendas que ayudan a aliviar el sofocante calor. Eso s\u00ed, cada cual impone su estilo y sus propias reglas en la partida del \u2018street style\u2019. SUR lo comprob\u00f3 hace unos d\u00edas a pie de calle.<br \/>\nSobre el asfalto, algunas de las tendencias imprescindibles de la actual campa\u00f1a -muy influida, de nuevo por los c\u00f3digos del \u2018sporty chic\u2019- como los denominados pantalones pijama -que luce Sandra Garc\u00eda, una dependienta malague\u00f1a de 37 a\u00f1os apasionada de la moda- o los \u2018crop top\u2019. Las camisetas se reducen este verano a la m\u00ednima expresi\u00f3n dispuestas a explotar la sensualidad femenina en una tendencia solo apta para las asiduas a los gimnasios que puedan permitirse dejar el abdomen al descubierto. Se llevan con pantalones de tiro alto con sabor retro, tobilleros y shorts. Las faldas largas son otra buena alternativa para combinarlas, como propone con acierto Victoria G\u00f3mez Aparicio en un look rematado con una vistosa bandolera de flecos, un complementos clave de los \u00faltimos meses.<br \/>\nLos monos -siempre tan recurrentes y estilosos- vuelven por su parte a la carga un verano m\u00e1s. \u00bfEl toque chic? Acompa\u00f1arlos de un espectacular sombrero. Para las m\u00e1s cl\u00e1sicas, nada tan infalibre como recurrir al \u2018navy\u2019. Las rayas marineras son un fondo de armario que no pasa de moda.<\/p>\n<p style=\"text-align: center;\"><a href=\"\/pasarelaurbana\/wp-content\/uploads\/sites\/49\"><img loading=\"lazy\" class=\"aligncenter size-full wp-image-7166\" title=\"1\" src=\"\/pasarelaurbana\/wp-content\/uploads\/sites\/49\" alt=\"\" width=\"600\" height=\"800\" \/><\/a><!--more--><a href=\"\/pasarelaurbana\/wp-content\/uploads\/sites\/49\"><img loading=\"lazy\" class=\"aligncenter size-full wp-image-7167\" title=\"2\" src=\"\/pasarelaurbana\/wp-content\/uploads\/sites\/49\" alt=\"\" width=\"600\" height=\"800\" \/><\/a><\/p>\n<p style=\"text-align: center;\"><a href=\"\/pasarelaurbana\/wp-content\/uploads\/sites\/49\"><img loading=\"lazy\" class=\"aligncenter size-full wp-image-7169\" title=\"4\" src=\"\/pasarelaurbana\/wp-content\/uploads\/sites\/49\" alt=\"\" width=\"600\" height=\"800\" \/><\/a><\/p>\n<p style=\"text-align: center;\"><a href=\"\/pasarelaurbana\/wp-content\/uploads\/sites\/49\"><img loading=\"lazy\" class=\"aligncenter size-full wp-image-7170\" title=\"5\" src=\"\/pasarelaurbana\/wp-content\/uploads\/sites\/49\" alt=\"\" width=\"600\" height=\"800\" \/><\/a><\/p>\n<p style=\"text-align: center;\"><a href=\"\/pasarelaurbana\/wp-content\/uploads\/sites\/49\"><img loading=\"lazy\" class=\"aligncenter size-full wp-image-7171\" title=\"6\" src=\"\/pasarelaurbana\/wp-content\/uploads\/sites\/49\" alt=\"\" width=\"600\" height=\"800\" \/><\/a><\/p>\n<p style=\"text-align: center;\"><strong>Sandra Garc\u00eda<\/strong>. 37 a\u00f1os. Dependienta<\/p>\n<p style=\"text-align: center;\"><span style=\"text-decoration: underline;\">Los zapatos metalizados pisan fuerte este est\u00edo<\/span><br \/>\nSon la guinda perfecta. El complemento infalible que remata con \u00e9xito cualquier estilismo b\u00e1sico cual varita m\u00e1gica. Un buen par de zapatos de acabado metalizado es una de las adquisiciones estrella de la temporada para incorporar al fondo de armario. Ideales para cualquier noche de verano, por ejemplo, con un total look negro. Se llevan de tac\u00f3n cuadrado y ancho, preferentemente en plata o cobre. Sandra Garc\u00eda, una dependienta malague\u00f1a de 37 a\u00f1os, los luce en un elegante conjunto de diario compuesto por camiseta b\u00e1sica de algod\u00f3n en azul marino y pantalones tipo pijama de \u2018print\u2019 geom\u00e9trico. Completa el \u2018outfit\u2019 (muy apropiado para ir a la oficina)con una acertada elecci\u00f3n de complementos: maxi cartera tambi\u00e9n plateada de Zara y un espectacular collar XL firmado por Bimba y Lola. Un vestido c\u00f3modo y fresquito es su prenda preferida en estos meses en los que el calor aprieta. \u00abCuando una ya est\u00e1 morenita son muy favorecedores\u00bb, nos indic\u00f3 Garc\u00eda cuando nos la cruzamos de paseo por calle Larios.<\/p>\n<p style=\"text-align: center;\">Total look:  Zara.  <\/p>\n<p style=\"text-align: center;\">Collar: Bimba y Lola.<\/p>\n<p style=\"text-align: center;\"><a href=\"\/pasarelaurbana\/wp-content\/uploads\/sites\/49\"><img loading=\"lazy\" class=\"aligncenter size-full wp-image-7172\" title=\"7\" src=\"\/pasarelaurbana\/wp-content\/uploads\/sites\/49\" alt=\"\" width=\"600\" height=\"800\" \/><\/a><\/p>\n<p style=\"text-align: center;\"><a href=\"\/pasarelaurbana\/wp-content\/uploads\/sites\/49\"><img loading=\"lazy\" class=\"aligncenter size-full wp-image-7173\" title=\"8\" src=\"\/pasarelaurbana\/wp-content\/uploads\/sites\/49\" alt=\"\" width=\"600\" height=\"800\" \/><\/a><\/p>\n<p style=\"text-align: center;\"><a href=\"\/pasarelaurbana\/wp-content\/uploads\/sites\/49\"><img loading=\"lazy\" class=\"aligncenter size-full wp-image-7174\" title=\"9\" src=\"\/pasarelaurbana\/wp-content\/uploads\/sites\/49\" alt=\"\" width=\"600\" height=\"800\" \/><\/a><\/p>\n<p style=\"text-align: center;\"><a href=\"\/pasarelaurbana\/wp-content\/uploads\/sites\/49\/2014\/06\/10.jpg\"><img loading=\"lazy\" class=\"aligncenter size-full wp-image-7175\" title=\"10\" src=\"\/pasarelaurbana\/wp-content\/uploads\/sites\/49\/2014\/06\/10.jpg\" alt=\"\" width=\"960\" height=\"1280\" srcset=\"https:\/\/static-blogs.diariosur.es\/wp-content\/uploads\/sites\/49\/2014\/06\/10.jpg 960w, https:\/\/static-blogs.diariosur.es\/wp-content\/uploads\/sites\/49\/2014\/06\/10-225x300.jpg 225w, https:\/\/static-blogs.diariosur.es\/wp-content\/uploads\/sites\/49\/2014\/06\/10-768x1024.jpg 768w\" sizes=\"(max-width: 960px) 100vw, 960px\" \/><\/a><\/p>\n<p style=\"text-align: center;\"><a href=\"\/pasarelaurbana\/wp-content\/uploads\/sites\/49\/2014\/06\/11.jpg\"><img loading=\"lazy\" class=\"aligncenter size-full wp-image-7176\" title=\"11\" src=\"\/pasarelaurbana\/wp-content\/uploads\/sites\/49\/2014\/06\/11.jpg\" alt=\"\" width=\"600\" height=\"800\" srcset=\"https:\/\/static-blogs.diariosur.es\/wp-content\/uploads\/sites\/49\/2014\/06\/11.jpg 600w, https:\/\/static-blogs.diariosur.es\/wp-content\/uploads\/sites\/49\/2014\/06\/11-225x300.jpg 225w\" sizes=\"(max-width: 600px) 100vw, 600px\" \/><\/a><\/p>\n<p style=\"text-align: center;\"><strong>Esmeralda Mart\u00ednez<\/strong>. 43 a\u00f1os. Abogada<\/p>\n<p style=\"text-align: center;\"><span style=\"text-decoration: underline;\">El estilo marinero, un cl\u00e1sico que siempre favorece<\/span><br \/>\nSon algo as\u00ed como el turr\u00f3n en Navidad. Siempre vuelven. En cuanto que el fr\u00edo da una tregua y los primeros rayos de sol aprietan las rayas marineras piden paso en el \u2018street style\u2019. Esmeralda Mart\u00ednez, una abogada malague\u00f1a de 43 a\u00f1os, es de las incondicionales a este estampado. El \u2018navy\u2019 tiene a su favor el ser un \u2018print\u2019 s\u00faper vers\u00e1til que realza tanto los looks de diario como los m\u00e1s sofisticados. En su caso, lo lleva en formati vestido, con cintur\u00f3n joya y complementos en negro.<\/p>\n<p style=\"text-align: center;\">Vestido: H&#038;M.  <\/p>\n<p style=\"text-align: center;\">Cintur\u00f3n: Massimo Dutti.<\/p>\n<p style=\"text-align: center;\">Cu\u00f1as: Zara.<\/p>\n<p style=\"text-align: center;\">Bolso:Uterq\u00fce.<\/p>\n<p style=\"text-align: center;\"><a href=\"\/pasarelaurbana\/wp-content\/uploads\/sites\/49\/2014\/06\/12.jpg\"><img loading=\"lazy\" class=\"aligncenter size-full wp-image-7177\" title=\"12\" src=\"\/pasarelaurbana\/wp-content\/uploads\/sites\/49\/2014\/06\/12.jpg\" alt=\"\" width=\"600\" height=\"925\" srcset=\"https:\/\/static-blogs.diariosur.es\/wp-content\/uploads\/sites\/49\/2014\/06\/12.jpg 600w, https:\/\/static-blogs.diariosur.es\/wp-content\/uploads\/sites\/49\/2014\/06\/12-195x300.jpg 195w\" sizes=\"(max-width: 600px) 100vw, 600px\" \/><\/a><\/p>\n<p style=\"text-align: center;\"><a href=\"\/pasarelaurbana\/wp-content\/uploads\/sites\/49\/2014\/06\/13.jpg\"><img loading=\"lazy\" class=\"aligncenter size-full wp-image-7178\" title=\"13\" src=\"\/pasarelaurbana\/wp-content\/uploads\/sites\/49\/2014\/06\/13.jpg\" alt=\"\" width=\"600\" height=\"390\" srcset=\"https:\/\/static-blogs.diariosur.es\/wp-content\/uploads\/sites\/49\/2014\/06\/13.jpg 600w, https:\/\/static-blogs.diariosur.es\/wp-content\/uploads\/sites\/49\/2014\/06\/13-300x195.jpg 300w\" sizes=\"(max-width: 600px) 100vw, 600px\" \/><\/a><\/p>\n<p style=\"text-align: center;\"><a href=\"\/pasarelaurbana\/wp-content\/uploads\/sites\/49\/2014\/06\/14.jpg\"><img loading=\"lazy\" class=\"aligncenter size-full wp-image-7179\" title=\"14\" src=\"\/pasarelaurbana\/wp-content\/uploads\/sites\/49\/2014\/06\/14.jpg\" alt=\"\" width=\"600\" height=\"454\" srcset=\"https:\/\/static-blogs.diariosur.es\/wp-content\/uploads\/sites\/49\/2014\/06\/14.jpg 600w, https:\/\/static-blogs.diariosur.es\/wp-content\/uploads\/sites\/49\/2014\/06\/14-300x227.jpg 300w\" sizes=\"(max-width: 600px) 100vw, 600px\" \/><\/a><\/p>\n<p style=\"text-align: center;\"><a href=\"\/pasarelaurbana\/wp-content\/uploads\/sites\/49\/2014\/06\/15.jpg\"><img loading=\"lazy\" class=\"aligncenter size-full wp-image-7180\" title=\"15\" src=\"\/pasarelaurbana\/wp-content\/uploads\/sites\/49\/2014\/06\/15.jpg\" alt=\"\" width=\"600\" height=\"439\" srcset=\"https:\/\/static-blogs.diariosur.es\/wp-content\/uploads\/sites\/49\/2014\/06\/15.jpg 600w, https:\/\/static-blogs.diariosur.es\/wp-content\/uploads\/sites\/49\/2014\/06\/15-300x220.jpg 300w\" sizes=\"(max-width: 600px) 100vw, 600px\" \/><\/a><\/p>\n<p style=\"text-align: center;\">Victoria G\u00f3mez Aparicio. 28 a\u00f1os. Licenciada en comunicaci\u00f3n audiovisual<\/p>\n<p style=\"text-align: center;\"><span style=\"text-decoration: underline;\">Crop top y bandolera de flecos, dos \u2018must\u2019 de temporada<\/span><br \/>\nFue una de las prendas revelaci\u00f3n del pasado oto\u00f1o -pese a que el tiempo tampoco acompa\u00f1aba demasiado- y ahora con la llegada del verano ha acabado de despegar hasta el punto de convertirse en omnipresente. Ense\u00f1ar el abdomen -aunque sea de forma muy sutil con partes de abajo de tiro alto- es uno de los gestos m\u00e1s \u2018in\u2019 de esta temporada. Las m\u00e1s atrevidas, y que puedan permit\u00edrselo, pueden optar por tops min\u00fasculos tipo bandeau, tambi\u00e9n de moda. Nos gusta el de efecto corpi\u00f1o de Victoria G\u00f3mez Aparicio, quien lo combina con falda larga plisada en rosa y bandolera de flecos, otro \u2018must have\u2019.<\/p>\n<p style=\"text-align: center;\">Crop Top: Pull&#038;Bear.  <\/p>\n<p style=\"text-align: center;\">Pantal\u00f3n: Bershka.<\/p>\n<p style=\"text-align: center;\">Cu\u00f1as: Bershka<\/p>\n<p style=\"text-align: center;\">Bolso y brazalete: Stradivarius.<\/p>\n<p style=\"text-align: center;\"><a href=\"\/pasarelaurbana\/wp-content\/uploads\/sites\/49\/2014\/06\/16.jpg\"><img loading=\"lazy\" class=\"aligncenter size-full wp-image-7181\" title=\"16\" src=\"\/pasarelaurbana\/wp-content\/uploads\/sites\/49\/2014\/06\/16.jpg\" alt=\"\" width=\"600\" height=\"901\" srcset=\"https:\/\/static-blogs.diariosur.es\/wp-content\/uploads\/sites\/49\/2014\/06\/16.jpg 600w, https:\/\/static-blogs.diariosur.es\/wp-content\/uploads\/sites\/49\/2014\/06\/16-200x300.jpg 200w\" sizes=\"(max-width: 600px) 100vw, 600px\" \/><\/a><\/p>\n<p style=\"text-align: center;\"><a href=\"\/pasarelaurbana\/wp-content\/uploads\/sites\/49\/2014\/06\/17.jpg\"><img loading=\"lazy\" class=\"aligncenter size-full wp-image-7182\" title=\"17\" src=\"\/pasarelaurbana\/wp-content\/uploads\/sites\/49\/2014\/06\/17.jpg\" alt=\"\" width=\"600\" height=\"901\" srcset=\"https:\/\/static-blogs.diariosur.es\/wp-content\/uploads\/sites\/49\/2014\/06\/17.jpg 600w, https:\/\/static-blogs.diariosur.es\/wp-content\/uploads\/sites\/49\/2014\/06\/17-200x300.jpg 200w\" sizes=\"(max-width: 600px) 100vw, 600px\" \/><\/a><\/p>\n<p style=\"text-align: center;\"><a href=\"\/pasarelaurbana\/wp-content\/uploads\/sites\/49\/2014\/06\/18.jpg\"><img loading=\"lazy\" class=\"aligncenter size-full wp-image-7165\" title=\"18\" src=\"\/pasarelaurbana\/wp-content\/uploads\/sites\/49\/2014\/06\/18.jpg\" alt=\"\" width=\"600\" height=\"481\" srcset=\"https:\/\/static-blogs.diariosur.es\/wp-content\/uploads\/sites\/49\/2014\/06\/18.jpg 600w, https:\/\/static-blogs.diariosur.es\/wp-content\/uploads\/sites\/49\/2014\/06\/18-300x241.jpg 300w\" sizes=\"(max-width: 600px) 100vw, 600px\" \/><\/a><\/p>\n<p style=\"text-align: center;\"><strong>Marian Jim\u00e9nez Oca\u00f1a<\/strong>. Investigadora de la UMA y social media especializada en moda<\/p>\n<p style=\"text-align: center;\">De safari chic con un mono vintage\u00a0 de elefantes<br \/>\n\u00abEste mono era de mi madre. Se lo compr\u00f3 en una boutique de Torremolinos. Tiene cerca de 20 a\u00f1os y est\u00e1 como nuevo \u00a1Me encanta! Ella se lo puso en la comuni\u00f3n de una de mis primas en Granada cuando yo ten\u00eda unos diez a\u00f1os. Me gusta su punto retro, sofisticado y a la vez bohemio\u00bb. As\u00ed explica la propia Marian Jim\u00e9nez Oca\u00f1a la historia del que es por m\u00e9ritos propios el eje central de su estilismo, con un cierto aire de ese \u2018safari chic\u2019 tan de tendencia. Esta investigadora de la Universidad de M\u00e1laga y responsable de social media de temas de moda completa el \u2018outfit\u2019 con un elegante sombrero y unas cu\u00f1as negras muy veraniegas. Remata el look con un bolso, tambi\u00e9n vintage, de Louis Vuitton.<\/p>\n<p style=\"text-align: center;\">Mono: Vintage.<\/p>\n<p style=\"text-align: center;\"> Sandalias: Pull&#038;Bear.<\/p>\n<p style=\"text-align: center;\">Bolso: Louis Vuitton.<\/p>\n<p style=\"text-align: center;\">Sombrero: Bershka.<\/p>\n<p style=\"text-align: center;\">\u00a1Espero que os haya gustado! &#8216;Feliz fin de semana!<\/p>\n","protected":false},"excerpt":{"rendered":"<p>Ya es oficial. No solo en los term\u00f3metros. Tambi\u00e9n en el calendario. Ayer, 21 de junio, arranc\u00f3 la temporada estival y, con ella, se abre la veda a que los looks m\u00e1s frescos y veraniegos tomen el relevo y se impongan sobre la pasarela urbana. Es el turno de vestidos vaporosos, tejidos ligeros, shorts, cu\u00f1as, [&hellip;]<\/p>\n","protected":false},"author":54,"featured_media":0,"comment_status":"open","ping_status":"open","sticky":false,"template":"","format":"standard","meta":[],"categories":[2],"tags":[],"_links":{"self":[{"href":"https:\/\/blogs.diariosur.es\/pasarelaurbana\/wp-json\/wp\/v2\/posts\/7164"}],"collection":[{"href":"https:\/\/blogs.diariosur.es\/pasarelaurbana\/wp-json\/wp\/v2\/posts"}],"about":[{"href":"https:\/\/blogs.diariosur.es\/pasarelaurbana\/wp-json\/wp\/v2\/types\/post"}],"author":[{"embeddable":true,"href":"https:\/\/blogs.diariosur.es\/pasarelaurbana\/wp-json\/wp\/v2\/users\/54"}],"replies":[{"embeddable":true,"href":"https:\/\/blogs.diariosur.es\/pasarelaurbana\/wp-json\/wp\/v2\/comments?post=7164"}],"version-history":[{"count":0,"href":"https:\/\/blogs.diariosur.es\/pasarelaurbana\/wp-json\/wp\/v2\/posts\/7164\/revisions"}],"wp:attachment":[{"href":"https:\/\/blogs.diariosur.es\/pasarelaurbana\/wp-json\/wp\/v2\/media?parent=7164"}],"wp:term":[{"taxonomy":"category","embeddable":true,"href":"https:\/\/blogs.diariosur.es\/pasarelaurbana\/wp-json\/wp\/v2\/categories?post=7164"},{"taxonomy":"post_tag","embeddable":true,"href":"https:\/\/blogs.diariosur.es\/pasarelaurbana\/wp-json\/wp\/v2\/tags?post=7164"}],"curies":[{"name":"wp","href":"https:\/\/api.w.org\/{rel}","templated":true}]}}