{"id":7184,"date":"2014-06-28T10:39:15","date_gmt":"2014-06-28T08:39:15","guid":{"rendered":"http:\/\/blogs.diariosur.es\/pasarelaurbana\/?p=7184"},"modified":"2014-06-28T10:39:15","modified_gmt":"2014-06-28T08:39:15","slug":"el-armario-de-roberto-caballero","status":"publish","type":"post","link":"https:\/\/blogs.diariosur.es\/pasarelaurbana\/2014\/06\/28\/el-armario-de-roberto-caballero\/","title":{"rendered":"El armario de Roberto Caballero"},"content":{"rendered":"<p style=\"text-align: center;\">En lo que a moda se refiere, se mueve por flechazos. La prenda tiene que entrarle por los ojos. Sorprenderle. Cautivarle. Quiz\u00e1s por eso rara vez se lanza a comprar b\u00e1sicos de fondo de armario. \u00abPorque no me llaman la atenci\u00f3n, me aburren, prefiero una camisa estampada, un pantal\u00f3n de un color llamativo o un complemento especial\u00bb argumenta <strong>Roberto Caballero<\/strong>, un periodista de 33 a\u00f1os de RTV Marbella metido a blogger hace ahora unos cuatro a\u00f1os<a href=\"http:\/\/www.hombrexxi.com\/\" rel=\"external nofollow\">. Hombre XXI,<\/a> como de denomina su portal, empez\u00f3 como una v\u00eda de escape para dar tienda suelta a la que desde muy peque\u00f1o era su gran afici\u00f3n (heredada de su madre, otra fashionista) y hoy d\u00eda se ha convertido en un modo de vida que compagina con su otra pasi\u00f3n, la comunicaci\u00f3n.<br \/>\nDe estilo \u2018preppy\u2019 (corriente que tiene su origen en la forma de vestir de los alumnos de \u00e9lite de los institutos norteamericanos y que se basa en prendas muy cl\u00e1sicas, sobrias y c\u00f3modas, con un toque deportivo) en los looks de Caballero no faltan las americanas con coloridos pa\u00f1uelos en la solapa que marida con vaqueros durante el d\u00eda y chinos por la noche. Las camisas con \u2018prints\u2019 protagonistas son una de sus grandes debilidades. En este punto no le importa arriesgar y se atreve con casi todo. Flores, cuadros, lunares&#8230; \u00abSoy de base cl\u00e1sica pero siempre apostando por una nota de color\u00bb, apostilla. \u00bfSus favoritos? Los rosas y azules. Si se trata de buscar el \u2018outfit\u2019 perfecto para acudir de invitado a un evento las pajaritas y corbatas de punto son sus mejores aliadas. Los tirantes son uno de sus \u00faltimos descubrimientos. \u00ab\u00daltimamente los uso mucho. Los que m\u00e1s me gustan son unos ingleses de seda de cashmere que me regal\u00f3 mi padre\u00bb.<br \/>\nLas zapatillas deportivas son otra de sus principales se\u00f1as de identidad. \u00abSon mi perdici\u00f3n, las compro de forma compulsiva\u00bb, bromea. Entre sus reliquias, unas Dr Martens de David Delfin que recientemente logr\u00f3 que le firmara el dise\u00f1ador malague\u00f1o. En materia de complementos -\u00ablos focos que centran todas las miradas y marcan la diferencia\u00bb, apunta- los relojes son su obsesi\u00f3n. Tiene m\u00e1s de una veintena. \u00abMe gustan much\u00edsimo y como mi familia y amigos lo saben ha acabado convirti\u00e9ndose en un regalo muy socorrido\u00bb. explica.<\/p>\n<p style=\"text-align: center;\">Os dejo con sus looks al detalle fotografiados por mi compa\u00f1ero <em>Fernando Gonz\u00e1lez<\/em>.<\/p>\n<p style=\"text-align: center;\">PD: <span style=\"text-decoration: underline;\">Estar\u00e9 de vacaciones dos semanas<\/span>, \u00a1nos vemos a la vuelta! \u00a1Feliz fin de semana!<\/p>\n<p style=\"text-align: center;\"><a href=\"\/pasarelaurbana\/wp-content\/uploads\/sites\/49\/2014\/06\/31.jpg\"><img loading=\"lazy\" class=\"aligncenter size-full wp-image-7188\" title=\"3\" src=\"\/pasarelaurbana\/wp-content\/uploads\/sites\/49\/2014\/06\/31.jpg\" alt=\"\" width=\"600\" height=\"800\" srcset=\"https:\/\/static-blogs.diariosur.es\/wp-content\/uploads\/sites\/49\/2014\/06\/31.jpg 600w, https:\/\/static-blogs.diariosur.es\/wp-content\/uploads\/sites\/49\/2014\/06\/31-225x300.jpg 225w\" sizes=\"(max-width: 600px) 100vw, 600px\" \/><\/a><!--more--><strong>LOOK DE D\u00cdA: <\/strong><span style=\"text-decoration: underline;\">Camisa de print geom\u00e9trico, vaqueros y deportivas<\/span><\/p>\n<p style=\"text-align: center;\"><a href=\"\/pasarelaurbana\/wp-content\/uploads\/sites\/49\/2014\/06\/19.jpg\"><img loading=\"lazy\" class=\"aligncenter size-full wp-image-7186\" title=\"1\" src=\"\/pasarelaurbana\/wp-content\/uploads\/sites\/49\/2014\/06\/19.jpg\" alt=\"\" width=\"600\" height=\"450\" srcset=\"https:\/\/static-blogs.diariosur.es\/wp-content\/uploads\/sites\/49\/2014\/06\/19.jpg 600w, https:\/\/static-blogs.diariosur.es\/wp-content\/uploads\/sites\/49\/2014\/06\/19-300x225.jpg 300w\" sizes=\"(max-width: 600px) 100vw, 600px\" \/><\/a><\/p>\n<p style=\"text-align: center;\"><a href=\"\/pasarelaurbana\/wp-content\/uploads\/sites\/49\/2014\/06\/21.jpg\"><img loading=\"lazy\" class=\"aligncenter size-full wp-image-7187\" title=\"2\" src=\"\/pasarelaurbana\/wp-content\/uploads\/sites\/49\/2014\/06\/21.jpg\" alt=\"\" width=\"600\" height=\"450\" srcset=\"https:\/\/static-blogs.diariosur.es\/wp-content\/uploads\/sites\/49\/2014\/06\/21.jpg 600w, https:\/\/static-blogs.diariosur.es\/wp-content\/uploads\/sites\/49\/2014\/06\/21-300x225.jpg 300w\" sizes=\"(max-width: 600px) 100vw, 600px\" \/><\/a><\/p>\n<p style=\"text-align: center;\">Una camisa de estampado geom\u00e9trico con vaqueros gastados (ambos de <strong>Zara<\/strong>) combinados con unas deportivas cl\u00e1sicas de <strong>Adidas<\/strong>, su propuesta de look para el d\u00eda. El reloj dorado es de <strong>Swatch<\/strong><\/p>\n<p style=\"text-align: center;\"><strong>PARA SALIR A CENAR<\/strong>: <span style=\"text-decoration: underline;\">Camisa de cuadros de colores, blazer celeste y pantal\u00f3n gris<\/span><\/p>\n<p style=\"text-align: center;\"><a href=\"\/pasarelaurbana\/wp-content\/uploads\/sites\/49\/2014\/06\/41.jpg\"><img loading=\"lazy\" class=\"aligncenter size-full wp-image-7189\" title=\"4\" src=\"\/pasarelaurbana\/wp-content\/uploads\/sites\/49\/2014\/06\/41.jpg\" alt=\"\" width=\"600\" height=\"800\" srcset=\"https:\/\/static-blogs.diariosur.es\/wp-content\/uploads\/sites\/49\/2014\/06\/41.jpg 600w, https:\/\/static-blogs.diariosur.es\/wp-content\/uploads\/sites\/49\/2014\/06\/41-225x300.jpg 225w\" sizes=\"(max-width: 600px) 100vw, 600px\" \/><\/a><\/p>\n<p style=\"text-align: center;\"><a href=\"\/pasarelaurbana\/wp-content\/uploads\/sites\/49\/2014\/06\/51.jpg\"><img loading=\"lazy\" class=\"aligncenter size-full wp-image-7190\" title=\"5\" src=\"\/pasarelaurbana\/wp-content\/uploads\/sites\/49\/2014\/06\/51.jpg\" alt=\"\" width=\"600\" height=\"450\" srcset=\"https:\/\/static-blogs.diariosur.es\/wp-content\/uploads\/sites\/49\/2014\/06\/51.jpg 600w, https:\/\/static-blogs.diariosur.es\/wp-content\/uploads\/sites\/49\/2014\/06\/51-300x225.jpg 300w\" sizes=\"(max-width: 600px) 100vw, 600px\" \/><\/a><\/p>\n<p style=\"text-align: center;\"><a href=\"\/pasarelaurbana\/wp-content\/uploads\/sites\/49\/2014\/06\/61.jpg\"><img loading=\"lazy\" class=\"aligncenter size-full wp-image-7191\" title=\"6\" src=\"\/pasarelaurbana\/wp-content\/uploads\/sites\/49\/2014\/06\/61.jpg\" alt=\"\" width=\"600\" height=\"800\" srcset=\"https:\/\/static-blogs.diariosur.es\/wp-content\/uploads\/sites\/49\/2014\/06\/61.jpg 600w, https:\/\/static-blogs.diariosur.es\/wp-content\/uploads\/sites\/49\/2014\/06\/61-225x300.jpg 225w\" sizes=\"(max-width: 600px) 100vw, 600px\" \/><\/a><\/p>\n<p style=\"text-align: center;\">Para salir a cenar Roberto elige camisa de cuadros colorida de <strong>Baileys,<\/strong> blazer celeste de <strong>Pull&#038;Bear<\/strong>, pa\u00f1uelo de la firma malague\u00f1a <strong>Mario Teo<\/strong> y pantal\u00f3n gris de <strong>Zara<\/strong>. Completa el \u2018outfit\u2019 con zapatos de <strong>Estell\u00e9s<\/strong> (comprados en Madrid) y reloj negro de <strong>Fosil<\/strong>.<\/p>\n<p style=\"text-align: center;\"><strong>SU POPUESTA PARA UN EVENTO<\/strong>:<span style=\"text-decoration: underline;\"> Camisa blanca con tirantes, americana azul y pantal\u00f3n de flores<\/span><\/p>\n<p style=\"text-align: center;\"><a href=\"\/pasarelaurbana\/wp-content\/uploads\/sites\/49\/2014\/06\/71.jpg\"><img loading=\"lazy\" class=\"aligncenter  wp-image-7192\" title=\"7\" src=\"\/pasarelaurbana\/wp-content\/uploads\/sites\/49\/2014\/06\/71.jpg\" alt=\"\" width=\"600\" height=\"450\" srcset=\"https:\/\/static-blogs.diariosur.es\/wp-content\/uploads\/sites\/49\/2014\/06\/71.jpg 600w, https:\/\/static-blogs.diariosur.es\/wp-content\/uploads\/sites\/49\/2014\/06\/71-300x225.jpg 300w\" sizes=\"(max-width: 600px) 100vw, 600px\" \/><\/a><\/p>\n<p style=\"text-align: center;\"><a href=\"\/pasarelaurbana\/wp-content\/uploads\/sites\/49\/2014\/06\/81.jpg\"><img loading=\"lazy\" class=\"aligncenter size-full wp-image-7193\" title=\"8\" src=\"\/pasarelaurbana\/wp-content\/uploads\/sites\/49\/2014\/06\/81.jpg\" alt=\"\" width=\"600\" height=\"450\" srcset=\"https:\/\/static-blogs.diariosur.es\/wp-content\/uploads\/sites\/49\/2014\/06\/81.jpg 600w, https:\/\/static-blogs.diariosur.es\/wp-content\/uploads\/sites\/49\/2014\/06\/81-300x225.jpg 300w\" sizes=\"(max-width: 600px) 100vw, 600px\" \/><\/a><\/p>\n<p style=\"text-align: center;\"><a href=\"\/pasarelaurbana\/wp-content\/uploads\/sites\/49\/2014\/06\/91.jpg\"><img loading=\"lazy\" class=\"aligncenter size-full wp-image-7194\" title=\"9\" src=\"\/pasarelaurbana\/wp-content\/uploads\/sites\/49\/2014\/06\/91.jpg\" alt=\"\" width=\"600\" height=\"450\" srcset=\"https:\/\/static-blogs.diariosur.es\/wp-content\/uploads\/sites\/49\/2014\/06\/91.jpg 600w, https:\/\/static-blogs.diariosur.es\/wp-content\/uploads\/sites\/49\/2014\/06\/91-300x225.jpg 300w\" sizes=\"(max-width: 600px) 100vw, 600px\" \/><\/a><\/p>\n<p style=\"text-align: center;\">Su apuesta para un evento: camisa blanca de<strong> Zara<\/strong> con tirantes de <strong>Emilio Tucci<\/strong> y pantal\u00f3n de flores de <strong>Massimo Dutti<\/strong>, blazer de <strong>Baileys<\/strong> y pa\u00f1uelo de calaveras de<strong> Scalpers<\/strong>. Los zapatos son tra\u00eddos de Madrid.<\/p>\n<p style=\"text-align: center;\"><span style=\"text-decoration: underline;\">SUS COMPLEMENTOS<\/span><\/p>\n<p style=\"text-align: center;\"><a href=\"\/pasarelaurbana\/wp-content\/uploads\/sites\/49\/2014\/06\/101.jpg\"><img loading=\"lazy\" class=\"aligncenter size-full wp-image-7195\" title=\"10\" src=\"\/pasarelaurbana\/wp-content\/uploads\/sites\/49\/2014\/06\/101.jpg\" alt=\"\" width=\"600\" height=\"800\" srcset=\"https:\/\/static-blogs.diariosur.es\/wp-content\/uploads\/sites\/49\/2014\/06\/101.jpg 600w, https:\/\/static-blogs.diariosur.es\/wp-content\/uploads\/sites\/49\/2014\/06\/101-225x300.jpg 225w\" sizes=\"(max-width: 600px) 100vw, 600px\" \/><\/a><\/p>\n<p style=\"text-align: center;\"><a href=\"\/pasarelaurbana\/wp-content\/uploads\/sites\/49\/2014\/06\/111.jpg\"><img loading=\"lazy\" class=\"aligncenter size-full wp-image-7196\" title=\"11\" src=\"\/pasarelaurbana\/wp-content\/uploads\/sites\/49\/2014\/06\/111.jpg\" alt=\"\" width=\"600\" height=\"450\" srcset=\"https:\/\/static-blogs.diariosur.es\/wp-content\/uploads\/sites\/49\/2014\/06\/111.jpg 600w, https:\/\/static-blogs.diariosur.es\/wp-content\/uploads\/sites\/49\/2014\/06\/111-300x225.jpg 300w\" sizes=\"(max-width: 600px) 100vw, 600px\" \/><\/a><\/p>\n<p style=\"text-align: center;\">Los zapatos son su gran debilidad. Sobre estas l\u00edneas, algunos de sus favoritos: un modelo tricolor tra\u00eddo de<strong> Rom<\/strong>a, unas slippers burdeos con borlones de <strong>Bow Tie<\/strong> y las <strong>Dr Martens<\/strong> de David Delf\u00edn firmadas por el dise\u00f1ador malague\u00f1o.<\/p>\n<p style=\"text-align: center;\"><a href=\"\/pasarelaurbana\/wp-content\/uploads\/sites\/49\/2014\/06\/121.jpg\"><img loading=\"lazy\" class=\"aligncenter size-full wp-image-7197\" title=\"12\" src=\"\/pasarelaurbana\/wp-content\/uploads\/sites\/49\/2014\/06\/121.jpg\" alt=\"\" width=\"600\" height=\"450\" srcset=\"https:\/\/static-blogs.diariosur.es\/wp-content\/uploads\/sites\/49\/2014\/06\/121.jpg 600w, https:\/\/static-blogs.diariosur.es\/wp-content\/uploads\/sites\/49\/2014\/06\/121-300x225.jpg 300w\" sizes=\"(max-width: 600px) 100vw, 600px\" \/><\/a><\/p>\n<p style=\"text-align: center;\">Gafas de<strong> Laveta y  Ray-Ban<\/strong>, relojes de <strong>G-shock, Marc Ecko, Spazio24 y Guess<\/strong>. Pa\u00f1uelos de <strong>Hakei, Soloio, Mario Teo y Mango<\/strong>.<\/p>\n<p style=\"text-align: center;\"><a href=\"\/pasarelaurbana\/wp-content\/uploads\/sites\/49\/2014\/06\/131.jpg\"><img loading=\"lazy\" class=\"aligncenter size-full wp-image-7198\" title=\"13\" src=\"\/pasarelaurbana\/wp-content\/uploads\/sites\/49\/2014\/06\/131.jpg\" alt=\"\" width=\"600\" height=\"450\" srcset=\"https:\/\/static-blogs.diariosur.es\/wp-content\/uploads\/sites\/49\/2014\/06\/131.jpg 600w, https:\/\/static-blogs.diariosur.es\/wp-content\/uploads\/sites\/49\/2014\/06\/131-300x225.jpg 300w\" sizes=\"(max-width: 600px) 100vw, 600px\" \/><\/a><\/p>\n<p style=\"text-align: center;\">Entre sus prendas m\u00e1s especiales figuran estos tirantes ingleses de seda con print de cashmere regalo de su padre. La camisa es de <strong>Hominem<\/strong>.<\/p>\n<p style=\"text-align: center;\"><a href=\"\/pasarelaurbana\/wp-content\/uploads\/sites\/49\/2014\/06\/141.jpg\"><img loading=\"lazy\" class=\"aligncenter size-full wp-image-7185\" title=\"14\" src=\"\/pasarelaurbana\/wp-content\/uploads\/sites\/49\/2014\/06\/141.jpg\" alt=\"\" width=\"600\" height=\"800\" srcset=\"https:\/\/static-blogs.diariosur.es\/wp-content\/uploads\/sites\/49\/2014\/06\/141.jpg 600w, https:\/\/static-blogs.diariosur.es\/wp-content\/uploads\/sites\/49\/2014\/06\/141-225x300.jpg 225w\" sizes=\"(max-width: 600px) 100vw, 600px\" \/><\/a><\/p>\n<p style=\"text-align: center;\"><span style=\"text-decoration: underline;\">SU RUTA DE TIENDAS<\/span><\/p>\n<p style=\"text-align: center;\">1.<strong> Zara<\/strong>. Una de sus paradas imprescindibles para camisas y chaquetas.<br \/>\n2. <strong>Mango<\/strong>. De esta franquicia le encantan su camiser\u00eda y sus \u2018prints\u2019.<br \/>\n3. <strong>El Ganso<\/strong>. En esta tienda compra deportivas y cordones de colores.<br \/>\n4. <strong>Baileys<\/strong>. \u00abMe encantan las propuestas de esta firma y sus estampados\u00bb<br \/>\n5. <strong>Silbon.<\/strong> \u00abUno de mis \u00faltimos hallazgos para americanas y tirantes\u00bb.<\/p>\n<p style=\"text-align: center;\">\u00a1Nos vemos a la vuelta de vacaciones! \u00a1Sed felices!<\/p>\n<p>&nbsp;<\/p>\n","protected":false},"excerpt":{"rendered":"<p>En lo que a moda se refiere, se mueve por flechazos. La prenda tiene que entrarle por los ojos. Sorprenderle. Cautivarle. Quiz\u00e1s por eso rara vez se lanza a comprar b\u00e1sicos de fondo de armario. \u00abPorque no me llaman la atenci\u00f3n, me aburren, prefiero una camisa estampada, un pantal\u00f3n de un color llamativo o un [&hellip;]<\/p>\n","protected":false},"author":54,"featured_media":0,"comment_status":"open","ping_status":"open","sticky":false,"template":"","format":"standard","meta":[],"categories":[2],"tags":[],"_links":{"self":[{"href":"https:\/\/blogs.diariosur.es\/pasarelaurbana\/wp-json\/wp\/v2\/posts\/7184"}],"collection":[{"href":"https:\/\/blogs.diariosur.es\/pasarelaurbana\/wp-json\/wp\/v2\/posts"}],"about":[{"href":"https:\/\/blogs.diariosur.es\/pasarelaurbana\/wp-json\/wp\/v2\/types\/post"}],"author":[{"embeddable":true,"href":"https:\/\/blogs.diariosur.es\/pasarelaurbana\/wp-json\/wp\/v2\/users\/54"}],"replies":[{"embeddable":true,"href":"https:\/\/blogs.diariosur.es\/pasarelaurbana\/wp-json\/wp\/v2\/comments?post=7184"}],"version-history":[{"count":0,"href":"https:\/\/blogs.diariosur.es\/pasarelaurbana\/wp-json\/wp\/v2\/posts\/7184\/revisions"}],"wp:attachment":[{"href":"https:\/\/blogs.diariosur.es\/pasarelaurbana\/wp-json\/wp\/v2\/media?parent=7184"}],"wp:term":[{"taxonomy":"category","embeddable":true,"href":"https:\/\/blogs.diariosur.es\/pasarelaurbana\/wp-json\/wp\/v2\/categories?post=7184"},{"taxonomy":"post_tag","embeddable":true,"href":"https:\/\/blogs.diariosur.es\/pasarelaurbana\/wp-json\/wp\/v2\/tags?post=7184"}],"curies":[{"name":"wp","href":"https:\/\/api.w.org\/{rel}","templated":true}]}}