{"id":7215,"date":"2014-07-08T13:12:57","date_gmt":"2014-07-08T11:12:57","guid":{"rendered":"http:\/\/blogs.diariosur.es\/pasarelaurbana\/?p=7215"},"modified":"2014-07-08T13:12:57","modified_gmt":"2014-07-08T11:12:57","slug":"dior-deslumbra-en-paris-con-su-repaso-a-la-historia-de-la-moda","status":"publish","type":"post","link":"https:\/\/blogs.diariosur.es\/pasarelaurbana\/2014\/07\/08\/dior-deslumbra-en-paris-con-su-repaso-a-la-historia-de-la-moda\/","title":{"rendered":"Dior deslumbra en Paris con su repaso a la historia de la moda"},"content":{"rendered":"<p style=\"text-align: center;\">Perdonadme que estos d\u00edas mantenga el foco puesto en Paris. Como sab\u00e9is, el objetivo central de este blog es la moda malague\u00f1a. Pero no puedo dejar de compartir con vosotr@s el maravilloso desfile de<strong> Dior<\/strong> en la gran cita de la alta costura parisina. Simplemente BRILLANTE. Espect\u00e1culo en estado puro. Prendas que enamoran a primera vista, detalles rom\u00e1nticos y delicados que hacen so\u00f1ar sobre la pasarela. Una vez m\u00e1s, el modisto belga<strong> Raf Simons<\/strong> ha sorprendido y ha entusiasmado. Esta vez con una colecci\u00f3n que echa la vista atr\u00e1s para repasar la historia de la moda, con muchos gui\u00f1os a los vestidos de los a\u00f1os 20. Con una imponente puesta es escena, bajo un precioso techo de orqu\u00eddeas blandas, que recubr\u00eda las paredes de espejo de la sala circular instalada en los jardines del <strong>Museo Rodin<\/strong>, el desfile se estructur\u00f3 en ocho fases, dedicadas a periodos concretos o prendas especiales. \u00bfLa apuesta de Simons? Un invierno blanco te\u00f1ido de tonalidades pasteles con peque\u00f1as pinceladas de color, cortes arquitect\u00f3nicos, vol\u00famenes (el dise\u00f1ador rescat\u00f3 las l\u00edneas voluptuosas del traje a la francesa del <strong>siglo XVIII<\/strong>)\u00a0 y lujosos materiales. A destacar, los refinados bordados de geometr\u00edas florales y el elegante &#8216;jacquard&#8217; de seda de filamentos plateados y dorados. Una est\u00e9tica rom\u00e1ntica e hiperfemenina que solo se rompi\u00f3 con la irrumpci\u00f3n en escena de los <strong>monos de aviador<\/strong> ce\u00f1idos con cinturones joya, apuesta de la casa para la pr\u00f3xima temporada. Las cremalleras tambi\u00e9n tuvieron su protagonismo en pantalones.<\/p>\n<p style=\"text-align: center;\">Una concesi\u00f3n a la funcionalidad y a la inspiraci\u00f3n masculina que no pas\u00f3 desapercibida y que tambi\u00e9n dej\u00f3 huella en los <strong>abrigos XL<\/strong> largos hasta los pies de doble abotonadura con interesantes mangas de globo. El director art\u00edstico de Dior resucit\u00f3 con acierto las<strong> casacas masculinas<\/strong> del siglo XVIII creando prendas de ensue\u00f1o. Y otro regreso al pasado hacia la esencia de Dior a trav\u00e9s de su m\u00edtica chaqueta &#8216;Bar&#8217; de los a\u00f1os cincuenta. Esta prenda, que regresa sin cesar a cada desfile de la casa, fue reinterpretada en esta ocasi\u00f3n a partir de las solapas.<\/p>\n<section itemprop=\"articleBody\">\n<div id=\"ccronica\">\n<p style=\"text-align: center;\">En materia de complementos lo m\u00e1s llamativo fueron los<strong> botines<\/strong> de punta en colores \u00e1cidos -en contundentes naranjas, azules, amarillos o rosas-, algunos de ellos en formato degradado. Perfectos de contrapunta a los looks m\u00e1s delicados y rom\u00e1nticos.<\/p>\n<p style=\"text-align: center;\">\u00a0Os dejo con algunas de mis fotos preferidas del desfile, en cuyo front row se codearon<strong> Sean Penn y Charlize Theron<\/strong> con <strong>Emma Watson o Jennifer Lawrence<\/strong> (que protagonizaron<a href=\"http:\/\/www.diariosur.es\/gente-estilo\/201407\/08\/jennifer-lawrence-manos-pega-20140708105438.html\" rel=\"external nofollow\"> la an\u00e9cdota de la jornada<\/a>). \u00a1Pasen y vean! (Por cierto, si os perdisteis los desfiles inaugurales de <a href=\"https:\/\/blogs.diariosur.es\/pasarelaurbana\/2014\/07\/07\/de-versace-a-schiaparelli-paris-sube-el-telon-de-la-moda-y-del-espectaculo\/\">Versace o Schiaparelli<\/a> os dejo un resumen aqui).<\/p>\n<\/div>\n<\/section>\n<p>&nbsp;<\/p>\n<p><a href=\"\/pasarelaurbana\/wp-content\/uploads\/sites\/49\/2014\/07\/11.jpg\"><img loading=\"lazy\" class=\"aligncenter size-full wp-image-7217\" title=\"1\" src=\"\/pasarelaurbana\/wp-content\/uploads\/sites\/49\/2014\/07\/11.jpg\" alt=\"\" width=\"600\" height=\"399\" srcset=\"https:\/\/static-blogs.diariosur.es\/wp-content\/uploads\/sites\/49\/2014\/07\/11.jpg 600w, https:\/\/static-blogs.diariosur.es\/wp-content\/uploads\/sites\/49\/2014\/07\/11-300x200.jpg 300w\" sizes=\"(max-width: 600px) 100vw, 600px\" \/><\/a><!--more--><a href=\"\/pasarelaurbana\/wp-content\/uploads\/sites\/49\/2014\/07\/21.jpg\"><img loading=\"lazy\" class=\"aligncenter size-full wp-image-7218\" title=\"2\" src=\"\/pasarelaurbana\/wp-content\/uploads\/sites\/49\/2014\/07\/21.jpg\" alt=\"\" width=\"600\" height=\"394\" srcset=\"https:\/\/static-blogs.diariosur.es\/wp-content\/uploads\/sites\/49\/2014\/07\/21.jpg 600w, https:\/\/static-blogs.diariosur.es\/wp-content\/uploads\/sites\/49\/2014\/07\/21-300x197.jpg 300w\" sizes=\"(max-width: 600px) 100vw, 600px\" \/><\/a><\/p>\n<p><a href=\"\/pasarelaurbana\/wp-content\/uploads\/sites\/49\/2014\/07\/71.jpg\"><img loading=\"lazy\" class=\"aligncenter size-full wp-image-7223\" title=\"7\" src=\"\/pasarelaurbana\/wp-content\/uploads\/sites\/49\/2014\/07\/71.jpg\" alt=\"\" width=\"600\" height=\"828\" srcset=\"https:\/\/static-blogs.diariosur.es\/wp-content\/uploads\/sites\/49\/2014\/07\/71.jpg 600w, https:\/\/static-blogs.diariosur.es\/wp-content\/uploads\/sites\/49\/2014\/07\/71-217x300.jpg 217w\" sizes=\"(max-width: 600px) 100vw, 600px\" \/><\/a><\/p>\n<p><a href=\"\/pasarelaurbana\/wp-content\/uploads\/sites\/49\/2014\/07\/51.jpg\"><img loading=\"lazy\" class=\"aligncenter size-full wp-image-7221\" title=\"5\" src=\"\/pasarelaurbana\/wp-content\/uploads\/sites\/49\/2014\/07\/51.jpg\" alt=\"\" width=\"600\" height=\"843\" srcset=\"https:\/\/static-blogs.diariosur.es\/wp-content\/uploads\/sites\/49\/2014\/07\/51.jpg 600w, https:\/\/static-blogs.diariosur.es\/wp-content\/uploads\/sites\/49\/2014\/07\/51-214x300.jpg 214w\" sizes=\"(max-width: 600px) 100vw, 600px\" \/><\/a><\/p>\n<p style=\"text-align: center;\"><a href=\"\/pasarelaurbana\/wp-content\/uploads\/sites\/49\/2014\/07\/31.jpg\"><img loading=\"lazy\" class=\"aligncenter size-full wp-image-7219\" title=\"3\" src=\"\/pasarelaurbana\/wp-content\/uploads\/sites\/49\/2014\/07\/31.jpg\" alt=\"\" width=\"600\" height=\"931\" srcset=\"https:\/\/static-blogs.diariosur.es\/wp-content\/uploads\/sites\/49\/2014\/07\/31.jpg 600w, https:\/\/static-blogs.diariosur.es\/wp-content\/uploads\/sites\/49\/2014\/07\/31-193x300.jpg 193w\" sizes=\"(max-width: 600px) 100vw, 600px\" \/><\/a><\/p>\n<p style=\"text-align: center;\"><a href=\"\/pasarelaurbana\/wp-content\/uploads\/sites\/49\/2014\/07\/41.jpg\"><img loading=\"lazy\" class=\"aligncenter size-full wp-image-7220\" title=\"4\" src=\"\/pasarelaurbana\/wp-content\/uploads\/sites\/49\/2014\/07\/41.jpg\" alt=\"\" width=\"600\" height=\"924\" srcset=\"https:\/\/static-blogs.diariosur.es\/wp-content\/uploads\/sites\/49\/2014\/07\/41.jpg 600w, https:\/\/static-blogs.diariosur.es\/wp-content\/uploads\/sites\/49\/2014\/07\/41-195x300.jpg 195w\" sizes=\"(max-width: 600px) 100vw, 600px\" \/><\/a><\/p>\n<p style=\"text-align: center;\"><a href=\"\/pasarelaurbana\/wp-content\/uploads\/sites\/49\/2014\/07\/61.jpg\"><img loading=\"lazy\" class=\"aligncenter size-full wp-image-7222\" title=\"6\" src=\"\/pasarelaurbana\/wp-content\/uploads\/sites\/49\/2014\/07\/61.jpg\" alt=\"\" width=\"600\" height=\"452\" srcset=\"https:\/\/static-blogs.diariosur.es\/wp-content\/uploads\/sites\/49\/2014\/07\/61.jpg 600w, https:\/\/static-blogs.diariosur.es\/wp-content\/uploads\/sites\/49\/2014\/07\/61-300x226.jpg 300w\" sizes=\"(max-width: 600px) 100vw, 600px\" \/><\/a><\/p>\n<p style=\"text-align: center;\"><a href=\"\/pasarelaurbana\/wp-content\/uploads\/sites\/49\/2014\/07\/81.jpg\"><img loading=\"lazy\" class=\"aligncenter size-full wp-image-7224\" title=\"8\" src=\"\/pasarelaurbana\/wp-content\/uploads\/sites\/49\/2014\/07\/81.jpg\" alt=\"\" width=\"600\" height=\"884\" srcset=\"https:\/\/static-blogs.diariosur.es\/wp-content\/uploads\/sites\/49\/2014\/07\/81.jpg 600w, https:\/\/static-blogs.diariosur.es\/wp-content\/uploads\/sites\/49\/2014\/07\/81-204x300.jpg 204w\" sizes=\"(max-width: 600px) 100vw, 600px\" \/><\/a><\/p>\n<p style=\"text-align: center;\"><a href=\"\/pasarelaurbana\/wp-content\/uploads\/sites\/49\/2014\/07\/101.jpg\"><img loading=\"lazy\" class=\"aligncenter size-full wp-image-7226\" title=\"10\" src=\"\/pasarelaurbana\/wp-content\/uploads\/sites\/49\/2014\/07\/101.jpg\" alt=\"\" width=\"600\" height=\"861\" srcset=\"https:\/\/static-blogs.diariosur.es\/wp-content\/uploads\/sites\/49\/2014\/07\/101.jpg 600w, https:\/\/static-blogs.diariosur.es\/wp-content\/uploads\/sites\/49\/2014\/07\/101-209x300.jpg 209w\" sizes=\"(max-width: 600px) 100vw, 600px\" \/><\/a><\/p>\n<p style=\"text-align: center;\"><a href=\"\/pasarelaurbana\/wp-content\/uploads\/sites\/49\/2014\/07\/13.jpg\"><img loading=\"lazy\" class=\"aligncenter size-full wp-image-7228\" title=\"13\" src=\"\/pasarelaurbana\/wp-content\/uploads\/sites\/49\/2014\/07\/13.jpg\" alt=\"\" width=\"600\" height=\"406\" srcset=\"https:\/\/static-blogs.diariosur.es\/wp-content\/uploads\/sites\/49\/2014\/07\/13.jpg 600w, https:\/\/static-blogs.diariosur.es\/wp-content\/uploads\/sites\/49\/2014\/07\/13-300x203.jpg 300w\" sizes=\"(max-width: 600px) 100vw, 600px\" \/><\/a><\/p>\n<p style=\"text-align: center;\"><a href=\"\/pasarelaurbana\/wp-content\/uploads\/sites\/49\/2014\/07\/15.jpg\"><img loading=\"lazy\" class=\"aligncenter size-full wp-image-7216\" title=\"15\" src=\"\/pasarelaurbana\/wp-content\/uploads\/sites\/49\/2014\/07\/15.jpg\" alt=\"\" width=\"600\" height=\"867\" srcset=\"https:\/\/static-blogs.diariosur.es\/wp-content\/uploads\/sites\/49\/2014\/07\/15.jpg 600w, https:\/\/static-blogs.diariosur.es\/wp-content\/uploads\/sites\/49\/2014\/07\/15-208x300.jpg 208w\" sizes=\"(max-width: 600px) 100vw, 600px\" \/><\/a><\/p>\n<p style=\"text-align: center;\"><a href=\"\/pasarelaurbana\/wp-content\/uploads\/sites\/49\/2014\/07\/14.jpg\"><img loading=\"lazy\" class=\"aligncenter size-full wp-image-7229\" title=\"14\" src=\"\/pasarelaurbana\/wp-content\/uploads\/sites\/49\/2014\/07\/14.jpg\" alt=\"\" width=\"600\" height=\"252\" srcset=\"https:\/\/static-blogs.diariosur.es\/wp-content\/uploads\/sites\/49\/2014\/07\/14.jpg 600w, https:\/\/static-blogs.diariosur.es\/wp-content\/uploads\/sites\/49\/2014\/07\/14-300x126.jpg 300w\" sizes=\"(max-width: 600px) 100vw, 600px\" \/><\/a><\/p>\n<p>&nbsp;<\/p>\n","protected":false},"excerpt":{"rendered":"<p>Perdonadme que estos d\u00edas mantenga el foco puesto en Paris. Como sab\u00e9is, el objetivo central de este blog es la moda malague\u00f1a. Pero no puedo dejar de compartir con vosotr@s el maravilloso desfile de Dior en la gran cita de la alta costura parisina. Simplemente BRILLANTE. Espect\u00e1culo en estado puro. Prendas que enamoran a primera [&hellip;]<\/p>\n","protected":false},"author":54,"featured_media":0,"comment_status":"open","ping_status":"open","sticky":false,"template":"","format":"standard","meta":[],"categories":[2],"tags":[],"_links":{"self":[{"href":"https:\/\/blogs.diariosur.es\/pasarelaurbana\/wp-json\/wp\/v2\/posts\/7215"}],"collection":[{"href":"https:\/\/blogs.diariosur.es\/pasarelaurbana\/wp-json\/wp\/v2\/posts"}],"about":[{"href":"https:\/\/blogs.diariosur.es\/pasarelaurbana\/wp-json\/wp\/v2\/types\/post"}],"author":[{"embeddable":true,"href":"https:\/\/blogs.diariosur.es\/pasarelaurbana\/wp-json\/wp\/v2\/users\/54"}],"replies":[{"embeddable":true,"href":"https:\/\/blogs.diariosur.es\/pasarelaurbana\/wp-json\/wp\/v2\/comments?post=7215"}],"version-history":[{"count":0,"href":"https:\/\/blogs.diariosur.es\/pasarelaurbana\/wp-json\/wp\/v2\/posts\/7215\/revisions"}],"wp:attachment":[{"href":"https:\/\/blogs.diariosur.es\/pasarelaurbana\/wp-json\/wp\/v2\/media?parent=7215"}],"wp:term":[{"taxonomy":"category","embeddable":true,"href":"https:\/\/blogs.diariosur.es\/pasarelaurbana\/wp-json\/wp\/v2\/categories?post=7215"},{"taxonomy":"post_tag","embeddable":true,"href":"https:\/\/blogs.diariosur.es\/pasarelaurbana\/wp-json\/wp\/v2\/tags?post=7215"}],"curies":[{"name":"wp","href":"https:\/\/api.w.org\/{rel}","templated":true}]}}