{"id":7255,"date":"2014-07-09T16:18:12","date_gmt":"2014-07-09T14:18:12","guid":{"rendered":"http:\/\/blogs.diariosur.es\/pasarelaurbana\/?p=7255"},"modified":"2014-07-09T16:18:12","modified_gmt":"2014-07-09T14:18:12","slug":"el-muestra-t-day-reune-a-jovenes-disenadores-malaguenos","status":"publish","type":"post","link":"https:\/\/blogs.diariosur.es\/pasarelaurbana\/2014\/07\/09\/el-muestra-t-day-reune-a-jovenes-disenadores-malaguenos\/","title":{"rendered":"El &#039;Muestra-t day&#039; re\u00fane a j\u00f3venes dise\u00f1adores malague\u00f1os"},"content":{"rendered":"<p style=\"text-align: center;\">\u00a1Feliz mi\u00e9rcoles! \u00bfC\u00f3mo llev\u00e1is la semana? Tras el repaso a la alta costura parisina de los \u00faltimos d\u00edas (por cierto, espectaculares tambi\u00e9n Chanel y Valli, aunque no me haya hech0 eco de sus desfiles por aqu\u00ed) volvemos a poner la lupa sobre la moda malague\u00f1a, que como sab\u00e9is es la columna vertebral de este blog. Pues bien, tomad l\u00e1piz (o en su defecto abrir la agenda de vuestro smartphone) porque hoy quiero proponeros dos citas para que apunt\u00e9is en rojo en el calendario. La primera de ellas tendr\u00e1 lugar <strong>ma\u00f1ana d\u00eda 10 en la Piscina Lounge del Hotel Molina Lario<\/strong>. El ya tradicional <strong>Kate&#8217;s Bazar<\/strong> -organizado por<a href=\"http:\/\/www.lahabitaciondekate.com\/\" rel=\"external nofollow\"><em> La habitaci\u00f3n de Kate<\/em><\/a>&#8211; trasladar\u00e1 su cita semanal a este escenario, con unas vistas espectaculares. All\u00ed, a partir de las 20.30 horas encontrar\u00e9is ropa y complementos de segunda mano a precios de saldo. \u00a1Un mercadillo muy recomendable que os recomiendo si est\u00e1is por el Centro de M\u00e1laga!<\/p>\n<p style=\"text-align: center;\">La segunda cita tendr\u00e1 lugar en otro escenario m\u00e1gico, el <strong>Muelle 1<\/strong>. All\u00ed tendr\u00e1 lugar el pr\u00f3ximo <strong>s\u00e1bado 12 de julio<\/strong> la que ser\u00e1 la gran puesta de largo oficial de la iniciativa<strong> &#8216;Muestra-t&#8217;<\/strong>. Esta marca, reci\u00e9n creada por la Diputaci\u00f3n Provincial, nace con\u00a0 el objetivo de promocionar y aglutinar a los j\u00f3venes talentos de la provinciade entre 16 y 35 a\u00f1os. As\u00ed, &#8216;Muestra-t&#8217;, da nombre a un conjunto de acciones culturales dirigidas a poner en valor el trabajo de estos profesionales. El proyecto es el resultado de la labor realizada en las diferentes mesas de trabajo que se han celebrado en los \u00faltimos meses en la provincia, en las que han participado 150 creadores de disciplinas como la moda, la m\u00fasica, las artes esc\u00e9nicas, la fotograf\u00eda, las artes gr\u00e1ficas, la videocreaci\u00f3n y las artes pl\u00e1sticas.<\/p>\n<p style=\"text-align: center;\">El evento principal de esta marca, como os dec\u00eda, tendr\u00e1 lugar este s\u00e1bado en el puerto de M\u00e1laga donde se celebrar\u00e1 el bautizado como<strong> &#8216;Muestra-t day<\/strong>&#8216;. Desde las <strong>20.30 horas<\/strong> la zona acoger\u00e1 un sinf\u00edn de actividades que pondr\u00e1n en valor el talento de las nuevas generaciones. Y la moda tendr\u00e1 un gran protagonismo. Sobre la pasarela (que estar\u00e1 ubicada en el mirador de al lado del cubo) se podr\u00e1n ver las propuestas de firmas locales emergentes como <strong>Delunares, Jos\u00e9 Antonio S\u00e1nchez, Oz\u00fcl, Meliza Lozano, Logana Tocados, Mercedes Sanz o Pilar Arregui<\/strong>. Adem\u00e1s, habr\u00e1 actuaciones musicales en directo (en la plaza de las Palmeras y en la zona de restauraci\u00f3n) y una exposici\u00f3n de arte y fotograf\u00eda junto a la salida del parking. \u00bfA qu\u00e9 suena bien?<\/p>\n<p style=\"text-align: center;\">Os dejo con el cartel de la muestra y me despido de vosotros hasta el s\u00e1bado, cuando retomaremos el <strong>especial &#8216;street style&#8217; malague\u00f1o<\/strong>, esta semana centrado en looks veraniegos. \u00a1Hasta entonces! \u00a1Sed felices!<\/p>\n<p><a href=\"\/pasarelaurbana\/wp-content\/uploads\/sites\/49\/2014\/07\/muestrat.jpg\"><img loading=\"lazy\" class=\"aligncenter size-full wp-image-7256\" title=\"muestrat\" src=\"\/pasarelaurbana\/wp-content\/uploads\/sites\/49\/2014\/07\/muestrat.jpg\" alt=\"\" width=\"600\" height=\"848\" srcset=\"https:\/\/static-blogs.diariosur.es\/wp-content\/uploads\/sites\/49\/2014\/07\/muestrat.jpg 600w, https:\/\/static-blogs.diariosur.es\/wp-content\/uploads\/sites\/49\/2014\/07\/muestrat-212x300.jpg 212w\" sizes=\"(max-width: 600px) 100vw, 600px\" \/><\/a><\/p>\n","protected":false},"excerpt":{"rendered":"<p>\u00a1Feliz mi\u00e9rcoles! \u00bfC\u00f3mo llev\u00e1is la semana? Tras el repaso a la alta costura parisina de los \u00faltimos d\u00edas (por cierto, espectaculares tambi\u00e9n Chanel y Valli, aunque no me haya hech0 eco de sus desfiles por aqu\u00ed) volvemos a poner la lupa sobre la moda malague\u00f1a, que como sab\u00e9is es la columna vertebral de este blog. [&hellip;]<\/p>\n","protected":false},"author":54,"featured_media":0,"comment_status":"open","ping_status":"open","sticky":false,"template":"","format":"standard","meta":[],"categories":[2],"tags":[],"_links":{"self":[{"href":"https:\/\/blogs.diariosur.es\/pasarelaurbana\/wp-json\/wp\/v2\/posts\/7255"}],"collection":[{"href":"https:\/\/blogs.diariosur.es\/pasarelaurbana\/wp-json\/wp\/v2\/posts"}],"about":[{"href":"https:\/\/blogs.diariosur.es\/pasarelaurbana\/wp-json\/wp\/v2\/types\/post"}],"author":[{"embeddable":true,"href":"https:\/\/blogs.diariosur.es\/pasarelaurbana\/wp-json\/wp\/v2\/users\/54"}],"replies":[{"embeddable":true,"href":"https:\/\/blogs.diariosur.es\/pasarelaurbana\/wp-json\/wp\/v2\/comments?post=7255"}],"version-history":[{"count":0,"href":"https:\/\/blogs.diariosur.es\/pasarelaurbana\/wp-json\/wp\/v2\/posts\/7255\/revisions"}],"wp:attachment":[{"href":"https:\/\/blogs.diariosur.es\/pasarelaurbana\/wp-json\/wp\/v2\/media?parent=7255"}],"wp:term":[{"taxonomy":"category","embeddable":true,"href":"https:\/\/blogs.diariosur.es\/pasarelaurbana\/wp-json\/wp\/v2\/categories?post=7255"},{"taxonomy":"post_tag","embeddable":true,"href":"https:\/\/blogs.diariosur.es\/pasarelaurbana\/wp-json\/wp\/v2\/tags?post=7255"}],"curies":[{"name":"wp","href":"https:\/\/api.w.org\/{rel}","templated":true}]}}