{"id":7258,"date":"2014-07-14T13:05:20","date_gmt":"2014-07-14T11:05:20","guid":{"rendered":"http:\/\/blogs.diariosur.es\/pasarelaurbana\/?p=7258"},"modified":"2014-07-14T13:05:20","modified_gmt":"2014-07-14T11:05:20","slug":"y-el-tetrabrik-se-hizo-bolso","status":"publish","type":"post","link":"https:\/\/blogs.diariosur.es\/pasarelaurbana\/2014\/07\/14\/y-el-tetrabrik-se-hizo-bolso\/","title":{"rendered":"&#8230;Y el tetrabrik se hizo bolso"},"content":{"rendered":"<p style=\"text-align: center;\">\u00a1Feliz lunes! Estrenamos semana poniendo el foco en las colecciones que ya asoman t\u00edmidamente en las tiendas. En plenas rebajas, comenzamos a ver<strong> apetecibles pinceladas de nueva temporada.<\/strong> Pues bien, aunque en los pr\u00f3ximos d\u00edas ir\u00e9 desgranando desde este espacio las tendencias que llegan pisando fuerte cara al pr\u00f3ximo oto\u00f1o\/invierno, en esta ocasi\u00f3n han sido los <strong>complementos<\/strong> los que han llamado mi atenci\u00f3n. Por simp\u00e1ticos, por divertidos, porque tienen su punto &#8216;friki&#8217;&#8230; Grandes firmas como<strong> Moschino o Chanel<\/strong> han sentado c\u00e1tedra en eso de dise\u00f1ar accesorios con un punto n\u00e4if. Ahora, firmas como<strong> Bershka<\/strong> siguen su estela y recogen el testigo que tan bien les ha funcionado con bolsos y fundas de m\u00f3viles que reclaman protagonismo. Entre sus propuestas, llevar un tetrabrik de bandolera -lo dicho, friki pero me gusta- o &#8217;empaquetar&#8217; el smartphone en envases de patatas fritas o palomitas de maiz. \u00bfQui\u00e9n se apunta? \u00a1A mi no me disgusta la idea! <strong>Zara<\/strong> tambi\u00e9n se ha subido al carro con una atrevida cartera con c\u00f3digo de barras con &#8216;fashion code&#8217; o una funda de inspiraci\u00f3n tropical con forma de pi\u00f1a. \u00bfpara las m\u00e1s golosas? <strong>H&#038;M<\/strong> propone un dulce monedero de cupcake. Entre mis fichajes se cuelan nuevas coronas de flores -imprescindibles estos meses de verano-, bandoleras de flecos, que se resisten a abandonar nuestros armarios y volver\u00e1n a ser un must en los meses de fr\u00edo, y collares XL objeto de deseo. \u00bfUn calzado que pide pista? Los blucher negros con hebilla y plataforma (como el que os muestro de <strong>Mango<\/strong>), \u00a1ojo con ellos!<\/p>\n<p style=\"text-align: center;\">Os dejo con mi selecci\u00f3n, \u00a1espero que os guste!<\/p>\n<p style=\"text-align: center;\"><a href=\"\/pasarelaurbana\/wp-content\/uploads\/sites\/49\/2014\/07\/bolsobershka.jpg\"><img loading=\"lazy\" class=\"aligncenter size-full wp-image-7259\" title=\"bolsobershka\" src=\"\/pasarelaurbana\/wp-content\/uploads\/sites\/49\/2014\/07\/bolsobershka.jpg\" alt=\"\" width=\"600\" height=\"390\" srcset=\"https:\/\/static-blogs.diariosur.es\/wp-content\/uploads\/sites\/49\/2014\/07\/bolsobershka.jpg 600w, https:\/\/static-blogs.diariosur.es\/wp-content\/uploads\/sites\/49\/2014\/07\/bolsobershka-300x195.jpg 300w\" sizes=\"(max-width: 600px) 100vw, 600px\" \/><\/a><!--more--><a href=\"\/pasarelaurbana\/wp-content\/uploads\/sites\/49\/2014\/07\/carcasaberjpg.jpg\"><img loading=\"lazy\" class=\"aligncenter size-full wp-image-7262\" title=\"carcasaberjpg\" src=\"\/pasarelaurbana\/wp-content\/uploads\/sites\/49\/2014\/07\/carcasaberjpg.jpg\" alt=\"\" width=\"600\" height=\"769\" srcset=\"https:\/\/static-blogs.diariosur.es\/wp-content\/uploads\/sites\/49\/2014\/07\/carcasaberjpg.jpg 600w, https:\/\/static-blogs.diariosur.es\/wp-content\/uploads\/sites\/49\/2014\/07\/carcasaberjpg-234x300.jpg 234w\" sizes=\"(max-width: 600px) 100vw, 600px\" \/><\/a><a href=\"\/pasarelaurbana\/wp-content\/uploads\/sites\/49\/2014\/07\/carcasaber.jpg\"><img loading=\"lazy\" class=\"aligncenter size-full wp-image-7261\" title=\"carcasaber\" src=\"\/pasarelaurbana\/wp-content\/uploads\/sites\/49\/2014\/07\/carcasaber.jpg\" alt=\"\" width=\"600\" height=\"769\" srcset=\"https:\/\/static-blogs.diariosur.es\/wp-content\/uploads\/sites\/49\/2014\/07\/carcasaber.jpg 600w, https:\/\/static-blogs.diariosur.es\/wp-content\/uploads\/sites\/49\/2014\/07\/carcasaber-234x300.jpg 234w\" sizes=\"(max-width: 600px) 100vw, 600px\" \/><\/a>Carcasas para iphone de<strong> Bershka<\/strong><\/p>\n<p style=\"text-align: center;\"><a href=\"\/pasarelaurbana\/wp-content\/uploads\/sites\/49\/2014\/07\/collarbe.jpg\"><img loading=\"lazy\" class=\"aligncenter size-full wp-image-7265\" title=\"collarbe\" src=\"\/pasarelaurbana\/wp-content\/uploads\/sites\/49\/2014\/07\/collarbe.jpg\" alt=\"\" width=\"600\" height=\"769\" srcset=\"https:\/\/static-blogs.diariosur.es\/wp-content\/uploads\/sites\/49\/2014\/07\/collarbe.jpg 600w, https:\/\/static-blogs.diariosur.es\/wp-content\/uploads\/sites\/49\/2014\/07\/collarbe-234x300.jpg 234w\" sizes=\"(max-width: 600px) 100vw, 600px\" \/><\/a>Collar XL de mariposa de la nueva colecci\u00f3n de<strong> Bershka<\/strong><\/p>\n<p style=\"text-align: center;\"><a href=\"\/pasarelaurbana\/wp-content\/uploads\/sites\/49\/2014\/07\/cartera-zara.jpg\"><img loading=\"lazy\" class=\"aligncenter size-full wp-image-7263\" title=\"cartera-zara\" src=\"\/pasarelaurbana\/wp-content\/uploads\/sites\/49\/2014\/07\/cartera-zara.jpg\" alt=\"\" width=\"600\" height=\"696\" srcset=\"https:\/\/static-blogs.diariosur.es\/wp-content\/uploads\/sites\/49\/2014\/07\/cartera-zara.jpg 600w, https:\/\/static-blogs.diariosur.es\/wp-content\/uploads\/sites\/49\/2014\/07\/cartera-zara-259x300.jpg 259w\" sizes=\"(max-width: 600px) 100vw, 600px\" \/><\/a><\/p>\n<p style=\"text-align: center;\">Cartera de <strong>Zara<\/strong><\/p>\n<p style=\"text-align: center;\"><a href=\"\/pasarelaurbana\/wp-content\/uploads\/sites\/49\/2014\/07\/zarafunda.jpg\"><img loading=\"lazy\" class=\"aligncenter size-full wp-image-7269\" title=\"zarafunda\" src=\"\/pasarelaurbana\/wp-content\/uploads\/sites\/49\/2014\/07\/zarafunda.jpg\" alt=\"\" width=\"600\" height=\"696\" srcset=\"https:\/\/static-blogs.diariosur.es\/wp-content\/uploads\/sites\/49\/2014\/07\/zarafunda.jpg 600w, https:\/\/static-blogs.diariosur.es\/wp-content\/uploads\/sites\/49\/2014\/07\/zarafunda-259x300.jpg 259w\" sizes=\"(max-width: 600px) 100vw, 600px\" \/><\/a><\/p>\n<p style=\"text-align: center;\">Funda para m\u00f3vil de <strong>Zara<\/strong><\/p>\n<p style=\"text-align: center;\"><a href=\"\/pasarelaurbana\/wp-content\/uploads\/sites\/49\/2014\/07\/gafaszara.jpg\"><img loading=\"lazy\" class=\"aligncenter  wp-image-7266\" title=\"gafaszara\" src=\"\/pasarelaurbana\/wp-content\/uploads\/sites\/49\/2014\/07\/gafaszara.jpg\" alt=\"\" width=\"600\" height=\"696\" srcset=\"https:\/\/static-blogs.diariosur.es\/wp-content\/uploads\/sites\/49\/2014\/07\/gafaszara.jpg 600w, https:\/\/static-blogs.diariosur.es\/wp-content\/uploads\/sites\/49\/2014\/07\/gafaszara-259x300.jpg 259w\" sizes=\"(max-width: 600px) 100vw, 600px\" \/><\/a><\/p>\n<p style=\"text-align: center;\">Gafas redondas de <strong>Zara<\/strong><\/p>\n<p style=\"text-align: center;\"><a href=\"\/pasarelaurbana\/wp-content\/uploads\/sites\/49\/2014\/07\/monederohm.jpg\"><img loading=\"lazy\" class=\"aligncenter size-full wp-image-7267\" title=\"monederohm\" src=\"\/pasarelaurbana\/wp-content\/uploads\/sites\/49\/2014\/07\/monederohm.jpg\" alt=\"\" width=\"600\" height=\"702\" srcset=\"https:\/\/static-blogs.diariosur.es\/wp-content\/uploads\/sites\/49\/2014\/07\/monederohm.jpg 600w, https:\/\/static-blogs.diariosur.es\/wp-content\/uploads\/sites\/49\/2014\/07\/monederohm-256x300.jpg 256w\" sizes=\"(max-width: 600px) 100vw, 600px\" \/><\/a><\/p>\n<p style=\"text-align: center;\">Simp\u00e1tica cartera de cupcake de <strong>H&#038;M.<\/strong><\/p>\n<p style=\"text-align: center;\"><a href=\"\/pasarelaurbana\/wp-content\/uploads\/sites\/49\/2014\/07\/cintahm.jpg\"><img loading=\"lazy\" class=\"aligncenter size-full wp-image-7264\" title=\"cintahm\" src=\"\/pasarelaurbana\/wp-content\/uploads\/sites\/49\/2014\/07\/cintahm.jpg\" alt=\"\" width=\"600\" height=\"702\" srcset=\"https:\/\/static-blogs.diariosur.es\/wp-content\/uploads\/sites\/49\/2014\/07\/cintahm.jpg 600w, https:\/\/static-blogs.diariosur.es\/wp-content\/uploads\/sites\/49\/2014\/07\/cintahm-256x300.jpg 256w\" sizes=\"(max-width: 600px) 100vw, 600px\" \/><\/a><\/p>\n<p style=\"text-align: center;\">Corona de flores de <strong>H&#038;M<\/strong><\/p>\n<p style=\"text-align: center;\"><a href=\"\/pasarelaurbana\/wp-content\/uploads\/sites\/49\/2014\/07\/bolsoflecoshmjpg.jpg\"><img loading=\"lazy\" class=\"aligncenter size-full wp-image-7260\" title=\"bolsoflecoshmjpg\" src=\"\/pasarelaurbana\/wp-content\/uploads\/sites\/49\/2014\/07\/bolsoflecoshmjpg.jpg\" alt=\"\" width=\"600\" height=\"702\" srcset=\"https:\/\/static-blogs.diariosur.es\/wp-content\/uploads\/sites\/49\/2014\/07\/bolsoflecoshmjpg.jpg 600w, https:\/\/static-blogs.diariosur.es\/wp-content\/uploads\/sites\/49\/2014\/07\/bolsoflecoshmjpg-256x300.jpg 256w\" sizes=\"(max-width: 600px) 100vw, 600px\" \/><\/a><\/p>\n<p style=\"text-align: center;\">Bolso de flecos de <strong>H&#038;M<\/strong><\/p>\n<p style=\"text-align: center;\">Y de extra&#8230;<\/p>\n<p style=\"text-align: center;\"><a href=\"\/pasarelaurbana\/wp-content\/uploads\/sites\/49\/2014\/07\/zapatosmango.jpg\"><img loading=\"lazy\" class=\"aligncenter size-full wp-image-7268\" title=\"zapatosmango\" src=\"\/pasarelaurbana\/wp-content\/uploads\/sites\/49\/2014\/07\/zapatosmango.jpg\" alt=\"\" width=\"600\" height=\"839\" srcset=\"https:\/\/static-blogs.diariosur.es\/wp-content\/uploads\/sites\/49\/2014\/07\/zapatosmango.jpg 600w, https:\/\/static-blogs.diariosur.es\/wp-content\/uploads\/sites\/49\/2014\/07\/zapatosmango-215x300.jpg 215w\" sizes=\"(max-width: 600px) 100vw, 600px\" \/><\/a><\/p>\n<p style=\"text-align: center;\">Blucher con plataforma y hebilla de la nueva colecci\u00f3n de <strong>Mango<\/strong><\/p>\n<p>&nbsp;<\/p>\n","protected":false},"excerpt":{"rendered":"<p>\u00a1Feliz lunes! Estrenamos semana poniendo el foco en las colecciones que ya asoman t\u00edmidamente en las tiendas. En plenas rebajas, comenzamos a ver apetecibles pinceladas de nueva temporada. Pues bien, aunque en los pr\u00f3ximos d\u00edas ir\u00e9 desgranando desde este espacio las tendencias que llegan pisando fuerte cara al pr\u00f3ximo oto\u00f1o\/invierno, en esta ocasi\u00f3n han sido [&hellip;]<\/p>\n","protected":false},"author":54,"featured_media":0,"comment_status":"open","ping_status":"open","sticky":false,"template":"","format":"standard","meta":[],"categories":[2],"tags":[],"_links":{"self":[{"href":"https:\/\/blogs.diariosur.es\/pasarelaurbana\/wp-json\/wp\/v2\/posts\/7258"}],"collection":[{"href":"https:\/\/blogs.diariosur.es\/pasarelaurbana\/wp-json\/wp\/v2\/posts"}],"about":[{"href":"https:\/\/blogs.diariosur.es\/pasarelaurbana\/wp-json\/wp\/v2\/types\/post"}],"author":[{"embeddable":true,"href":"https:\/\/blogs.diariosur.es\/pasarelaurbana\/wp-json\/wp\/v2\/users\/54"}],"replies":[{"embeddable":true,"href":"https:\/\/blogs.diariosur.es\/pasarelaurbana\/wp-json\/wp\/v2\/comments?post=7258"}],"version-history":[{"count":0,"href":"https:\/\/blogs.diariosur.es\/pasarelaurbana\/wp-json\/wp\/v2\/posts\/7258\/revisions"}],"wp:attachment":[{"href":"https:\/\/blogs.diariosur.es\/pasarelaurbana\/wp-json\/wp\/v2\/media?parent=7258"}],"wp:term":[{"taxonomy":"category","embeddable":true,"href":"https:\/\/blogs.diariosur.es\/pasarelaurbana\/wp-json\/wp\/v2\/categories?post=7258"},{"taxonomy":"post_tag","embeddable":true,"href":"https:\/\/blogs.diariosur.es\/pasarelaurbana\/wp-json\/wp\/v2\/tags?post=7258"}],"curies":[{"name":"wp","href":"https:\/\/api.w.org\/{rel}","templated":true}]}}