{"id":7272,"date":"2014-07-15T12:05:37","date_gmt":"2014-07-15T10:05:37","guid":{"rendered":"http:\/\/blogs.diariosur.es\/pasarelaurbana\/?p=7272"},"modified":"2014-07-15T12:05:37","modified_gmt":"2014-07-15T10:05:37","slug":"malaga-y-el-sindrome-de-la-fashion-hiperactividad","status":"publish","type":"post","link":"https:\/\/blogs.diariosur.es\/pasarelaurbana\/2014\/07\/15\/malaga-y-el-sindrome-de-la-fashion-hiperactividad\/","title":{"rendered":"M\u00e1laga, y el s\u00edndrome de la fashion-hiperactividad"},"content":{"rendered":"<p style=\"text-align: center;\">\u00bfFashion-hiperactividad? \u00a1S\u00ed, hab\u00e9is o\u00eddo bien! Lo he dicho mil veces en este espacio, pero lo de este verano ya es de nota. <strong>El ritmo de eventos de moda que ha tomado el calendario de la provincia es fren\u00e9tico<\/strong>. \u00a1Imposible seguirlo, vamos! En el \u00faltimo a\u00f1o la agenda de actividades ligadas al sector hecha humo. La moda, valga la redundancia, est\u00e1 de moda. Y nadie quiere perderse el fil\u00f3n que experimenta este \u00e1mbito, en pleno auge. \u00a1No hay d\u00eda de hecho que no haya algo! Un desfile, una presentaci\u00f3n, un showroom, una nueva tienda, un certamen&#8230;Pues bien, para que est\u00e9is al d\u00eda hoy os quiero hablar de tres de las pr\u00f3ximas actividades que merece la pena anotar. \u00bfLapiz a mano? \u00a1Pues empezamos el repaso!<\/p>\n<p style=\"text-align: center;\"><a href=\"\/pasarelaurbana\/wp-content\/uploads\/sites\/49\/2014\/07\/montaje.jpg\"><img loading=\"lazy\" class=\"aligncenter size-full wp-image-7277\" title=\"montaje\" src=\"\/pasarelaurbana\/wp-content\/uploads\/sites\/49\/2014\/07\/montaje.jpg\" alt=\"\" width=\"600\" height=\"600\" srcset=\"https:\/\/static-blogs.diariosur.es\/wp-content\/uploads\/sites\/49\/2014\/07\/montaje.jpg 600w, https:\/\/static-blogs.diariosur.es\/wp-content\/uploads\/sites\/49\/2014\/07\/montaje-150x150.jpg 150w, https:\/\/static-blogs.diariosur.es\/wp-content\/uploads\/sites\/49\/2014\/07\/montaje-300x300.jpg 300w\" sizes=\"(max-width: 600px) 100vw, 600px\" \/><\/a><!--more--><\/p>\n<p style=\"text-align: center;\">La primera cita es el pr\u00f3ximo<strong> jueves 17 de julio<\/strong>. Y por partida doble, as\u00ed que a menos que teng\u00e1is el don de la ubicuidad tendr\u00e9is que elegir. Si est\u00e1is en la capital el&#8217; foco fashion&#8217; caliente del d\u00eda se ubica como cada jueves en la terraza del hotel <strong>Molina Lario<\/strong>. Esta semana le toca el turno a la malague\u00f1a<strong> Antonia Galiano<\/strong>. La dise\u00f1adora de alta costura ofrecer\u00e1 desde las<strong> 21.30<\/strong> un desfile en la Piscina Lounge. El evento, organizo\u00a0 por\u00a0Enma\u00a0P. L\u00f3pez-GrupoEventEmmalaga, servir\u00e1 para conocer de cerca las creaciones de la dise\u00f1adora de\u00a0Alhaur\u00edn\u00a0El Grande, que incluyen trajes de noche y de cocktail. Galiano es una de las habituales en la<strong> Pasarela Larios\u00a0Fashion\u00a0Week<\/strong>, pero dado que en esta edici\u00f3n no estar\u00e1 en cartel la cita del jueves es obligada para repasar sus \u00faltimas propuestas. La noche contar\u00e1 adem\u00e1s con un pase del joven creador tambi\u00e9n malague\u00f1o <strong>Ozul<\/strong> as\u00ed como con un\u00a0showroom\u00a0de la creadora de joyas <strong>Eunice\u00a0O\u00b4Rourke<\/strong>. Esta artista, asentada en Mijas, produce sus propias obras partiendo de dise\u00f1os en plata con piedras semipreciosas. Completar\u00e1 la velada el atelier de tocados de <strong>Cristina Echeverr\u00eda<\/strong> que lucir\u00e1n las modelos en el desfile. Asimismo<strong>\u00a0Renova\u00a0Thermal\u00a0Spa<\/strong> ofrecer\u00e1 masajes\u00a0faciales gratuitos. Amenizar\u00e1 la noche el malague\u00f1o <strong>DJ\u00a0Mix\u00a069<\/strong> con sus mezclas.<\/p>\n<p style=\"text-align: center;\"><a href=\"\/pasarelaurbana\/wp-content\/uploads\/sites\/49\/2014\/07\/galiano.jpg\"><img loading=\"lazy\" title=\"galiano\" src=\"\/pasarelaurbana\/wp-content\/uploads\/sites\/49\/2014\/07\/galiano.jpg\" alt=\"\" width=\"600\" height=\"814\" \/><\/a><\/p>\n<p style=\"text-align: center;\">El mismo d\u00eda 17, en <strong>La Cala de Mijas,<\/strong> la moda se aliar\u00e1 con una de sus parejas m\u00e1s recurrentes -la solidaridad- para dar forma a un evento organizado por la asociaci\u00f3n <strong>Zonta Andaluc\u00eda<\/strong>.La cita ser\u00e1 a partir de las 20.00 horas en el <strong>restaurante Avanto<\/strong>, que celebrar\u00e1 una cena con desfile<strong> a beneficio de dos ONG<\/strong> que se ocupan de j\u00f3venes en situaciones dif\u00edciles: Inpavi y Mundo Infantil. Las invitaciones para asistir cuestan 40 euros y pueden reservarse a trav\u00e9s del correo electr\u00f3nico celia3@telefonica.net as\u00ed como por SMS o whatsapp al n\u00famero 671 523 334.\u00a0 Ten\u00e9is toda la informaci\u00f3n detallada en <a href=\"http:\/\/www.diariosur.es\/malaga\/201407\/15\/desfile-solidario-zonta-20140714213320.html\" rel=\"external nofollow\">esta informaci\u00f3n de mi compa\u00f1era Isabel M\u00e9ndez<\/a>.<\/p>\n<p style=\"text-align: center;\"><a href=\"\/pasarelaurbana\/wp-content\/uploads\/sites\/49\/2014\/07\/avanto.jpg\"><img loading=\"lazy\" title=\"avanto\" src=\"\/pasarelaurbana\/wp-content\/uploads\/sites\/49\/2014\/07\/avanto.jpg\" alt=\"\" width=\"575\" height=\"323\" \/><\/a><\/p>\n<p style=\"text-align: center;\">\u00a1Y vamos a por el tercero! Para esta cita ten\u00e9is un poco m\u00e1s de margen. Ser\u00e1 el<strong> 9 de agosto<\/strong>, a partir de las<strong> 20.30<\/strong> horas en <strong>Benalm\u00e1dena, en el Club Na\u00fatico Mar\u00edtimo<\/strong>. Y tambi\u00e9n tiene un car\u00e1cter ben\u00e9fico. Moda y maquillaje y est\u00e9tica se unen en el <strong>Beauteam Fashion Summer<\/strong>. Un total de diez dise\u00f1adores, entre noveles y ya consagrados, participar\u00e1n en un desfile de peluqueria con peinados de Rafael Bueno y como colofon final, un pase de bodypaintings. El precio simb\u00f3lico de la entrada ser\u00e1 1kg de comida no perecedera y a cambio se entregar\u00e1 una papeleta para un sorteo. La entrada incluye tambi\u00e9n un peque\u00f1o catering para los asistentes con bebidas de la bodega Narbona y Solis.<\/p>\n<p>&nbsp;<\/p>\n<div style=\"text-align: center;\"><a href=\"\/pasarelaurbana\/wp-content\/uploads\/sites\/49\/2014\/07\/benalmadena.jpg\"><img loading=\"lazy\" class=\"aligncenter size-full wp-image-7274\" title=\"benalmadena\" src=\"\/pasarelaurbana\/wp-content\/uploads\/sites\/49\/2014\/07\/benalmadena.jpg\" alt=\"\" width=\"600\" height=\"850\" srcset=\"https:\/\/static-blogs.diariosur.es\/wp-content\/uploads\/sites\/49\/2014\/07\/benalmadena.jpg 600w, https:\/\/static-blogs.diariosur.es\/wp-content\/uploads\/sites\/49\/2014\/07\/benalmadena-212x300.jpg 212w\" sizes=\"(max-width: 600px) 100vw, 600px\" \/><\/a><\/div>\n","protected":false},"excerpt":{"rendered":"<p>\u00bfFashion-hiperactividad? \u00a1S\u00ed, hab\u00e9is o\u00eddo bien! Lo he dicho mil veces en este espacio, pero lo de este verano ya es de nota. El ritmo de eventos de moda que ha tomado el calendario de la provincia es fren\u00e9tico. \u00a1Imposible seguirlo, vamos! En el \u00faltimo a\u00f1o la agenda de actividades ligadas al sector hecha humo. La [&hellip;]<\/p>\n","protected":false},"author":54,"featured_media":0,"comment_status":"open","ping_status":"open","sticky":false,"template":"","format":"standard","meta":[],"categories":[2],"tags":[],"_links":{"self":[{"href":"https:\/\/blogs.diariosur.es\/pasarelaurbana\/wp-json\/wp\/v2\/posts\/7272"}],"collection":[{"href":"https:\/\/blogs.diariosur.es\/pasarelaurbana\/wp-json\/wp\/v2\/posts"}],"about":[{"href":"https:\/\/blogs.diariosur.es\/pasarelaurbana\/wp-json\/wp\/v2\/types\/post"}],"author":[{"embeddable":true,"href":"https:\/\/blogs.diariosur.es\/pasarelaurbana\/wp-json\/wp\/v2\/users\/54"}],"replies":[{"embeddable":true,"href":"https:\/\/blogs.diariosur.es\/pasarelaurbana\/wp-json\/wp\/v2\/comments?post=7272"}],"version-history":[{"count":0,"href":"https:\/\/blogs.diariosur.es\/pasarelaurbana\/wp-json\/wp\/v2\/posts\/7272\/revisions"}],"wp:attachment":[{"href":"https:\/\/blogs.diariosur.es\/pasarelaurbana\/wp-json\/wp\/v2\/media?parent=7272"}],"wp:term":[{"taxonomy":"category","embeddable":true,"href":"https:\/\/blogs.diariosur.es\/pasarelaurbana\/wp-json\/wp\/v2\/categories?post=7272"},{"taxonomy":"post_tag","embeddable":true,"href":"https:\/\/blogs.diariosur.es\/pasarelaurbana\/wp-json\/wp\/v2\/tags?post=7272"}],"curies":[{"name":"wp","href":"https:\/\/api.w.org\/{rel}","templated":true}]}}