{"id":7279,"date":"2014-07-19T11:10:48","date_gmt":"2014-07-19T09:10:48","guid":{"rendered":"http:\/\/blogs.diariosur.es\/pasarelaurbana\/?p=7279"},"modified":"2014-07-19T11:10:48","modified_gmt":"2014-07-19T09:10:48","slug":"arriesgar-y-ganar","status":"publish","type":"post","link":"https:\/\/blogs.diariosur.es\/pasarelaurbana\/2014\/07\/19\/arriesgar-y-ganar\/","title":{"rendered":"Arriesgar y ganar"},"content":{"rendered":"<p style=\"text-align: center;\">Cada temporada surgen nuevos c\u00f3digos. Nuevas reglas de juego que al dictado de la pasarela y de las principales firmas \u2018low cost\u2019 marcan los mimbres del \u2018street style\u2019. Eso s\u00ed, a la hora de seguirlas cada cual marca unos l\u00edmites en funci\u00f3n del nivel de riesgo que est\u00e9 dispuesto a asumir. \u00bfAdaptar las tendencias a rajatabla o llevarlas al terreno personal con sello propio? Es cuesti\u00f3n de elegir. Lo que est\u00e1 claro, y m\u00e1s que demostrado, es que sin ese punto de atrevimiento es m\u00e1s complicado brillar. Para diferenciarse y lograr que un look impacte y destaque sobre el resto hay que jugar con la moda, algo de lo que saben mucho las protagonistas de nuestra pasarela urbana de esta semana. Los \u2018outfits\u2019 seleccionados durante nuestra \u00faltima sesi\u00f3n de \u2018street style\u2019 por las calles de M\u00e1laga tienen algo en com\u00fan: destilan personalidad en cada poro, reflejan el car\u00e1cter de quienes lo llevan y, a su manera, rompen moldes con un punto alternativo que los hace especiales.<br \/>\nBuen ejemplo de ello es el estilismo elegido por Roc\u00edo Temboury. Esta joven de 24 a\u00f1os licenciada en Bellas Artes adapta con acierto la pareja crom\u00e1tica de moda, el bicolor blanco y negro, con la que ti\u00f1e un look de autor firmado por el dise\u00f1ador Moreno Font en el que logra el equilibrio entre la inspiraci\u00f3n masculina -presente en el vestido camisero- y la feminidad y delicadeza que aportan los complementos, de aires vintage. \u00bfEl resultado? S\u00faper estiloso. M\u00e1s juveniles y festivaleros (ideales para ir de conciertos) son las propuestas de Esther Luque -con shorts de talle alto, un \u2018must have\u2019de la temporada- y Katia Rodr\u00edguez, que se atreve con un sugerente vestido de crochet. Para el d\u00eda, \u00c1ngela Do\u00f1a propone maridar las deportivas con un chaleco m\u00e1s formal.<\/p>\n<p><a href=\"\/pasarelaurbana\/wp-content\/uploads\/sites\/49\/2014\/07\/19.jpg\"><img loading=\"lazy\" class=\"aligncenter size-full wp-image-7281\" title=\"1\" src=\"\/pasarelaurbana\/wp-content\/uploads\/sites\/49\/2014\/07\/19.jpg\" alt=\"\" width=\"600\" height=\"400\" srcset=\"https:\/\/static-blogs.diariosur.es\/wp-content\/uploads\/sites\/49\/2014\/07\/19.jpg 600w, https:\/\/static-blogs.diariosur.es\/wp-content\/uploads\/sites\/49\/2014\/07\/19-300x200.jpg 300w\" sizes=\"(max-width: 600px) 100vw, 600px\" \/><\/a><\/p>\n<p><!--more--><\/p>\n<p><a href=\"\/pasarelaurbana\/wp-content\/uploads\/sites\/49\/2014\/07\/24.jpg\"><img loading=\"lazy\" class=\"aligncenter size-full wp-image-7282\" title=\"2\" src=\"\/pasarelaurbana\/wp-content\/uploads\/sites\/49\/2014\/07\/24.jpg\" alt=\"\" width=\"600\" height=\"400\" srcset=\"https:\/\/static-blogs.diariosur.es\/wp-content\/uploads\/sites\/49\/2014\/07\/24.jpg 600w, https:\/\/static-blogs.diariosur.es\/wp-content\/uploads\/sites\/49\/2014\/07\/24-300x200.jpg 300w\" sizes=\"(max-width: 600px) 100vw, 600px\" \/><\/a><\/p>\n<p><a href=\"\/pasarelaurbana\/wp-content\/uploads\/sites\/49\/2014\/07\/32.jpg\"><img loading=\"lazy\" class=\"aligncenter size-full wp-image-7283\" title=\"3\" src=\"\/pasarelaurbana\/wp-content\/uploads\/sites\/49\/2014\/07\/32.jpg\" alt=\"\" width=\"600\" height=\"400\" srcset=\"https:\/\/static-blogs.diariosur.es\/wp-content\/uploads\/sites\/49\/2014\/07\/32.jpg 600w, https:\/\/static-blogs.diariosur.es\/wp-content\/uploads\/sites\/49\/2014\/07\/32-300x200.jpg 300w\" sizes=\"(max-width: 600px) 100vw, 600px\" \/><\/a><\/p>\n<p><a href=\"\/pasarelaurbana\/wp-content\/uploads\/sites\/49\/2014\/07\/43.jpg\"><img loading=\"lazy\" class=\"aligncenter size-full wp-image-7284\" title=\"4\" src=\"\/pasarelaurbana\/wp-content\/uploads\/sites\/49\/2014\/07\/43.jpg\" alt=\"\" width=\"600\" height=\"400\" srcset=\"https:\/\/static-blogs.diariosur.es\/wp-content\/uploads\/sites\/49\/2014\/07\/43.jpg 600w, https:\/\/static-blogs.diariosur.es\/wp-content\/uploads\/sites\/49\/2014\/07\/43-300x200.jpg 300w\" sizes=\"(max-width: 600px) 100vw, 600px\" \/><\/a><\/p>\n<p><a href=\"\/pasarelaurbana\/wp-content\/uploads\/sites\/49\/2014\/07\/53.jpg\"><img loading=\"lazy\" class=\"aligncenter size-full wp-image-7285\" title=\"5\" src=\"\/pasarelaurbana\/wp-content\/uploads\/sites\/49\/2014\/07\/53.jpg\" alt=\"\" width=\"600\" height=\"400\" srcset=\"https:\/\/static-blogs.diariosur.es\/wp-content\/uploads\/sites\/49\/2014\/07\/53.jpg 600w, https:\/\/static-blogs.diariosur.es\/wp-content\/uploads\/sites\/49\/2014\/07\/53-300x200.jpg 300w\" sizes=\"(max-width: 600px) 100vw, 600px\" \/><\/a><\/p>\n<p style=\"text-align: center;\"><a href=\"http:\/\/tembouryros.com\/\" rel=\"external nofollow\"><strong>Roc\u00edo Temboury<\/strong><\/a>. Licenciada en Bellas Artes, estilista. 24 a\u00f1os<\/p>\n<p style=\"text-align: center;\"><span style=\"text-decoration: underline;\">Un \u2018outfit\u2019 con mucha personalidad y aires vintage<\/span><br \/>\nComo hemos dicho en este espacio hasta la saciedad, el binomio blanco y negro lleva varias temporadas imbatible. Codo con codo con la inspiraci\u00f3n masculina, que se mantiene como tendencia imprescindible este verano. Rocio Temboury, una joven malague\u00f1a de 24 a\u00f1os, bebe de ambas modas, pero llev\u00e1ndolas a su terreno. Un estilo propio muy definido en el que toma como base los \u2018must have\u2019 de cada \u00e9poca reinterpret\u00e1ndolos a su manera, con pinceladas de su cosecha. Amante de las prendas y complementos retro, esta licenciada en Bellas Artes especializada recientemente en estilismos en Londres, apuesta por poner la nota vintage a su \u2018outfit\u2019 con los pendientes, con pedrer\u00eda en tama\u00f1o XL. El contrapunto perfecto a un look urbano y muy moderno firmado por Moreno Font, compuesto por vestido camisero en blanco y falda midi en negro. Los zapatos, de tac\u00f3n cuadrado -tendencia clave- con un llamativo pelo amarillo son uno de los indiscutibles focos de atenci\u00f3n del estilismo con el que la pillamos por el Muelle 1. Una propuesta alternativa y original que no pasa desapercibida.<\/p>\n<p style=\"text-align: center;\">Vestido camisero y sandalias: Moreno Font.<\/p>\n<p style=\"text-align: center;\">Gafas: El Templo de Susu.<\/p>\n<p style=\"text-align: center;\">Pendientes:\u00a0 Vintage.<\/p>\n<p><a href=\"\/pasarelaurbana\/wp-content\/uploads\/sites\/49\/2014\/07\/63.jpg\"><img loading=\"lazy\" class=\"aligncenter  wp-image-7286\" title=\"6\" src=\"\/pasarelaurbana\/wp-content\/uploads\/sites\/49\/2014\/07\/63.jpg\" alt=\"\" width=\"600\" height=\"400\" srcset=\"https:\/\/static-blogs.diariosur.es\/wp-content\/uploads\/sites\/49\/2014\/07\/63.jpg 600w, https:\/\/static-blogs.diariosur.es\/wp-content\/uploads\/sites\/49\/2014\/07\/63-300x200.jpg 300w\" sizes=\"(max-width: 600px) 100vw, 600px\" \/><\/a><\/p>\n<p><a href=\"\/pasarelaurbana\/wp-content\/uploads\/sites\/49\/2014\/07\/73.jpg\"><img loading=\"lazy\" class=\"aligncenter size-full wp-image-7287\" title=\"7\" src=\"\/pasarelaurbana\/wp-content\/uploads\/sites\/49\/2014\/07\/73.jpg\" alt=\"\" width=\"600\" height=\"400\" srcset=\"https:\/\/static-blogs.diariosur.es\/wp-content\/uploads\/sites\/49\/2014\/07\/73.jpg 600w, https:\/\/static-blogs.diariosur.es\/wp-content\/uploads\/sites\/49\/2014\/07\/73-300x200.jpg 300w\" sizes=\"(max-width: 600px) 100vw, 600px\" \/><\/a><\/p>\n<p><a href=\"\/pasarelaurbana\/wp-content\/uploads\/sites\/49\/2014\/07\/83.jpg\"><img loading=\"lazy\" class=\"aligncenter size-full wp-image-7288\" title=\"8\" src=\"\/pasarelaurbana\/wp-content\/uploads\/sites\/49\/2014\/07\/83.jpg\" alt=\"\" width=\"600\" height=\"400\" srcset=\"https:\/\/static-blogs.diariosur.es\/wp-content\/uploads\/sites\/49\/2014\/07\/83.jpg 600w, https:\/\/static-blogs.diariosur.es\/wp-content\/uploads\/sites\/49\/2014\/07\/83-300x200.jpg 300w\" sizes=\"(max-width: 600px) 100vw, 600px\" \/><\/a><\/p>\n<p><a href=\"\/pasarelaurbana\/wp-content\/uploads\/sites\/49\/2014\/07\/93.jpg\"><img loading=\"lazy\" class=\"aligncenter size-full wp-image-7289\" title=\"9\" src=\"\/pasarelaurbana\/wp-content\/uploads\/sites\/49\/2014\/07\/93.jpg\" alt=\"\" width=\"600\" height=\"400\" srcset=\"https:\/\/static-blogs.diariosur.es\/wp-content\/uploads\/sites\/49\/2014\/07\/93.jpg 600w, https:\/\/static-blogs.diariosur.es\/wp-content\/uploads\/sites\/49\/2014\/07\/93-300x200.jpg 300w\" sizes=\"(max-width: 600px) 100vw, 600px\" \/><\/a><\/p>\n<p style=\"text-align: center;\"><a href=\"http:\/\/caleidoscopio-kaleidoscope.blogspot.com.es\/\" rel=\"external nofollow\"><strong>Esther Luque<\/strong><\/a>. Estudiante de Traducci\u00f3n. 23 a\u00f1os<\/p>\n<p style=\"text-align: center;\"><span style=\"text-decoration: underline;\">Kimono y crop-top, una pareja s\u00f3lo apta para atrevidas<\/span><br \/>\nLos shorts vaqueros de talle alto han vuelto para quedarse. Son una de las prendas m\u00e1s \u2018in\u2019 de este verano. No hay fashionista que no tenga uno -o varios- en su armario. Y Esther Luque -estudiante de traducci\u00f3n de 23 a\u00f1os- es una de ellas. Nos gusta c\u00f3mo combina sus Levi\u2019s retro con bajos remangados con crop top negro y un kimono de flores bicolor de la firma malague\u00f1a CATS vintage. Completa el look con el calzado de tendencia esta temporada. Los denominados popularmente \u2018ugly shoes\u2019 -v\u00e9ase sandalias de suela de corcho con tiras y hebillas al m\u00e1s puro estilo turista.\u00a0 Unos brazaletes en plata, un sombrero y unas gafas redondas -que refuerzan esos aires vintage- son la guinda a este \u2018outfit\u2019 alternativo y juvenil.<\/p>\n<p style=\"text-align: center;\">Kimono: CATs vintage.<\/p>\n<p style=\"text-align: center;\"> Shorts: Levi\u2019s.<\/p>\n<p style=\"text-align: center;\">Pulseras: Choies.<\/p>\n<p style=\"text-align: center;\">Sombrero: H&#038;M.<\/p>\n<p style=\"text-align: center;\"><a href=\"\/pasarelaurbana\/wp-content\/uploads\/sites\/49\/2014\/07\/102.jpg\"><img loading=\"lazy\" class=\"aligncenter size-full wp-image-7290\" title=\"10\" src=\"\/pasarelaurbana\/wp-content\/uploads\/sites\/49\/2014\/07\/102.jpg\" alt=\"\" width=\"601\" height=\"801\" srcset=\"https:\/\/static-blogs.diariosur.es\/wp-content\/uploads\/sites\/49\/2014\/07\/102.jpg 601w, https:\/\/static-blogs.diariosur.es\/wp-content\/uploads\/sites\/49\/2014\/07\/102-225x300.jpg 225w\" sizes=\"(max-width: 601px) 100vw, 601px\" \/><\/a><\/p>\n<p style=\"text-align: center;\"><a href=\"\/pasarelaurbana\/wp-content\/uploads\/sites\/49\/2014\/07\/113.jpg\"><img loading=\"lazy\" class=\"aligncenter size-full wp-image-7291\" title=\"11\" src=\"\/pasarelaurbana\/wp-content\/uploads\/sites\/49\/2014\/07\/113.jpg\" alt=\"\" width=\"600\" height=\"800\" srcset=\"https:\/\/static-blogs.diariosur.es\/wp-content\/uploads\/sites\/49\/2014\/07\/113.jpg 600w, https:\/\/static-blogs.diariosur.es\/wp-content\/uploads\/sites\/49\/2014\/07\/113-225x300.jpg 225w\" sizes=\"(max-width: 600px) 100vw, 600px\" \/><\/a><\/p>\n<p style=\"text-align: center;\"><a href=\"\/pasarelaurbana\/wp-content\/uploads\/sites\/49\/2014\/07\/122.jpg\"><img loading=\"lazy\" class=\"aligncenter size-full wp-image-7292\" title=\"12\" src=\"\/pasarelaurbana\/wp-content\/uploads\/sites\/49\/2014\/07\/122.jpg\" alt=\"\" width=\"600\" height=\"800\" srcset=\"https:\/\/static-blogs.diariosur.es\/wp-content\/uploads\/sites\/49\/2014\/07\/122.jpg 600w, https:\/\/static-blogs.diariosur.es\/wp-content\/uploads\/sites\/49\/2014\/07\/122-225x300.jpg 225w\" sizes=\"(max-width: 600px) 100vw, 600px\" \/><\/a><\/p>\n<p style=\"text-align: center;\"><a href=\"\/pasarelaurbana\/wp-content\/uploads\/sites\/49\/2014\/07\/132.jpg\"><img loading=\"lazy\" class=\"aligncenter size-full wp-image-7293\" title=\"13\" src=\"\/pasarelaurbana\/wp-content\/uploads\/sites\/49\/2014\/07\/132.jpg\" alt=\"\" width=\"600\" height=\"558\" srcset=\"https:\/\/static-blogs.diariosur.es\/wp-content\/uploads\/sites\/49\/2014\/07\/132.jpg 600w, https:\/\/static-blogs.diariosur.es\/wp-content\/uploads\/sites\/49\/2014\/07\/132-300x279.jpg 300w\" sizes=\"(max-width: 600px) 100vw, 600px\" \/><\/a><\/p>\n<p style=\"text-align: center;\"><a href=\"\/pasarelaurbana\/wp-content\/uploads\/sites\/49\/2014\/07\/142.jpg\"><img loading=\"lazy\" class=\"aligncenter size-full wp-image-7294\" title=\"14\" src=\"\/pasarelaurbana\/wp-content\/uploads\/sites\/49\/2014\/07\/142.jpg\" alt=\"\" width=\"600\" height=\"800\" srcset=\"https:\/\/static-blogs.diariosur.es\/wp-content\/uploads\/sites\/49\/2014\/07\/142.jpg 600w, https:\/\/static-blogs.diariosur.es\/wp-content\/uploads\/sites\/49\/2014\/07\/142-225x300.jpg 225w\" sizes=\"(max-width: 600px) 100vw, 600px\" \/><\/a><\/p>\n<p style=\"text-align: center;\"><a href=\"http:\/\/angieblue.es\/\" rel=\"external nofollow\"><strong>\u00c1ngela Do\u00f1a<\/strong><\/a>. Dependienta. 32 a\u00f1os<\/p>\n<p style=\"text-align: center;\"><span style=\"text-decoration: underline;\">Chaleco y deportivas en un look de contrastes<\/span><br \/>\nHay prendas b\u00e1sicas que bien combinadas dan resultados interesantes. Buen ejemplo de ello es el estilismo elegido por \u00c1ngela Do\u00f1a, una dependienta malague\u00f1a de 32 a\u00f1os apasionada de la moda y la fotograf\u00eda. En su \u2018outfit\u2019 combina con acierto una camiseta de algod\u00f3n de fondo de armario con maxi chaleco y vaqueros tobilleros. La nota de contraste la logra con unas deportivas Nike en negro y fucsia. \u00abEl look es bastante c\u00f3modo, ideal para patear las calles los d\u00edas que tenemos mil cosas que hacer\u00bb.<\/p>\n<p style=\"text-align: center;\">Chaleco: Mango.  <\/p>\n<p style=\"text-align: center;\">Camiseta, vaqueros y bolso: Stradivarius.<\/p>\n<p style=\"text-align: center;\">Deportivas: Nike.<\/p>\n<p style=\"text-align: center;\">Gargantilla: Dior.<\/p>\n<p style=\"text-align: center;\"><a href=\"\/pasarelaurbana\/wp-content\/uploads\/sites\/49\/2014\/07\/152.jpg\"><img loading=\"lazy\" class=\"aligncenter size-full wp-image-7295\" title=\"15\" src=\"\/pasarelaurbana\/wp-content\/uploads\/sites\/49\/2014\/07\/152.jpg\" alt=\"\" width=\"600\" height=\"401\" srcset=\"https:\/\/static-blogs.diariosur.es\/wp-content\/uploads\/sites\/49\/2014\/07\/152.jpg 600w, https:\/\/static-blogs.diariosur.es\/wp-content\/uploads\/sites\/49\/2014\/07\/152-300x201.jpg 300w\" sizes=\"(max-width: 600px) 100vw, 600px\" \/><\/a><\/p>\n<p style=\"text-align: center;\"><a href=\"\/pasarelaurbana\/wp-content\/uploads\/sites\/49\/2014\/07\/161.jpg\"><img loading=\"lazy\" class=\"aligncenter size-full wp-image-7296\" title=\"16\" src=\"\/pasarelaurbana\/wp-content\/uploads\/sites\/49\/2014\/07\/161.jpg\" alt=\"\" width=\"600\" height=\"897\" srcset=\"https:\/\/static-blogs.diariosur.es\/wp-content\/uploads\/sites\/49\/2014\/07\/161.jpg 600w, https:\/\/static-blogs.diariosur.es\/wp-content\/uploads\/sites\/49\/2014\/07\/161-201x300.jpg 201w\" sizes=\"(max-width: 600px) 100vw, 600px\" \/><\/a><\/p>\n<p style=\"text-align: center;\"><a href=\"\/pasarelaurbana\/wp-content\/uploads\/sites\/49\/2014\/07\/171.jpg\"><img loading=\"lazy\" class=\"aligncenter size-full wp-image-7297\" title=\"17\" src=\"\/pasarelaurbana\/wp-content\/uploads\/sites\/49\/2014\/07\/171.jpg\" alt=\"\" width=\"600\" height=\"897\" srcset=\"https:\/\/static-blogs.diariosur.es\/wp-content\/uploads\/sites\/49\/2014\/07\/171.jpg 600w, https:\/\/static-blogs.diariosur.es\/wp-content\/uploads\/sites\/49\/2014\/07\/171-201x300.jpg 201w\" sizes=\"(max-width: 600px) 100vw, 600px\" \/><\/a><\/p>\n<p style=\"text-align: center;\"><a href=\"\/pasarelaurbana\/wp-content\/uploads\/sites\/49\/2014\/07\/181.jpg\"><img loading=\"lazy\" class=\"aligncenter size-full wp-image-7280\" title=\"18\" src=\"\/pasarelaurbana\/wp-content\/uploads\/sites\/49\/2014\/07\/181.jpg\" alt=\"\" width=\"600\" height=\"897\" srcset=\"https:\/\/static-blogs.diariosur.es\/wp-content\/uploads\/sites\/49\/2014\/07\/181.jpg 600w, https:\/\/static-blogs.diariosur.es\/wp-content\/uploads\/sites\/49\/2014\/07\/181-201x300.jpg 201w\" sizes=\"(max-width: 600px) 100vw, 600px\" \/><\/a><\/p>\n<p style=\"text-align: center;\"><a href=\"http:\/\/www.petitelluna.com\/\" rel=\"external nofollow\"><strong>Katia Rodr\u00edguez<\/strong><\/a>. Grado superior en Administraci\u00f3n y finanzas. 32 a\u00f1os<\/p>\n<p style=\"text-align: center;\"><span style=\"text-decoration: underline;\">Los vestidos de crochet son para el verano<\/span><br \/>\nEl estilo \u2018boho chic\u2019 es uno de los imprescindibles de esta \u00e9poca del a\u00f1o. No solo es el \u2018dress code\u2019 indispensable si se va de festival. Tambi\u00e9n es una de las opciones estrella para disfrutar de unas vacaciones a pie de playa. Katia Rodr\u00edguez apuesta por \u00e9l con un llamativo vestido blanco de crochet, que luci\u00f3 durante una tarde en El Balneario con shorts vaqueros debajo y top \u2019bandeau\u2019. \u00abEn cuanto lo vi me enamor\u00e9 de \u00e9l, y adem\u00e1s, he encontrado mil formas posibles de combinarlo. Me encanta\u00a0 porque no pesa, es fresquito y favorecedor\u00bb, nos explic\u00f3. Unas sandalias con flecos y un sombrero son sus aliados perfectos.<\/p>\n<p style=\"text-align: center;\">Vestido de crochet: Zaitegui.<\/p>\n<p style=\"text-align: center;\"> Shorts: Zara.<\/p>\n<p style=\"text-align: center;\">Sandalias: Primark.<\/p>\n<p style=\"text-align: center;\">Sombrero: El Corte Ingl\u00e9s.<\/p>\n<p style=\"text-align: center;\">\u00a1Feliz fin de semana!<\/p>\n<p style=\"text-align: center;\">\n","protected":false},"excerpt":{"rendered":"<p>Cada temporada surgen nuevos c\u00f3digos. Nuevas reglas de juego que al dictado de la pasarela y de las principales firmas \u2018low cost\u2019 marcan los mimbres del \u2018street style\u2019. Eso s\u00ed, a la hora de seguirlas cada cual marca unos l\u00edmites en funci\u00f3n del nivel de riesgo que est\u00e9 dispuesto a asumir. \u00bfAdaptar las tendencias a [&hellip;]<\/p>\n","protected":false},"author":54,"featured_media":0,"comment_status":"open","ping_status":"open","sticky":false,"template":"","format":"standard","meta":[],"categories":[2],"tags":[],"_links":{"self":[{"href":"https:\/\/blogs.diariosur.es\/pasarelaurbana\/wp-json\/wp\/v2\/posts\/7279"}],"collection":[{"href":"https:\/\/blogs.diariosur.es\/pasarelaurbana\/wp-json\/wp\/v2\/posts"}],"about":[{"href":"https:\/\/blogs.diariosur.es\/pasarelaurbana\/wp-json\/wp\/v2\/types\/post"}],"author":[{"embeddable":true,"href":"https:\/\/blogs.diariosur.es\/pasarelaurbana\/wp-json\/wp\/v2\/users\/54"}],"replies":[{"embeddable":true,"href":"https:\/\/blogs.diariosur.es\/pasarelaurbana\/wp-json\/wp\/v2\/comments?post=7279"}],"version-history":[{"count":0,"href":"https:\/\/blogs.diariosur.es\/pasarelaurbana\/wp-json\/wp\/v2\/posts\/7279\/revisions"}],"wp:attachment":[{"href":"https:\/\/blogs.diariosur.es\/pasarelaurbana\/wp-json\/wp\/v2\/media?parent=7279"}],"wp:term":[{"taxonomy":"category","embeddable":true,"href":"https:\/\/blogs.diariosur.es\/pasarelaurbana\/wp-json\/wp\/v2\/categories?post=7279"},{"taxonomy":"post_tag","embeddable":true,"href":"https:\/\/blogs.diariosur.es\/pasarelaurbana\/wp-json\/wp\/v2\/tags?post=7279"}],"curies":[{"name":"wp","href":"https:\/\/api.w.org\/{rel}","templated":true}]}}