{"id":7298,"date":"2014-07-18T16:05:09","date_gmt":"2014-07-18T14:05:09","guid":{"rendered":"http:\/\/blogs.diariosur.es\/pasarelaurbana\/?p=7298"},"modified":"2014-07-18T16:05:09","modified_gmt":"2014-07-18T14:05:09","slug":"el-estilismo-que-haga-sonar-tiene-premio","status":"publish","type":"post","link":"https:\/\/blogs.diariosur.es\/pasarelaurbana\/2014\/07\/18\/el-estilismo-que-haga-sonar-tiene-premio\/","title":{"rendered":"El estilismo que haga so\u00f1ar&#8230;\u00a1tiene premio!"},"content":{"rendered":"<p style=\"text-align: center;\">\u00a1Por fin es viernes! \u00a1Y en SUR estamos de celebraci\u00f3n!<strong> En unas horas nos vamos de boda<\/strong>. \u00a1S\u00ed, de boda! <strong>Gente de M\u00e1laga<\/strong> (el suplemento donde cada domingo encontr\u00e1is mi p\u00e1gina semanal de moda malague\u00f1a) celebra esta tarde-noche en el balneario de <strong>Ba\u00f1os del Carmen<\/strong> la segunda edici\u00f3n de la <strong>Wedding Night<\/strong>. Un evento mimado hasta el m\u00e1s m\u00ednimo detalle que en esta ocasi\u00f3n, adem\u00e1s, cuenta con unos decoradores de lujo. <strong>Pedro Navarro y Joseba Sandoval<\/strong> se han encargado de la direcci\u00f3n de arte de la cita, con lo que el \u00e9xito est\u00e1 m\u00e1s que asegurado. Bajo la tem\u00e1tica de<strong> &#8216;El Sue\u00f1o de una noche de verano&#8217;<\/strong> de Shakespeare, la jornada arrancar\u00e1 con un coloquio (20 horas) que se desarrollar\u00e1 bajo el t\u00edtulo<strong> &#8216;Mi boda es una fiesta. Hacia una nueva concepci\u00f3n del Gran D\u00eda&#8217;<\/strong> y en el cual una servidora compartir\u00e1 charla con el dise\u00f1ador Roberto Diz y la wedding blogger y editora de la revista Tendencias de Bodas, Keyla D\u00edaz. Tambi\u00e9n asistir\u00e1n al coloquio la wedding planner Sira Antequera (de S\u00ed!Quiero), y el periodista y profesor de moda Demetrio de la Torre (\u00a1un lujo de cartel!)<\/p>\n<p style=\"text-align: center;\">Tras la charla se celebrar\u00e1 un <strong>showroom y c\u00f3ctel<\/strong>, en el que los asistentes podr\u00e1n disfrutar de la amplia variedad de expositores que se dar\u00e1n cita, para a continuaci\u00f3n dar comienzo la fiesta, sorteo final y entrega de premios.<\/p>\n<p style=\"text-align: center;\">Los <strong>mejores<\/strong> <strong>estilismos<\/strong> (de chico y chica) inspirados en \u2018El Sue\u00f1o de una noche de verano\u2019, el lema bajo el que se desarrolla este evento como os he comentado, recibir\u00e1 como reconocimiento un cheque regalo de 100 euros para gastar en el <strong>Centro Comercial Rinc\u00f3n de la Victoria<\/strong>. \u00a1Tambi\u00e9n participo en dicho jurado, as\u00ed que espero que me sorprend\u00e1is! \u00bfA\u00fan no sab\u00e9is qu\u00e9 poneros? \u00a1Os doy<strong> cinco ideas de looks rom\u00e1nticos y sello &#8216;boho chic&#8217;<\/strong> para que os sirvan de gu\u00eda. Las coronas de flores, los vestidos largos vaporosos o los tejidos trabajados con pedrer\u00eda son algunas de las apuestas seguras. \u00a1Nos vemos esta noche! \u00a1Qu\u00e9 ganas!<\/p>\n<p><a href=\"\/pasarelaurbana\/wp-content\/uploads\/sites\/49\/2014\/07\/bodauno.jpg\"><img loading=\"lazy\" class=\"aligncenter size-full wp-image-7299\" title=\"bodauno\" src=\"\/pasarelaurbana\/wp-content\/uploads\/sites\/49\/2014\/07\/bodauno.jpg\" alt=\"\" width=\"600\" height=\"800\" srcset=\"https:\/\/static-blogs.diariosur.es\/wp-content\/uploads\/sites\/49\/2014\/07\/bodauno.jpg 600w, https:\/\/static-blogs.diariosur.es\/wp-content\/uploads\/sites\/49\/2014\/07\/bodauno-225x300.jpg 225w\" sizes=\"(max-width: 600px) 100vw, 600px\" \/><\/a><!--more--><\/p>\n<p><a href=\"\/pasarelaurbana\/wp-content\/uploads\/sites\/49\/2014\/07\/bodados.jpg\"><img loading=\"lazy\" class=\"aligncenter size-full wp-image-7300\" title=\"bodados\" src=\"\/pasarelaurbana\/wp-content\/uploads\/sites\/49\/2014\/07\/bodados.jpg\" alt=\"\" width=\"600\" height=\"800\" srcset=\"https:\/\/static-blogs.diariosur.es\/wp-content\/uploads\/sites\/49\/2014\/07\/bodados.jpg 600w, https:\/\/static-blogs.diariosur.es\/wp-content\/uploads\/sites\/49\/2014\/07\/bodados-225x300.jpg 225w\" sizes=\"(max-width: 600px) 100vw, 600px\" \/><\/a><\/p>\n<p><a href=\"\/pasarelaurbana\/wp-content\/uploads\/sites\/49\/2014\/07\/jaulas.jpg\"><img loading=\"lazy\" class=\"aligncenter size-full wp-image-7301\" title=\"jaulas\" src=\"\/pasarelaurbana\/wp-content\/uploads\/sites\/49\/2014\/07\/jaulas.jpg\" alt=\"\" width=\"600\" height=\"450\" srcset=\"https:\/\/static-blogs.diariosur.es\/wp-content\/uploads\/sites\/49\/2014\/07\/jaulas.jpg 600w, https:\/\/static-blogs.diariosur.es\/wp-content\/uploads\/sites\/49\/2014\/07\/jaulas-300x225.jpg 300w\" sizes=\"(max-width: 600px) 100vw, 600px\" \/><\/a><\/p>\n<p style=\"text-align: center;\">Arriba, uno de los momentos del montaje de la Wedding Night de esta ma\u00f1ana<\/p>\n<p style=\"text-align: center;\"><strong>Cinco propuestas de estilismos para esta noche<\/strong>:<\/p>\n<p style=\"text-align: center;\"><a href=\"\/pasarelaurbana\/wp-content\/uploads\/sites\/49\/2014\/07\/lookuno.jpg\"><img loading=\"lazy\" class=\"aligncenter size-full wp-image-7306\" title=\"lookuno\" src=\"\/pasarelaurbana\/wp-content\/uploads\/sites\/49\/2014\/07\/lookuno.jpg\" alt=\"\" width=\"600\" height=\"880\" srcset=\"https:\/\/static-blogs.diariosur.es\/wp-content\/uploads\/sites\/49\/2014\/07\/lookuno.jpg 600w, https:\/\/static-blogs.diariosur.es\/wp-content\/uploads\/sites\/49\/2014\/07\/lookuno-205x300.jpg 205w\" sizes=\"(max-width: 600px) 100vw, 600px\" \/><\/a><\/p>\n<p style=\"text-align: center;\"><a href=\"\/pasarelaurbana\/wp-content\/uploads\/sites\/49\/2014\/07\/lookdos.jpg\"><img loading=\"lazy\" class=\"aligncenter size-full wp-image-7304\" title=\"lookdos\" src=\"\/pasarelaurbana\/wp-content\/uploads\/sites\/49\/2014\/07\/lookdos.jpg\" alt=\"\" width=\"600\" height=\"903\" srcset=\"https:\/\/static-blogs.diariosur.es\/wp-content\/uploads\/sites\/49\/2014\/07\/lookdos.jpg 600w, https:\/\/static-blogs.diariosur.es\/wp-content\/uploads\/sites\/49\/2014\/07\/lookdos-199x300.jpg 199w\" sizes=\"(max-width: 600px) 100vw, 600px\" \/><\/a><\/p>\n<p style=\"text-align: center;\"><a href=\"\/pasarelaurbana\/wp-content\/uploads\/sites\/49\/2014\/07\/looktres.jpg\"><img loading=\"lazy\" class=\"aligncenter size-full wp-image-7305\" title=\"looktres\" src=\"\/pasarelaurbana\/wp-content\/uploads\/sites\/49\/2014\/07\/looktres.jpg\" alt=\"\" width=\"600\" height=\"901\" srcset=\"https:\/\/static-blogs.diariosur.es\/wp-content\/uploads\/sites\/49\/2014\/07\/looktres.jpg 600w, https:\/\/static-blogs.diariosur.es\/wp-content\/uploads\/sites\/49\/2014\/07\/looktres-200x300.jpg 200w\" sizes=\"(max-width: 600px) 100vw, 600px\" \/><\/a><\/p>\n<p style=\"text-align: center;\"><a href=\"\/pasarelaurbana\/wp-content\/uploads\/sites\/49\/2014\/07\/lookcuatro.jpg\"><img loading=\"lazy\" class=\"aligncenter size-full wp-image-7303\" title=\"lookcuatro\" src=\"\/pasarelaurbana\/wp-content\/uploads\/sites\/49\/2014\/07\/lookcuatro.jpg\" alt=\"\" width=\"600\" height=\"900\" srcset=\"https:\/\/static-blogs.diariosur.es\/wp-content\/uploads\/sites\/49\/2014\/07\/lookcuatro.jpg 600w, https:\/\/static-blogs.diariosur.es\/wp-content\/uploads\/sites\/49\/2014\/07\/lookcuatro-200x300.jpg 200w\" sizes=\"(max-width: 600px) 100vw, 600px\" \/><\/a><\/p>\n<p style=\"text-align: center;\"><a href=\"\/pasarelaurbana\/wp-content\/uploads\/sites\/49\/2014\/07\/lookcinco.jpg\"><img loading=\"lazy\" class=\"aligncenter size-full wp-image-7302\" title=\"lookcinco\" src=\"\/pasarelaurbana\/wp-content\/uploads\/sites\/49\/2014\/07\/lookcinco.jpg\" alt=\"\" width=\"600\" height=\"640\" srcset=\"https:\/\/static-blogs.diariosur.es\/wp-content\/uploads\/sites\/49\/2014\/07\/lookcinco.jpg 600w, https:\/\/static-blogs.diariosur.es\/wp-content\/uploads\/sites\/49\/2014\/07\/lookcinco-281x300.jpg 281w\" sizes=\"(max-width: 600px) 100vw, 600px\" \/><\/a><\/p>\n","protected":false},"excerpt":{"rendered":"<p>\u00a1Por fin es viernes! \u00a1Y en SUR estamos de celebraci\u00f3n! En unas horas nos vamos de boda. \u00a1S\u00ed, de boda! Gente de M\u00e1laga (el suplemento donde cada domingo encontr\u00e1is mi p\u00e1gina semanal de moda malague\u00f1a) celebra esta tarde-noche en el balneario de Ba\u00f1os del Carmen la segunda edici\u00f3n de la Wedding Night. Un evento mimado [&hellip;]<\/p>\n","protected":false},"author":54,"featured_media":0,"comment_status":"open","ping_status":"open","sticky":false,"template":"","format":"standard","meta":[],"categories":[2],"tags":[],"_links":{"self":[{"href":"https:\/\/blogs.diariosur.es\/pasarelaurbana\/wp-json\/wp\/v2\/posts\/7298"}],"collection":[{"href":"https:\/\/blogs.diariosur.es\/pasarelaurbana\/wp-json\/wp\/v2\/posts"}],"about":[{"href":"https:\/\/blogs.diariosur.es\/pasarelaurbana\/wp-json\/wp\/v2\/types\/post"}],"author":[{"embeddable":true,"href":"https:\/\/blogs.diariosur.es\/pasarelaurbana\/wp-json\/wp\/v2\/users\/54"}],"replies":[{"embeddable":true,"href":"https:\/\/blogs.diariosur.es\/pasarelaurbana\/wp-json\/wp\/v2\/comments?post=7298"}],"version-history":[{"count":0,"href":"https:\/\/blogs.diariosur.es\/pasarelaurbana\/wp-json\/wp\/v2\/posts\/7298\/revisions"}],"wp:attachment":[{"href":"https:\/\/blogs.diariosur.es\/pasarelaurbana\/wp-json\/wp\/v2\/media?parent=7298"}],"wp:term":[{"taxonomy":"category","embeddable":true,"href":"https:\/\/blogs.diariosur.es\/pasarelaurbana\/wp-json\/wp\/v2\/categories?post=7298"},{"taxonomy":"post_tag","embeddable":true,"href":"https:\/\/blogs.diariosur.es\/pasarelaurbana\/wp-json\/wp\/v2\/tags?post=7298"}],"curies":[{"name":"wp","href":"https:\/\/api.w.org\/{rel}","templated":true}]}}