{"id":7317,"date":"2014-07-23T22:28:32","date_gmt":"2014-07-23T20:28:32","guid":{"rendered":"http:\/\/blogs.diariosur.es\/pasarelaurbana\/?p=7317"},"modified":"2014-07-23T22:28:32","modified_gmt":"2014-07-23T20:28:32","slug":"un-look-boho-chic-con-aires-bucolicos","status":"publish","type":"post","link":"https:\/\/blogs.diariosur.es\/pasarelaurbana\/2014\/07\/23\/un-look-boho-chic-con-aires-bucolicos\/","title":{"rendered":"Un look boho chic con aires buc\u00f3licos"},"content":{"rendered":"<p style=\"text-align: center;\">\u00a1Buenas! Ando muy liada esta semana, pero me paso por aqu\u00ed unos minutos para compartir con vosotr@s el estilismo que eleg\u00ed el pasado viernes para acudir a la segunda edici\u00f3n de la <strong>Wedding Night Gente de M\u00e1laga.<\/strong> Un evento \u00fanico en un escenario maravilloso, en esta ocasi\u00f3n el balneario de los Ba\u00f1os del Carmen, pensado para que los novios encuentren todo lo que necesitan para su gran d\u00eda. Si la primera edici\u00f3n, en Limonar 40, ya fue de diez, este a\u00f1o el equipo de SUR se ha superado de nuevo. \u00bfEl resultado? Un FIEST\u00d3N en may\u00fasculas con una ambientaci\u00f3n impecable y unos profesionales de primer nivel que hicieron que la velada fuera m\u00e1s que un \u00e9xito (y no porque lo diga yo, preguntad a cualquier de los invitados). Mucha gente guapa, buena m\u00fasica (con una actuaci\u00f3n de lujo: la de los Hula Hula) y en lo que a mi me toca, estilismos bastante interesantes, que os ense\u00f1ar\u00e9 al detalle en un especial que publicar\u00e9 este fin de semana. Mientras tanto, como os he adelantado al comienzo de este post, hoy quiero ense\u00f1aos la que fue mi apuesta. La tem\u00e1tica era el sue\u00f1o de una noche de verano, as\u00ed que desde el principio tuve claro que quer\u00eda un look boho chic con un punto buc\u00f3lico. Llevaba mucho tiempo con ganas de colocarme una corona de flores de esas que tant\u00edsimo se llevan y dado que no tengo ning\u00fan bodorrio a la vista decid\u00ed que era la ocasi\u00f3n perfecta. Se la encargu\u00e9 a <a href=\"http:\/\/www.susanasanchez.info\/\" rel=\"external nofollow\">Susana S\u00e1nchez, una florista de Fuengirola<\/a> con un gusto exquisito que os recomiendo al 100%. Desde primer momento capt\u00f3 mi idea y acert\u00f3 de pleno. Me encant\u00f3 el resultado. La \u00fanica pena que al ser flores naturales llevaban la fecha de caducidad grabada a fuego. \u00a1Pero vali\u00f3 la pena! Como la corona era muy protagonista opt\u00e9 por un vestido elegante pero a su vez sencillo. Por suerte ten\u00eda sin estrenar en mi armario una maravilla de vestido vintage de <strong>La habitaci\u00f3n de Kate.<\/strong> De esos que un d\u00eda se cruzan en un camino, te enamoras de ellos y te llevas a casa sin saber siquiera cu\u00e1ndo vas a estrenarlo. \u00a1Y por fin le lleg\u00f3 su hora! La ca\u00edda de la tela, el corte, c\u00f3mo sienta, a mi juicio es una pasada. \u00a0Complet\u00e9 el &#8216;outfit&#8217; con unas sandalias plateadas de Pull&#038;Bear y un bolso joya de la malague\u00f1a Laura Olea. Para el maquillaje me decant\u00e9 por ojos ligeramente ahumados y labios rosas para contrastar con las flores de la corona. Os dejo con las fotos, \u00a1espero que os guste! \u00a1Fue una noche m\u00e1gica!<\/p>\n<p style=\"text-align: center;\">(Pod\u00e9is leer la <a href=\"http:\/\/www.diariosur.es\/gente-estilo\/gente-malaga\/201407\/19\/noche-magica-para-novios-20140719011904.html\" rel=\"external nofollow\">cr\u00f3nica de la noche<\/a> y ver las <a href=\"http:\/\/www.diariosur.es\/fotos\/gente-estilo\/gente-malaga\/201407\/18\/wedding-night-sueno-noche-3083610868449-mm.html\" rel=\"external nofollow\">fotos<\/a> en estos enlaces)<\/p>\n<p><a href=\"\/pasarelaurbana\/wp-content\/uploads\/sites\/49\/2014\/07\/110.jpg\"><br \/>\n<img loading=\"lazy\" class=\"aligncenter size-full wp-image-7319\" title=\"1\" src=\"\/pasarelaurbana\/wp-content\/uploads\/sites\/49\/2014\/07\/110.jpg\" alt=\"\" width=\"600\" height=\"450\" srcset=\"https:\/\/static-blogs.diariosur.es\/wp-content\/uploads\/sites\/49\/2014\/07\/110.jpg 600w, https:\/\/static-blogs.diariosur.es\/wp-content\/uploads\/sites\/49\/2014\/07\/110-300x225.jpg 300w\" sizes=\"(max-width: 600px) 100vw, 600px\" \/><\/a><!--more--><a href=\"\/pasarelaurbana\/wp-content\/uploads\/sites\/49\/2014\/07\/26.jpg\"><img loading=\"lazy\" class=\"aligncenter size-full wp-image-7320\" title=\"2\" src=\"\/pasarelaurbana\/wp-content\/uploads\/sites\/49\/2014\/07\/26.jpg\" alt=\"\" width=\"600\" height=\"800\" srcset=\"https:\/\/static-blogs.diariosur.es\/wp-content\/uploads\/sites\/49\/2014\/07\/26.jpg 600w, https:\/\/static-blogs.diariosur.es\/wp-content\/uploads\/sites\/49\/2014\/07\/26-225x300.jpg 225w\" sizes=\"(max-width: 600px) 100vw, 600px\" \/><\/a><\/p>\n<p><a href=\"\/pasarelaurbana\/wp-content\/uploads\/sites\/49\/2014\/07\/44.jpg\"><img loading=\"lazy\" class=\"aligncenter size-full wp-image-7322\" title=\"4\" src=\"\/pasarelaurbana\/wp-content\/uploads\/sites\/49\/2014\/07\/44.jpg\" alt=\"\" width=\"600\" height=\"450\" srcset=\"https:\/\/static-blogs.diariosur.es\/wp-content\/uploads\/sites\/49\/2014\/07\/44.jpg 600w, https:\/\/static-blogs.diariosur.es\/wp-content\/uploads\/sites\/49\/2014\/07\/44-300x225.jpg 300w\" sizes=\"(max-width: 600px) 100vw, 600px\" \/><\/a><\/p>\n<p><a href=\"\/pasarelaurbana\/wp-content\/uploads\/sites\/49\/2014\/07\/123.jpg\"><img loading=\"lazy\" class=\"aligncenter size-full wp-image-7318\" title=\"12\" src=\"\/pasarelaurbana\/wp-content\/uploads\/sites\/49\/2014\/07\/123.jpg\" alt=\"\" width=\"600\" height=\"400\" srcset=\"https:\/\/static-blogs.diariosur.es\/wp-content\/uploads\/sites\/49\/2014\/07\/123.jpg 600w, https:\/\/static-blogs.diariosur.es\/wp-content\/uploads\/sites\/49\/2014\/07\/123-300x200.jpg 300w\" sizes=\"(max-width: 600px) 100vw, 600px\" \/><\/a><\/p>\n<p><a href=\"\/pasarelaurbana\/wp-content\/uploads\/sites\/49\/2014\/07\/54.jpg\"><img loading=\"lazy\" class=\"aligncenter size-full wp-image-7323\" title=\"5\" src=\"\/pasarelaurbana\/wp-content\/uploads\/sites\/49\/2014\/07\/54.jpg\" alt=\"\" width=\"600\" height=\"778\" srcset=\"https:\/\/static-blogs.diariosur.es\/wp-content\/uploads\/sites\/49\/2014\/07\/54.jpg 600w, https:\/\/static-blogs.diariosur.es\/wp-content\/uploads\/sites\/49\/2014\/07\/54-231x300.jpg 231w\" sizes=\"(max-width: 600px) 100vw, 600px\" \/><\/a><\/p>\n<p>&nbsp;<\/p>\n<p><a href=\"\/pasarelaurbana\/wp-content\/uploads\/sites\/49\/2014\/07\/6ok.jpg\"><img loading=\"lazy\" class=\"aligncenter size-full wp-image-7325\" title=\"6ok\" src=\"\/pasarelaurbana\/wp-content\/uploads\/sites\/49\/2014\/07\/6ok.jpg\" alt=\"\" width=\"600\" height=\"450\" srcset=\"https:\/\/static-blogs.diariosur.es\/wp-content\/uploads\/sites\/49\/2014\/07\/6ok.jpg 600w, https:\/\/static-blogs.diariosur.es\/wp-content\/uploads\/sites\/49\/2014\/07\/6ok-300x225.jpg 300w\" sizes=\"(max-width: 600px) 100vw, 600px\" \/><\/a><\/p>\n<p><a href=\"\/pasarelaurbana\/wp-content\/uploads\/sites\/49\/2014\/07\/103.jpg\"><img loading=\"lazy\" class=\"aligncenter size-full wp-image-7329\" title=\"10\" src=\"\/pasarelaurbana\/wp-content\/uploads\/sites\/49\/2014\/07\/103.jpg\" alt=\"\" width=\"600\" height=\"450\" srcset=\"https:\/\/static-blogs.diariosur.es\/wp-content\/uploads\/sites\/49\/2014\/07\/103.jpg 600w, https:\/\/static-blogs.diariosur.es\/wp-content\/uploads\/sites\/49\/2014\/07\/103-300x225.jpg 300w\" sizes=\"(max-width: 600px) 100vw, 600px\" \/><\/a><\/p>\n<p><a href=\"\/pasarelaurbana\/wp-content\/uploads\/sites\/49\/2014\/07\/114.jpg\"><img loading=\"lazy\" class=\"aligncenter size-full wp-image-7330\" title=\"11\" src=\"\/pasarelaurbana\/wp-content\/uploads\/sites\/49\/2014\/07\/114.jpg\" alt=\"\" width=\"600\" height=\"401\" srcset=\"https:\/\/static-blogs.diariosur.es\/wp-content\/uploads\/sites\/49\/2014\/07\/114.jpg 600w, https:\/\/static-blogs.diariosur.es\/wp-content\/uploads\/sites\/49\/2014\/07\/114-300x201.jpg 300w\" sizes=\"(max-width: 600px) 100vw, 600px\" \/><\/a><\/p>\n<p><a href=\"\/pasarelaurbana\/wp-content\/uploads\/sites\/49\/2014\/07\/9ok.jpg\"><img loading=\"lazy\" class=\"aligncenter size-full wp-image-7328\" title=\"9ok\" src=\"\/pasarelaurbana\/wp-content\/uploads\/sites\/49\/2014\/07\/9ok.jpg\" alt=\"\" width=\"600\" height=\"450\" srcset=\"https:\/\/static-blogs.diariosur.es\/wp-content\/uploads\/sites\/49\/2014\/07\/9ok.jpg 600w, https:\/\/static-blogs.diariosur.es\/wp-content\/uploads\/sites\/49\/2014\/07\/9ok-300x225.jpg 300w\" sizes=\"(max-width: 600px) 100vw, 600px\" \/><\/a><\/p>\n<p><a href=\"\/pasarelaurbana\/wp-content\/uploads\/sites\/49\/2014\/07\/8ok.jpg\"><img loading=\"lazy\" class=\"aligncenter size-full wp-image-7327\" title=\"8ok\" src=\"\/pasarelaurbana\/wp-content\/uploads\/sites\/49\/2014\/07\/8ok.jpg\" alt=\"\" width=\"600\" height=\"450\" srcset=\"https:\/\/static-blogs.diariosur.es\/wp-content\/uploads\/sites\/49\/2014\/07\/8ok.jpg 600w, https:\/\/static-blogs.diariosur.es\/wp-content\/uploads\/sites\/49\/2014\/07\/8ok-300x225.jpg 300w\" sizes=\"(max-width: 600px) 100vw, 600px\" \/><\/a><\/p>\n<p><a href=\"\/pasarelaurbana\/wp-content\/uploads\/sites\/49\/2014\/07\/7ok.jpg\"><img loading=\"lazy\" class=\"aligncenter size-full wp-image-7326\" title=\"7ok\" src=\"\/pasarelaurbana\/wp-content\/uploads\/sites\/49\/2014\/07\/7ok.jpg\" alt=\"\" width=\"600\" height=\"800\" srcset=\"https:\/\/static-blogs.diariosur.es\/wp-content\/uploads\/sites\/49\/2014\/07\/7ok.jpg 600w, https:\/\/static-blogs.diariosur.es\/wp-content\/uploads\/sites\/49\/2014\/07\/7ok-225x300.jpg 225w\" sizes=\"(max-width: 600px) 100vw, 600px\" \/><\/a><\/p>\n","protected":false},"excerpt":{"rendered":"<p>\u00a1Buenas! Ando muy liada esta semana, pero me paso por aqu\u00ed unos minutos para compartir con vosotr@s el estilismo que eleg\u00ed el pasado viernes para acudir a la segunda edici\u00f3n de la Wedding Night Gente de M\u00e1laga. Un evento \u00fanico en un escenario maravilloso, en esta ocasi\u00f3n el balneario de los Ba\u00f1os del Carmen, pensado [&hellip;]<\/p>\n","protected":false},"author":54,"featured_media":0,"comment_status":"open","ping_status":"open","sticky":false,"template":"","format":"standard","meta":[],"categories":[2],"tags":[],"_links":{"self":[{"href":"https:\/\/blogs.diariosur.es\/pasarelaurbana\/wp-json\/wp\/v2\/posts\/7317"}],"collection":[{"href":"https:\/\/blogs.diariosur.es\/pasarelaurbana\/wp-json\/wp\/v2\/posts"}],"about":[{"href":"https:\/\/blogs.diariosur.es\/pasarelaurbana\/wp-json\/wp\/v2\/types\/post"}],"author":[{"embeddable":true,"href":"https:\/\/blogs.diariosur.es\/pasarelaurbana\/wp-json\/wp\/v2\/users\/54"}],"replies":[{"embeddable":true,"href":"https:\/\/blogs.diariosur.es\/pasarelaurbana\/wp-json\/wp\/v2\/comments?post=7317"}],"version-history":[{"count":0,"href":"https:\/\/blogs.diariosur.es\/pasarelaurbana\/wp-json\/wp\/v2\/posts\/7317\/revisions"}],"wp:attachment":[{"href":"https:\/\/blogs.diariosur.es\/pasarelaurbana\/wp-json\/wp\/v2\/media?parent=7317"}],"wp:term":[{"taxonomy":"category","embeddable":true,"href":"https:\/\/blogs.diariosur.es\/pasarelaurbana\/wp-json\/wp\/v2\/categories?post=7317"},{"taxonomy":"post_tag","embeddable":true,"href":"https:\/\/blogs.diariosur.es\/pasarelaurbana\/wp-json\/wp\/v2\/tags?post=7317"}],"curies":[{"name":"wp","href":"https:\/\/api.w.org\/{rel}","templated":true}]}}