{"id":7332,"date":"2014-07-24T19:33:38","date_gmt":"2014-07-24T17:33:38","guid":{"rendered":"http:\/\/blogs.diariosur.es\/pasarelaurbana\/?p=7332"},"modified":"2014-07-24T19:33:38","modified_gmt":"2014-07-24T17:33:38","slug":"malaga-elegira-a-sus-mas-guapos-el-proximo-jueves","status":"publish","type":"post","link":"https:\/\/blogs.diariosur.es\/pasarelaurbana\/2014\/07\/24\/malaga-elegira-a-sus-mas-guapos-el-proximo-jueves\/","title":{"rendered":"M\u00e1laga elegir\u00e1 a sus m\u00e1s guapos el pr\u00f3ximo jueves"},"content":{"rendered":"<p style=\"text-align: center;\">Nueva cita a marca en rojo en el &#8216;fashion-calendario&#8217; de M\u00e1laga. Ese que, como os coment\u00e9 en <a href=\"https:\/\/blogs.diariosur.es\/pasarelaurbana\/2014\/07\/15\/malaga-y-el-sindrome-de-la-fashion-hiperactividad\/\">otro post<\/a>, est\u00e1 que arde este verano. Ser\u00e1 el pr\u00f3ximo <strong>jueves 31 de julio. A partir de las 20.30 horas en calle Alcazabilla<\/strong>. Ese d\u00eda M\u00e1laga elegir\u00e1 a sus m\u00e1s guapos en una gala presentada por el que ser\u00e1 el pregonero de esta Feria de M\u00e1laga, Manolo Sarria, y la actriz y modelo, Elisa Guahnich.\u00a0 El certamen, organizado por el <strong>Club de Leones M\u00e1laga\u2013 Limonar y NuevaModa<\/strong> contar\u00e1 con la actuaci\u00f3n de la joven cantante Alejandra Mir. Adem\u00e1s del concurso, la velada incluir\u00e1 una cena-c\u00f3ctel ben\u00e9fica en El Pimpi destinada a recaudar fondos para Ezequiel&#8217; (un ni\u00f1o de 6 a\u00f1os sin recursos que sufre una retinopat\u00eda prematura que le impide ver y necesita un tratamiento con c\u00e9lulas madre en Pek\u00edn valorado en 97.000 euros) y la Asociaci\u00f3n Contra la Fibrosis Qu\u00edstica de M\u00e1laga, as\u00ed que solo por el car\u00e1cter solidario merece la pena.<\/p>\n<p style=\"text-align: center;\">El acontecimiento ha sido presentado esta ma\u00f1ana en una <strong>rueda de prensa<\/strong> a la que han asistido -entre otros- Alejandro Morales (presidente del Club de Leones M\u00e1laga- Limonar), May Ram\u00edrez (vicepresidenta del Club, Mercedes Ballesteros), la representante de la Asociaci\u00f3n Contra la Fibrosis Qu\u00edstica de M\u00e1laga, Emilia Ana Jim\u00e9nez, Jos\u00e9 Cobos de El Pimpi o M\u00aa Jos\u00e9 Gonz\u00e1lez, directora de NuevaModa Producciones. Los<strong> dise\u00f1adores de alta costura<\/strong> malague\u00f1os Montesco, Javier Alc\u00e1ntara, \u00c1ngel Palazuelos, Susana Hidalgo, Jes\u00fas Segado, Gemma Mel\u00e9, Miguel \u00c1ngel Ruiz, Jote Mart\u00ednez o Antonia Galiano tambi\u00e9n han estado presentes en representaci\u00f3n de la moda malague\u00f1a.<\/p>\n<p style=\"text-align: center;\">Los ganadores del certamen del pr\u00f3ximo jueves<strong> representar\u00e1n a nuestra ciudad en el concurso nacional de modelos Linda y Guapo Espa\u00f1a<\/strong>, tambi\u00e9n organizado por Nueva Moda Producciones. El objetivo es encontrar a modelos que cumplan los requisitos actuales para desfilar en las principales pasarelas del mundo y con las firmas m\u00e1s prestigiosas.<\/p>\n<p style=\"text-align: center;\">El coste de la invitaci\u00f3n para la gala es de <strong>40 euros<\/strong>, que ser\u00e1 donado \u00edntegramente a las citadas causas ben\u00e9ficas. Las entradas podr\u00e1n adquirirse en los establecimientos participantes. Adem\u00e1s, se ha creado la fila cero CCC ES 49 3183 2900 51 0000635546. M\u00e1s informaci\u00f3n: Carmina (607 707 993) May (647 457 232) Isabel (650 438 564).<\/p>\n<p style=\"text-align: center;\">\u00bfOs apunt\u00e1is? Recordad: la causa merece la pena<\/p>\n<p style=\"text-align: center;\"><a href=\"\/pasarelaurbana\/wp-content\/uploads\/sites\/49\/2014\/07\/115.jpg\"><img loading=\"lazy\" class=\"aligncenter size-full wp-image-7334\" title=\"1\" src=\"\/pasarelaurbana\/wp-content\/uploads\/sites\/49\/2014\/07\/115.jpg\" alt=\"\" width=\"600\" height=\"399\" srcset=\"https:\/\/static-blogs.diariosur.es\/wp-content\/uploads\/sites\/49\/2014\/07\/115.jpg 600w, https:\/\/static-blogs.diariosur.es\/wp-content\/uploads\/sites\/49\/2014\/07\/115-300x200.jpg 300w\" sizes=\"(max-width: 600px) 100vw, 600px\" \/><\/a><!--more--><\/p>\n<p style=\"text-align: center;\"><a href=\"\/pasarelaurbana\/wp-content\/uploads\/sites\/49\/2014\/07\/27.jpg\"><img loading=\"lazy\" class=\"aligncenter size-full wp-image-7335\" title=\"2\" src=\"\/pasarelaurbana\/wp-content\/uploads\/sites\/49\/2014\/07\/27.jpg\" alt=\"\" width=\"600\" height=\"902\" srcset=\"https:\/\/static-blogs.diariosur.es\/wp-content\/uploads\/sites\/49\/2014\/07\/27.jpg 600w, https:\/\/static-blogs.diariosur.es\/wp-content\/uploads\/sites\/49\/2014\/07\/27-200x300.jpg 200w\" sizes=\"(max-width: 600px) 100vw, 600px\" \/><\/a><\/p>\n<p style=\"text-align: center;\"><a href=\"\/pasarelaurbana\/wp-content\/uploads\/sites\/49\/2014\/07\/34.jpg\"><img loading=\"lazy\" class=\"aligncenter size-full wp-image-7333\" title=\"3\" src=\"\/pasarelaurbana\/wp-content\/uploads\/sites\/49\/2014\/07\/34.jpg\" alt=\"\" width=\"600\" height=\"399\" srcset=\"https:\/\/static-blogs.diariosur.es\/wp-content\/uploads\/sites\/49\/2014\/07\/34.jpg 600w, https:\/\/static-blogs.diariosur.es\/wp-content\/uploads\/sites\/49\/2014\/07\/34-300x200.jpg 300w\" sizes=\"(max-width: 600px) 100vw, 600px\" \/><\/a><\/p>\n","protected":false},"excerpt":{"rendered":"<p>Nueva cita a marca en rojo en el &#8216;fashion-calendario&#8217; de M\u00e1laga. Ese que, como os coment\u00e9 en otro post, est\u00e1 que arde este verano. Ser\u00e1 el pr\u00f3ximo jueves 31 de julio. A partir de las 20.30 horas en calle Alcazabilla. Ese d\u00eda M\u00e1laga elegir\u00e1 a sus m\u00e1s guapos en una gala presentada por el que [&hellip;]<\/p>\n","protected":false},"author":54,"featured_media":0,"comment_status":"open","ping_status":"open","sticky":false,"template":"","format":"standard","meta":[],"categories":[2],"tags":[],"_links":{"self":[{"href":"https:\/\/blogs.diariosur.es\/pasarelaurbana\/wp-json\/wp\/v2\/posts\/7332"}],"collection":[{"href":"https:\/\/blogs.diariosur.es\/pasarelaurbana\/wp-json\/wp\/v2\/posts"}],"about":[{"href":"https:\/\/blogs.diariosur.es\/pasarelaurbana\/wp-json\/wp\/v2\/types\/post"}],"author":[{"embeddable":true,"href":"https:\/\/blogs.diariosur.es\/pasarelaurbana\/wp-json\/wp\/v2\/users\/54"}],"replies":[{"embeddable":true,"href":"https:\/\/blogs.diariosur.es\/pasarelaurbana\/wp-json\/wp\/v2\/comments?post=7332"}],"version-history":[{"count":0,"href":"https:\/\/blogs.diariosur.es\/pasarelaurbana\/wp-json\/wp\/v2\/posts\/7332\/revisions"}],"wp:attachment":[{"href":"https:\/\/blogs.diariosur.es\/pasarelaurbana\/wp-json\/wp\/v2\/media?parent=7332"}],"wp:term":[{"taxonomy":"category","embeddable":true,"href":"https:\/\/blogs.diariosur.es\/pasarelaurbana\/wp-json\/wp\/v2\/categories?post=7332"},{"taxonomy":"post_tag","embeddable":true,"href":"https:\/\/blogs.diariosur.es\/pasarelaurbana\/wp-json\/wp\/v2\/tags?post=7332"}],"curies":[{"name":"wp","href":"https:\/\/api.w.org\/{rel}","templated":true}]}}