{"id":7336,"date":"2014-07-26T13:54:53","date_gmt":"2014-07-26T11:54:53","guid":{"rendered":"http:\/\/blogs.diariosur.es\/pasarelaurbana\/?p=7336"},"modified":"2014-07-26T13:54:53","modified_gmt":"2014-07-26T11:54:53","slug":"estilismos-para-sonar","status":"publish","type":"post","link":"https:\/\/blogs.diariosur.es\/pasarelaurbana\/2014\/07\/26\/estilismos-para-sonar\/","title":{"rendered":"Estilismos para so\u00f1ar"},"content":{"rendered":"<p style=\"text-align: center;\">\u00bfC\u00f3mo es el sue\u00f1o de una noche de verano? Los invitados a la segunda edici\u00f3n de la Wedding Night de Gente de M\u00e1laga ten\u00edan ante s\u00ed el reto de encontrar la respuesta a esta pregunta frente a sus armarios. Y es que la fiesta ten\u00eda aparejado un \u2018dress code\u2019, que deb\u00eda estar inspirado en la famosa obra de Shakespeare. El escenario, un balneario decorado acorde con la tem\u00e1tica del evento, invitaba adem\u00e1s a lucir looks\u00a0\u00a0 impregnados de ese halo de romanticismo y misterio que envuelve a la comedia c\u00e9lebre del escritor ingl\u00e9s.<br \/>\nLas asistentes tomaron buena nota de los requisitos de la etiqueta y apostaron, principalmente, por vestidos fluidos de tejidos vaporosos y monos (una de las prendas clave de la temporada, imprescindibles en cualquier evento) combinados con sandalias de acabado metalizado (una pareja que siempre funciona). Los tonos pasteles, el blanco y el azul marino (tan mediterr\u00e1neo y apropiado para un acto junto al mar) fueron los protagonistas en la paleta crom\u00e1tica mientras que en materia de estampados las estrellas de la velada fueron las flores, tanto en prendas como en accesorios. As\u00ed, sobre la pasarela urbana de los Ba\u00f1os del Carmen hubo un claro complemento vencedor: las coronas, un \u2018must-have\u2019 de este verano, sobre todo entre las invitadas a bodas. Mucho mejor si son naturales. Se llevan en la frente o puestas por detr\u00e1s en recogidos.<br \/>\nEl estilo boho chic con notas buc\u00f3licas se impuso en una noche m\u00e1gica en la que los estilismos hicieron so\u00f1ar. \u00bfAlgunos de los mejores aliados para conseguirlo? Las maxi joyas (los pendientes vuelven a cobrar protagonismo)o los cinturones con aplicaciones, la guinda a un \u2018outfit\u2019 de diez.<\/p>\n<p style=\"text-align: center;\"><a href=\"\/pasarelaurbana\/wp-content\/uploads\/sites\/49\/2014\/07\/45.jpg\"><img loading=\"lazy\" class=\"aligncenter size-full wp-image-7341\" title=\"4\" src=\"\/pasarelaurbana\/wp-content\/uploads\/sites\/49\/2014\/07\/45.jpg\" alt=\"\" width=\"600\" height=\"508\" srcset=\"https:\/\/static-blogs.diariosur.es\/wp-content\/uploads\/sites\/49\/2014\/07\/45.jpg 600w, https:\/\/static-blogs.diariosur.es\/wp-content\/uploads\/sites\/49\/2014\/07\/45-300x254.jpg 300w\" sizes=\"(max-width: 600px) 100vw, 600px\" \/><\/a><!--more--><\/p>\n<p style=\"text-align: center;\"><a href=\"\/pasarelaurbana\/wp-content\/uploads\/sites\/49\/2014\/07\/210.jpg\"><img loading=\"lazy\" class=\"aligncenter size-full wp-image-7339\" title=\"2\" src=\"\/pasarelaurbana\/wp-content\/uploads\/sites\/49\/2014\/07\/210.jpg\" alt=\"\" width=\"600\" height=\"800\" srcset=\"https:\/\/static-blogs.diariosur.es\/wp-content\/uploads\/sites\/49\/2014\/07\/210.jpg 600w, https:\/\/static-blogs.diariosur.es\/wp-content\/uploads\/sites\/49\/2014\/07\/210-225x300.jpg 225w\" sizes=\"(max-width: 600px) 100vw, 600px\" \/><\/a><\/p>\n<p style=\"text-align: center;\"><span style=\"text-decoration: underline;\">Ver\u00f3nica S\u00e1nchez y su look bohemio, premio al mejor estilismo de la noche<\/span><br \/>\nUno de los alicientes a la hora de elegir el \u2018look\u2019 para la fiesta era el premio ofrecido por el Centro Comercial de Rinc\u00f3n de la Victoria. El complejo regal\u00f3 dos cheques de 100 euros cada uno a los mejores estilismos de la noche (de chica y chico) inspirados en el sue\u00f1o de una noche de verano. El jurado, compuesto por un grupo de profesionales ligados al sector de la moda en la provincia, otorg\u00f3 el galard\u00f3n a Ver\u00f3nica S\u00e1nchez, una joven malague\u00f1a de 25 a\u00f1os autora del fashion blog \u2018Just-Coco\u2019, donde a diario comparte sus estilismo con miles de seguidoras. En la Wedding Night acert\u00f3 con un vestido \u2018boho chic\u2019 largo de flores rom\u00e1nticas que luci\u00f3 con un sofisticado recogido con trenza.<\/p>\n<p style=\"text-align: center;\"><a href=\"\/pasarelaurbana\/wp-content\/uploads\/sites\/49\/2014\/07\/35.jpg\"><img loading=\"lazy\" class=\"aligncenter size-full wp-image-7340\" title=\"3\" src=\"\/pasarelaurbana\/wp-content\/uploads\/sites\/49\/2014\/07\/35.jpg\" alt=\"\" width=\"600\" height=\"800\" srcset=\"https:\/\/static-blogs.diariosur.es\/wp-content\/uploads\/sites\/49\/2014\/07\/35.jpg 600w, https:\/\/static-blogs.diariosur.es\/wp-content\/uploads\/sites\/49\/2014\/07\/35-225x300.jpg 225w\" sizes=\"(max-width: 600px) 100vw, 600px\" \/><\/a><\/p>\n<p style=\"text-align: center;\"><span style=\"text-decoration: underline;\">Encajes y brillos plateados en el mejor \u2018outfit\u2019 masculino<\/span><br \/>\nEl premio masculino, patrocinado por C.C. Rinc\u00f3n de la Victoria, fue para Bosco Vida, un polifac\u00e9tico joven malague\u00f1o que se atreve en sus looks \u00abcon casi todo\u00bb. Vida, que concibe su forma de vestir \u00abcomo una forma m\u00e1s de expresi\u00f3n art\u00edstica\u00bb, eligi\u00f3 un \u2018outfit\u2019 centrado en un pantal\u00f3n de encajes negro. \u00abSobre \u00e9l constru\u00ed el resto: camisa blanca, zapatillas metalizadas y una corbata que encargu\u00e9 a juego, plata con encajes\u00bb.<\/p>\n<p style=\"text-align: center;\">Camisa y pantal\u00f3n de encajes: Zara.  <\/p>\n<p style=\"text-align: center;\">Pajarita: Mario Teo.<\/p>\n<p style=\"text-align: center;\">Zapatillas: Paez.<\/p>\n<p style=\"text-align: center;\"><a href=\"\/pasarelaurbana\/wp-content\/uploads\/sites\/49\/2014\/07\/55.jpg\"><img loading=\"lazy\" class=\"aligncenter size-full wp-image-7342\" title=\"5\" src=\"\/pasarelaurbana\/wp-content\/uploads\/sites\/49\/2014\/07\/55.jpg\" alt=\"\" width=\"600\" height=\"800\" srcset=\"https:\/\/static-blogs.diariosur.es\/wp-content\/uploads\/sites\/49\/2014\/07\/55.jpg 600w, https:\/\/static-blogs.diariosur.es\/wp-content\/uploads\/sites\/49\/2014\/07\/55-225x300.jpg 225w\" sizes=\"(max-width: 600px) 100vw, 600px\" \/><\/a><\/p>\n<p style=\"text-align: center;\"><a href=\"\/pasarelaurbana\/wp-content\/uploads\/sites\/49\/2014\/07\/65.jpg\"><img loading=\"lazy\" class=\"aligncenter size-full wp-image-7343\" title=\"6\" src=\"\/pasarelaurbana\/wp-content\/uploads\/sites\/49\/2014\/07\/65.jpg\" alt=\"\" width=\"600\" height=\"787\" srcset=\"https:\/\/static-blogs.diariosur.es\/wp-content\/uploads\/sites\/49\/2014\/07\/65.jpg 600w, https:\/\/static-blogs.diariosur.es\/wp-content\/uploads\/sites\/49\/2014\/07\/65-229x300.jpg 229w\" sizes=\"(max-width: 600px) 100vw, 600px\" \/><\/a><\/p>\n<p style=\"text-align: center;\"><a href=\"\/pasarelaurbana\/wp-content\/uploads\/sites\/49\/2014\/07\/74.jpg\"><img loading=\"lazy\" class=\"aligncenter size-full wp-image-7344\" title=\"7\" src=\"\/pasarelaurbana\/wp-content\/uploads\/sites\/49\/2014\/07\/74.jpg\" alt=\"\" width=\"600\" height=\"555\" srcset=\"https:\/\/static-blogs.diariosur.es\/wp-content\/uploads\/sites\/49\/2014\/07\/74.jpg 600w, https:\/\/static-blogs.diariosur.es\/wp-content\/uploads\/sites\/49\/2014\/07\/74-300x278.jpg 300w\" sizes=\"(max-width: 600px) 100vw, 600px\" \/><\/a><\/p>\n<p style=\"text-align: center;\"><a href=\"\/pasarelaurbana\/wp-content\/uploads\/sites\/49\/2014\/07\/84.jpg\"><img loading=\"lazy\" class=\"aligncenter size-full wp-image-7345\" title=\"8\" src=\"\/pasarelaurbana\/wp-content\/uploads\/sites\/49\/2014\/07\/84.jpg\" alt=\"\" width=\"600\" height=\"658\" srcset=\"https:\/\/static-blogs.diariosur.es\/wp-content\/uploads\/sites\/49\/2014\/07\/84.jpg 600w, https:\/\/static-blogs.diariosur.es\/wp-content\/uploads\/sites\/49\/2014\/07\/84-274x300.jpg 274w\" sizes=\"(max-width: 600px) 100vw, 600px\" \/><\/a><\/p>\n<p style=\"text-align: center;\"><a href=\"\/pasarelaurbana\/wp-content\/uploads\/sites\/49\/2014\/07\/94.jpg\"><img loading=\"lazy\" class=\"aligncenter size-full wp-image-7337\" title=\"9\" src=\"\/pasarelaurbana\/wp-content\/uploads\/sites\/49\/2014\/07\/94.jpg\" alt=\"\" width=\"600\" height=\"400\" srcset=\"https:\/\/static-blogs.diariosur.es\/wp-content\/uploads\/sites\/49\/2014\/07\/94.jpg 600w, https:\/\/static-blogs.diariosur.es\/wp-content\/uploads\/sites\/49\/2014\/07\/94-300x200.jpg 300w\" sizes=\"(max-width: 600px) 100vw, 600px\" \/><\/a><\/p>\n<p style=\"text-align: center;\"><a href=\"\/pasarelaurbana\/wp-content\/uploads\/sites\/49\/2014\/07\/116.jpg\"><img loading=\"lazy\" class=\"aligncenter size-full wp-image-7338\" title=\"1\" src=\"\/pasarelaurbana\/wp-content\/uploads\/sites\/49\/2014\/07\/116.jpg\" alt=\"\" width=\"600\" height=\"400\" srcset=\"https:\/\/static-blogs.diariosur.es\/wp-content\/uploads\/sites\/49\/2014\/07\/116.jpg 600w, https:\/\/static-blogs.diariosur.es\/wp-content\/uploads\/sites\/49\/2014\/07\/116-300x200.jpg 300w\" sizes=\"(max-width: 600px) 100vw, 600px\" \/><\/a><\/p>\n<p style=\"text-align: center;\"><span style=\"text-decoration: underline;\">Vestidos fluidos, detalles florales y coronas, los reyes de la fiesta<\/span><br \/>\nLos asistentes a la Wedding Night derrocharon estilo. La mayor\u00eda apost\u00f3 sobre seguro en sus looks, aunque tambi\u00e9n hubo quienes decidieron asumir riesgos, creando combinaciones interesantes. Nos gust\u00f3 la del dise\u00f1ador Roberto Diz, que logr\u00f3 aunar con \u00e9xito prendas de sello dandy con toques \u2018sporty chic\u2019 (presente en las Converse o en los pantalones capri). Las transparencias de Jenny Manderas, por su parte, no dejaron a nadie indiferente.<\/p>\n","protected":false},"excerpt":{"rendered":"<p>\u00bfC\u00f3mo es el sue\u00f1o de una noche de verano? Los invitados a la segunda edici\u00f3n de la Wedding Night de Gente de M\u00e1laga ten\u00edan ante s\u00ed el reto de encontrar la respuesta a esta pregunta frente a sus armarios. Y es que la fiesta ten\u00eda aparejado un \u2018dress code\u2019, que deb\u00eda estar inspirado en la [&hellip;]<\/p>\n","protected":false},"author":54,"featured_media":0,"comment_status":"open","ping_status":"open","sticky":false,"template":"","format":"standard","meta":[],"categories":[2],"tags":[],"_links":{"self":[{"href":"https:\/\/blogs.diariosur.es\/pasarelaurbana\/wp-json\/wp\/v2\/posts\/7336"}],"collection":[{"href":"https:\/\/blogs.diariosur.es\/pasarelaurbana\/wp-json\/wp\/v2\/posts"}],"about":[{"href":"https:\/\/blogs.diariosur.es\/pasarelaurbana\/wp-json\/wp\/v2\/types\/post"}],"author":[{"embeddable":true,"href":"https:\/\/blogs.diariosur.es\/pasarelaurbana\/wp-json\/wp\/v2\/users\/54"}],"replies":[{"embeddable":true,"href":"https:\/\/blogs.diariosur.es\/pasarelaurbana\/wp-json\/wp\/v2\/comments?post=7336"}],"version-history":[{"count":0,"href":"https:\/\/blogs.diariosur.es\/pasarelaurbana\/wp-json\/wp\/v2\/posts\/7336\/revisions"}],"wp:attachment":[{"href":"https:\/\/blogs.diariosur.es\/pasarelaurbana\/wp-json\/wp\/v2\/media?parent=7336"}],"wp:term":[{"taxonomy":"category","embeddable":true,"href":"https:\/\/blogs.diariosur.es\/pasarelaurbana\/wp-json\/wp\/v2\/categories?post=7336"},{"taxonomy":"post_tag","embeddable":true,"href":"https:\/\/blogs.diariosur.es\/pasarelaurbana\/wp-json\/wp\/v2\/tags?post=7336"}],"curies":[{"name":"wp","href":"https:\/\/api.w.org\/{rel}","templated":true}]}}