{"id":7357,"date":"2014-07-29T18:16:28","date_gmt":"2014-07-29T16:16:28","guid":{"rendered":"http:\/\/blogs.diariosur.es\/pasarelaurbana\/?p=7357"},"modified":"2014-07-29T18:16:28","modified_gmt":"2014-07-29T16:16:28","slug":"diez-flechazos-de-la-nueva-temporada","status":"publish","type":"post","link":"https:\/\/blogs.diariosur.es\/pasarelaurbana\/2014\/07\/29\/diez-flechazos-de-la-nueva-temporada\/","title":{"rendered":"Diez flechazos de la nueva temporada"},"content":{"rendered":"<p style=\"text-align: center;\">\u00a1Feliz martes! Hoy os traigo un aperitivo de lo que nos espera los pr\u00f3ximos meses. Y es que aunque a\u00fan ni hemos estrenado agosto el avance de la nueva temporada empieza a tentarnos en mitad de tanta ropa amontonada de lo que queda de rebajas.Peque\u00f1os destellos que sobresalen entre tanto caos y desorden y que al menos para mi son irresistibles. Siempre me ha gustado iniciar la compra de la nueva colecci\u00f3n estos meses porque van apareciendo grandes tesoros que despu\u00e9s no se repiten.<strong>\u00bfQu\u00e9 nos pondremos este oto\u00f1o\/invierno?<\/strong> Pues a tenor de las propuestas que se repiten en las principales tiendas low cost ya tenemos bastantes pistas. En lo que respecta a colores, el <strong>mostaza<\/strong> es el candidato m\u00e1s fuerte a convertirse en el rey de la paleta este est\u00edo, en el que tambi\u00e9n ser\u00e1n habituales las pinceladas de frambuesa. Las <strong>flores<\/strong> reivindican larga vida m\u00e1s all\u00e1 de la primavera y las camisetas y sudaderas <strong>con mensajes<\/strong> ser\u00e1n imprescindibles para seguir los dictados del &#8216;<strong>sporty chic<\/strong>&#8216;, que se mantendr\u00e1 imbatible. La <strong>inspiraci\u00f3n lencera<\/strong> y los acabados de <strong>cuero<\/strong> tambi\u00e9n ser\u00e1n grandes protagonistas en los meses de fr\u00edo, en los que seguiremos luciendo<strong> faldas midi<\/strong> y las <strong>rayas<\/strong> pisar\u00e1n fuerte. En cuanto a pantalones, \u00a1ojo! regresan los de pata ancha mientras que en calzado los <strong>blucher con plataforma<\/strong> y los botines acharolados ser\u00e1n clave. \u00bfA\u00fan no hab\u00e9is fichado nada? Pues os dejo con mis diez flechazos de la nueva temporada. Uno de ellos ya est\u00e1 en mi armario, \u00bfadivin\u00e1is cu\u00e1l es? \u00a1Prometo un post pronto! \u00a1Espero que os guste la selecci\u00f3n! Os espero por aqu\u00ed el jueves, \u00a1hasta entonces!<\/p>\n<p><a href=\"\/pasarelaurbana\/wp-content\/uploads\/sites\/49\/2014\/07\/blazeruno3.jpg\"><img loading=\"lazy\" class=\"aligncenter size-full wp-image-7359\" title=\"blazeruno\" src=\"\/pasarelaurbana\/wp-content\/uploads\/sites\/49\/2014\/07\/blazeruno3.jpg\" alt=\"\" width=\"600\" height=\"744\" srcset=\"https:\/\/static-blogs.diariosur.es\/wp-content\/uploads\/sites\/49\/2014\/07\/blazeruno3.jpg 600w, https:\/\/static-blogs.diariosur.es\/wp-content\/uploads\/sites\/49\/2014\/07\/blazeruno3-242x300.jpg 242w\" sizes=\"(max-width: 600px) 100vw, 600px\" \/><\/a><\/p>\n<p><!--more--><\/p>\n<p style=\"text-align: center;\"><a href=\"\/pasarelaurbana\/wp-content\/uploads\/sites\/49\/2014\/07\/vestidozarados1.jpg\"><img loading=\"lazy\" class=\"aligncenter size-full wp-image-7358\" title=\"vestidozarados\" src=\"\/pasarelaurbana\/wp-content\/uploads\/sites\/49\/2014\/07\/vestidozarados1.jpg\" alt=\"\" width=\"600\" height=\"744\" srcset=\"https:\/\/static-blogs.diariosur.es\/wp-content\/uploads\/sites\/49\/2014\/07\/vestidozarados1.jpg 600w, https:\/\/static-blogs.diariosur.es\/wp-content\/uploads\/sites\/49\/2014\/07\/vestidozarados1-242x300.jpg 242w\" sizes=\"(max-width: 600px) 100vw, 600px\" \/><\/a><\/p>\n<p style=\"text-align: center;\"><a href=\"\/pasarelaurbana\/wp-content\/uploads\/sites\/49\/2014\/07\/faldapolipielevase.jpg\"><img loading=\"lazy\" class=\"aligncenter size-full wp-image-7360\" title=\"faldapolipielevase\" src=\"\/pasarelaurbana\/wp-content\/uploads\/sites\/49\/2014\/07\/faldapolipielevase.jpg\" alt=\"\" width=\"600\" height=\"744\" srcset=\"https:\/\/static-blogs.diariosur.es\/wp-content\/uploads\/sites\/49\/2014\/07\/faldapolipielevase.jpg 600w, https:\/\/static-blogs.diariosur.es\/wp-content\/uploads\/sites\/49\/2014\/07\/faldapolipielevase-242x300.jpg 242w\" sizes=\"(max-width: 600px) 100vw, 600px\" \/><\/a><\/p>\n<p style=\"text-align: center;\"><a href=\"\/pasarelaurbana\/wp-content\/uploads\/sites\/49\/2014\/07\/top.jpg\"><img loading=\"lazy\" class=\"aligncenter size-full wp-image-7367\" title=\"top\" src=\"\/pasarelaurbana\/wp-content\/uploads\/sites\/49\/2014\/07\/top.jpg\" alt=\"\" width=\"600\" height=\"744\" srcset=\"https:\/\/static-blogs.diariosur.es\/wp-content\/uploads\/sites\/49\/2014\/07\/top.jpg 600w, https:\/\/static-blogs.diariosur.es\/wp-content\/uploads\/sites\/49\/2014\/07\/top-242x300.jpg 242w\" sizes=\"(max-width: 600px) 100vw, 600px\" \/><\/a><\/p>\n<p style=\"text-align: center;\">Sobre estas l\u00edneas, cuatro de las propuestas de ZARA. El vestido lencero negro es ideal, sienta fenomenal as\u00ed que os animo a que os los prob\u00e9is.<\/p>\n<p style=\"text-align: center;\"><a href=\"\/pasarelaurbana\/wp-content\/uploads\/sites\/49\/2014\/07\/mango.jpg\"><img loading=\"lazy\" class=\"aligncenter size-full wp-image-7364\" title=\"mango\" src=\"\/pasarelaurbana\/wp-content\/uploads\/sites\/49\/2014\/07\/mango.jpg\" alt=\"\" width=\"600\" height=\"839\" srcset=\"https:\/\/static-blogs.diariosur.es\/wp-content\/uploads\/sites\/49\/2014\/07\/mango.jpg 600w, https:\/\/static-blogs.diariosur.es\/wp-content\/uploads\/sites\/49\/2014\/07\/mango-215x300.jpg 215w\" sizes=\"(max-width: 600px) 100vw, 600px\" \/><\/a><\/p>\n<p style=\"text-align: center;\"><a href=\"\/pasarelaurbana\/wp-content\/uploads\/sites\/49\/2014\/07\/mangodos.jpg\"><img loading=\"lazy\" class=\"aligncenter size-full wp-image-7365\" title=\"mangodos\" src=\"\/pasarelaurbana\/wp-content\/uploads\/sites\/49\/2014\/07\/mangodos.jpg\" alt=\"\" width=\"600\" height=\"839\" srcset=\"https:\/\/static-blogs.diariosur.es\/wp-content\/uploads\/sites\/49\/2014\/07\/mangodos.jpg 600w, https:\/\/static-blogs.diariosur.es\/wp-content\/uploads\/sites\/49\/2014\/07\/mangodos-215x300.jpg 215w\" sizes=\"(max-width: 600px) 100vw, 600px\" \/><\/a><\/p>\n<p style=\"text-align: center;\">Arriba, sudadera con mensaje y chaqueta a rayas de MANGO.<\/p>\n<p style=\"text-align: center;\"><a href=\"\/pasarelaurbana\/wp-content\/uploads\/sites\/49\/2014\/07\/stravichaq.jpg\"><img loading=\"lazy\" class=\"aligncenter size-full wp-image-7366\" title=\"stravichaq\" src=\"\/pasarelaurbana\/wp-content\/uploads\/sites\/49\/2014\/07\/stravichaq.jpg\" alt=\"\" width=\"600\" height=\"771\" srcset=\"https:\/\/static-blogs.diariosur.es\/wp-content\/uploads\/sites\/49\/2014\/07\/stravichaq.jpg 600w, https:\/\/static-blogs.diariosur.es\/wp-content\/uploads\/sites\/49\/2014\/07\/stravichaq-233x300.jpg 233w\" sizes=\"(max-width: 600px) 100vw, 600px\" \/><\/a><\/p>\n<p style=\"text-align: center;\">Esta chaqueta de manga al codo de STRADIVARIUS me parece preciosa y muy vers\u00e1til.<\/p>\n<p style=\"text-align: center;\"><a href=\"\/pasarelaurbana\/wp-content\/uploads\/sites\/49\/2014\/07\/gafaspull.jpg\"><img loading=\"lazy\" class=\"aligncenter size-full wp-image-7361\" title=\"gafaspull\" src=\"\/pasarelaurbana\/wp-content\/uploads\/sites\/49\/2014\/07\/gafaspull.jpg\" alt=\"\" width=\"600\" height=\"375\" srcset=\"https:\/\/static-blogs.diariosur.es\/wp-content\/uploads\/sites\/49\/2014\/07\/gafaspull.jpg 600w, https:\/\/static-blogs.diariosur.es\/wp-content\/uploads\/sites\/49\/2014\/07\/gafaspull-300x188.jpg 300w\" sizes=\"(max-width: 600px) 100vw, 600px\" \/><\/a><\/p>\n<p style=\"text-align: center;\">Muy chulas estas gafas de Pull&#038;Bear.<\/p>\n<p style=\"text-align: center;\"><a href=\"\/pasarelaurbana\/wp-content\/uploads\/sites\/49\/2014\/07\/hmcamisa.jpg\"><img loading=\"lazy\" class=\"aligncenter size-full wp-image-7362\" title=\"hmcamisa\" src=\"\/pasarelaurbana\/wp-content\/uploads\/sites\/49\/2014\/07\/hmcamisa.jpg\" alt=\"\" width=\"600\" height=\"702\" srcset=\"https:\/\/static-blogs.diariosur.es\/wp-content\/uploads\/sites\/49\/2014\/07\/hmcamisa.jpg 600w, https:\/\/static-blogs.diariosur.es\/wp-content\/uploads\/sites\/49\/2014\/07\/hmcamisa-256x300.jpg 256w\" sizes=\"(max-width: 600px) 100vw, 600px\" \/><\/a><\/p>\n<p style=\"text-align: center;\"><a href=\"\/pasarelaurbana\/wp-content\/uploads\/sites\/49\/2014\/07\/hmvstido.jpg\"><img loading=\"lazy\" class=\"aligncenter size-full wp-image-7363\" title=\"hmvstido\" src=\"\/pasarelaurbana\/wp-content\/uploads\/sites\/49\/2014\/07\/hmvstido.jpg\" alt=\"\" width=\"600\" height=\"702\" srcset=\"https:\/\/static-blogs.diariosur.es\/wp-content\/uploads\/sites\/49\/2014\/07\/hmvstido.jpg 600w, https:\/\/static-blogs.diariosur.es\/wp-content\/uploads\/sites\/49\/2014\/07\/hmvstido-256x300.jpg 256w\" sizes=\"(max-width: 600px) 100vw, 600px\" \/><\/a><\/p>\n<p style=\"text-align: center;\">Y termino con dos apuestas de H&#038;M.El vestido a\u00fan no lo he encontrado en tienda pero tiene muy buena pinta.<\/p>\n","protected":false},"excerpt":{"rendered":"<p>\u00a1Feliz martes! Hoy os traigo un aperitivo de lo que nos espera los pr\u00f3ximos meses. Y es que aunque a\u00fan ni hemos estrenado agosto el avance de la nueva temporada empieza a tentarnos en mitad de tanta ropa amontonada de lo que queda de rebajas.Peque\u00f1os destellos que sobresalen entre tanto caos y desorden y que [&hellip;]<\/p>\n","protected":false},"author":54,"featured_media":0,"comment_status":"open","ping_status":"open","sticky":false,"template":"","format":"standard","meta":[],"categories":[2],"tags":[],"_links":{"self":[{"href":"https:\/\/blogs.diariosur.es\/pasarelaurbana\/wp-json\/wp\/v2\/posts\/7357"}],"collection":[{"href":"https:\/\/blogs.diariosur.es\/pasarelaurbana\/wp-json\/wp\/v2\/posts"}],"about":[{"href":"https:\/\/blogs.diariosur.es\/pasarelaurbana\/wp-json\/wp\/v2\/types\/post"}],"author":[{"embeddable":true,"href":"https:\/\/blogs.diariosur.es\/pasarelaurbana\/wp-json\/wp\/v2\/users\/54"}],"replies":[{"embeddable":true,"href":"https:\/\/blogs.diariosur.es\/pasarelaurbana\/wp-json\/wp\/v2\/comments?post=7357"}],"version-history":[{"count":0,"href":"https:\/\/blogs.diariosur.es\/pasarelaurbana\/wp-json\/wp\/v2\/posts\/7357\/revisions"}],"wp:attachment":[{"href":"https:\/\/blogs.diariosur.es\/pasarelaurbana\/wp-json\/wp\/v2\/media?parent=7357"}],"wp:term":[{"taxonomy":"category","embeddable":true,"href":"https:\/\/blogs.diariosur.es\/pasarelaurbana\/wp-json\/wp\/v2\/categories?post=7357"},{"taxonomy":"post_tag","embeddable":true,"href":"https:\/\/blogs.diariosur.es\/pasarelaurbana\/wp-json\/wp\/v2\/tags?post=7357"}],"curies":[{"name":"wp","href":"https:\/\/api.w.org\/{rel}","templated":true}]}}