{"id":7369,"date":"2014-07-31T16:06:30","date_gmt":"2014-07-31T14:06:30","guid":{"rendered":"http:\/\/blogs.diariosur.es\/pasarelaurbana\/?p=7369"},"modified":"2014-07-31T16:06:30","modified_gmt":"2014-07-31T14:06:30","slug":"las-botas-de-montana-imprescindibles-este-otono","status":"publish","type":"post","link":"https:\/\/blogs.diariosur.es\/pasarelaurbana\/2014\/07\/31\/las-botas-de-montana-imprescindibles-este-otono\/","title":{"rendered":"Las botas de monta\u00f1a, imprescindibles este oto\u00f1o"},"content":{"rendered":"<p style=\"text-align: center;\">\u00a1Buenas! Tras el repaso a mis<a href=\"https:\/\/blogs.diariosur.es\/pasarelaurbana\/2014\/07\/29\/diez-flechazos-de-la-nueva-temporada\/\"> flechazos del avance de nueva temporada<\/a>, hoy quiero hablaros de una tendencia que pisar\u00e1 fuerte -y nunca mejor dicho- los pr\u00f3ximos meses. Si este verano los m\u00e1s puristas se horrorizaban con la moda de los denominados &#8216;ugly shoes&#8217; -v\u00e9ase, sandalias de suela de corcho con hebillas al m\u00e1s puro estilo guiri- en materia de calzado, la nueva estaci\u00f3n nos trae otro sobresalto. \u00bfA su favor? La comodidad. \u00bfEn contra? Una est\u00e9tica dura y poco femenina no apta para las amantes del estilo rom\u00e1ntico. Los aficionados a las rutas de senderismo est\u00e1n de suerte porque las botas de monta\u00f1a ya se han colado entre los &#8216;must have&#8217; de las fashionistas cara al pr\u00f3ximo oto\u00f1o-invierno.\u00a0 Primero fueron las sneakers, luegos las deportivas -con las Converses y las Nike por bandera-y ahora es el turno de los botines alpinos. <strong>Louis Vuitton<\/strong> las reivindic\u00f3 en pasarela,<strong> Isabel Marant<\/strong> tambi\u00e9n cogi\u00f3 el testigo y&#8230;\u00a1voil\u00e1! nueva moda al canto. Se llevan con plataforma, cl\u00e1sicas -tipo Timberland- forradas de borrego, y hasta h\u00edbridas, con gui\u00f1os a las deportivas. \u00a1No hay tienda<em> low cost q<\/em>ue no tenga ya las suyas! \u00bfLo m\u00e1s in? Lucirlas con falda y calcetines, que deben dejarse ver pero no pasar de la altura de los tobillos. Yo, de momento, me resisto, aunque nunca se puede entonar eso de &#8216;de este agua no beber\u00e9&#8217;. Y vosotras, \u00bfos atrev\u00e9is con ellas? Os dejo con una <strong>selecci\u00f3n de modelos<\/strong> para que os sirva de inspiraci\u00f3n, Y recordad: el s\u00e1bado tendremos el especial de fin de semana con el mejor <em>&#8216;street style<\/em>&#8216; malague\u00f1o!<\/p>\n<p style=\"text-align: center;\"><a href=\"\/pasarelaurbana\/wp-content\/uploads\/sites\/49\/2014\/07\/vuitton.jpg\"><img loading=\"lazy\" class=\"aligncenter  wp-image-7370\" title=\"vuitton\" src=\"\/pasarelaurbana\/wp-content\/uploads\/sites\/49\/2014\/07\/vuitton.jpg\" alt=\"\" width=\"600\" height=\"476\" srcset=\"https:\/\/static-blogs.diariosur.es\/wp-content\/uploads\/sites\/49\/2014\/07\/vuitton.jpg 600w, https:\/\/static-blogs.diariosur.es\/wp-content\/uploads\/sites\/49\/2014\/07\/vuitton-300x238.jpg 300w\" sizes=\"(max-width: 600px) 100vw, 600px\" \/><\/a>En la foto, modelo de Louis Vuitton.<\/p>\n<p style=\"text-align: center;\"><!--more--><\/p>\n<p style=\"text-align: center;\"><a href=\"\/pasarelaurbana\/wp-content\/uploads\/sites\/49\/2014\/07\/stradiv.jpg\"><img loading=\"lazy\" class=\"aligncenter size-full wp-image-7373\" title=\"stradiv\" src=\"\/pasarelaurbana\/wp-content\/uploads\/sites\/49\/2014\/07\/stradiv.jpg\" alt=\"\" width=\"600\" height=\"771\" srcset=\"https:\/\/static-blogs.diariosur.es\/wp-content\/uploads\/sites\/49\/2014\/07\/stradiv.jpg 600w, https:\/\/static-blogs.diariosur.es\/wp-content\/uploads\/sites\/49\/2014\/07\/stradiv-233x300.jpg 233w\" sizes=\"(max-width: 600px) 100vw, 600px\" \/><\/a><\/p>\n<p style=\"text-align: center;\">Botas tipo Timberland de <strong>Stradivarius<\/strong>.<\/p>\n<p style=\"text-align: center;\"><a href=\"\/pasarelaurbana\/wp-content\/uploads\/sites\/49\/2014\/07\/bershka.jpg\"><img loading=\"lazy\" class=\"aligncenter size-full wp-image-7371\" title=\"bershka\" src=\"\/pasarelaurbana\/wp-content\/uploads\/sites\/49\/2014\/07\/bershka.jpg\" alt=\"\" width=\"600\" height=\"768\" srcset=\"https:\/\/static-blogs.diariosur.es\/wp-content\/uploads\/sites\/49\/2014\/07\/bershka.jpg 600w, https:\/\/static-blogs.diariosur.es\/wp-content\/uploads\/sites\/49\/2014\/07\/bershka-234x300.jpg 234w\" sizes=\"(max-width: 600px) 100vw, 600px\" \/><\/a><\/p>\n<p style=\"text-align: center;\">Modelo h\u00edbrido con gui\u00f1os a las deportivas de <strong>Bershka<\/strong><\/p>\n<p style=\"text-align: center;\"><a href=\"\/pasarelaurbana\/wp-content\/uploads\/sites\/49\/2014\/07\/topshop.jpg\"><img loading=\"lazy\" class=\"aligncenter size-full wp-image-7374\" title=\"topshop\" src=\"\/pasarelaurbana\/wp-content\/uploads\/sites\/49\/2014\/07\/topshop.jpg\" alt=\"\" width=\"600\" height=\"900\" srcset=\"https:\/\/static-blogs.diariosur.es\/wp-content\/uploads\/sites\/49\/2014\/07\/topshop.jpg 600w, https:\/\/static-blogs.diariosur.es\/wp-content\/uploads\/sites\/49\/2014\/07\/topshop-200x300.jpg 200w\" sizes=\"(max-width: 600px) 100vw, 600px\" \/><\/a><\/p>\n<p style=\"text-align: center;\"><a href=\"\/pasarelaurbana\/wp-content\/uploads\/sites\/49\/2014\/07\/topshpdos.jpg\"><img loading=\"lazy\" class=\"aligncenter size-full wp-image-7375\" title=\"topshpdos\" src=\"\/pasarelaurbana\/wp-content\/uploads\/sites\/49\/2014\/07\/topshpdos.jpg\" alt=\"\" width=\"600\" height=\"900\" srcset=\"https:\/\/static-blogs.diariosur.es\/wp-content\/uploads\/sites\/49\/2014\/07\/topshpdos.jpg 600w, https:\/\/static-blogs.diariosur.es\/wp-content\/uploads\/sites\/49\/2014\/07\/topshpdos-200x300.jpg 200w\" sizes=\"(max-width: 600px) 100vw, 600px\" \/><\/a><\/p>\n<p style=\"text-align: center;\">Arriba, dos modelos de la nueva colecci\u00f3n de <strong>Top Shop<\/strong><\/p>\n<p style=\"text-align: center;\"><a href=\"\/pasarelaurbana\/wp-content\/uploads\/sites\/49\/2014\/07\/zarauno.jpg\"><img loading=\"lazy\" class=\"aligncenter size-full wp-image-7376\" title=\"zarauno\" src=\"\/pasarelaurbana\/wp-content\/uploads\/sites\/49\/2014\/07\/zarauno.jpg\" alt=\"\" width=\"600\" height=\"382\" srcset=\"https:\/\/static-blogs.diariosur.es\/wp-content\/uploads\/sites\/49\/2014\/07\/zarauno.jpg 600w, https:\/\/static-blogs.diariosur.es\/wp-content\/uploads\/sites\/49\/2014\/07\/zarauno-300x191.jpg 300w\" sizes=\"(max-width: 600px) 100vw, 600px\" \/><\/a><\/p>\n<p style=\"text-align: center;\"><a href=\"\/pasarelaurbana\/wp-content\/uploads\/sites\/49\/2014\/07\/zarados.jpg\"><img loading=\"lazy\" class=\"aligncenter size-full wp-image-7377\" title=\"zarados\" src=\"\/pasarelaurbana\/wp-content\/uploads\/sites\/49\/2014\/07\/zarados.jpg\" alt=\"\" width=\"600\" height=\"475\" srcset=\"https:\/\/static-blogs.diariosur.es\/wp-content\/uploads\/sites\/49\/2014\/07\/zarados.jpg 600w, https:\/\/static-blogs.diariosur.es\/wp-content\/uploads\/sites\/49\/2014\/07\/zarados-300x238.jpg 300w\" sizes=\"(max-width: 600px) 100vw, 600px\" \/><\/a>Sobre estas l\u00edneas, dos propuestas de<strong> Zara<\/strong><\/p>\n<p style=\"text-align: center;\"><a href=\"\/pasarelaurbana\/wp-content\/uploads\/sites\/49\/2014\/07\/katieholmes.jpg\"><img loading=\"lazy\" class=\"aligncenter size-full wp-image-7372\" title=\"katieholmes\" src=\"\/pasarelaurbana\/wp-content\/uploads\/sites\/49\/2014\/07\/katieholmes.jpg\" alt=\"\" width=\"600\" height=\"750\" srcset=\"https:\/\/static-blogs.diariosur.es\/wp-content\/uploads\/sites\/49\/2014\/07\/katieholmes.jpg 600w, https:\/\/static-blogs.diariosur.es\/wp-content\/uploads\/sites\/49\/2014\/07\/katieholmes-240x300.jpg 240w\" sizes=\"(max-width: 600px) 100vw, 600px\" \/><\/a><\/p>\n<p style=\"text-align: center;\">\n","protected":false},"excerpt":{"rendered":"<p>\u00a1Buenas! Tras el repaso a mis flechazos del avance de nueva temporada, hoy quiero hablaros de una tendencia que pisar\u00e1 fuerte -y nunca mejor dicho- los pr\u00f3ximos meses. Si este verano los m\u00e1s puristas se horrorizaban con la moda de los denominados &#8216;ugly shoes&#8217; -v\u00e9ase, sandalias de suela de corcho con hebillas al m\u00e1s puro [&hellip;]<\/p>\n","protected":false},"author":54,"featured_media":0,"comment_status":"open","ping_status":"open","sticky":false,"template":"","format":"standard","meta":[],"categories":[2],"tags":[],"_links":{"self":[{"href":"https:\/\/blogs.diariosur.es\/pasarelaurbana\/wp-json\/wp\/v2\/posts\/7369"}],"collection":[{"href":"https:\/\/blogs.diariosur.es\/pasarelaurbana\/wp-json\/wp\/v2\/posts"}],"about":[{"href":"https:\/\/blogs.diariosur.es\/pasarelaurbana\/wp-json\/wp\/v2\/types\/post"}],"author":[{"embeddable":true,"href":"https:\/\/blogs.diariosur.es\/pasarelaurbana\/wp-json\/wp\/v2\/users\/54"}],"replies":[{"embeddable":true,"href":"https:\/\/blogs.diariosur.es\/pasarelaurbana\/wp-json\/wp\/v2\/comments?post=7369"}],"version-history":[{"count":0,"href":"https:\/\/blogs.diariosur.es\/pasarelaurbana\/wp-json\/wp\/v2\/posts\/7369\/revisions"}],"wp:attachment":[{"href":"https:\/\/blogs.diariosur.es\/pasarelaurbana\/wp-json\/wp\/v2\/media?parent=7369"}],"wp:term":[{"taxonomy":"category","embeddable":true,"href":"https:\/\/blogs.diariosur.es\/pasarelaurbana\/wp-json\/wp\/v2\/categories?post=7369"},{"taxonomy":"post_tag","embeddable":true,"href":"https:\/\/blogs.diariosur.es\/pasarelaurbana\/wp-json\/wp\/v2\/tags?post=7369"}],"curies":[{"name":"wp","href":"https:\/\/api.w.org\/{rel}","templated":true}]}}