{"id":7378,"date":"2014-08-02T00:17:12","date_gmt":"2014-08-01T22:17:12","guid":{"rendered":"http:\/\/blogs.diariosur.es\/pasarelaurbana\/?p=7378"},"modified":"2014-08-02T00:17:12","modified_gmt":"2014-08-01T22:17:12","slug":"los-mejores-looks-malaguenos-en-instagram","status":"publish","type":"post","link":"https:\/\/blogs.diariosur.es\/pasarelaurbana\/2014\/08\/02\/los-mejores-looks-malaguenos-en-instagram\/","title":{"rendered":"Los mejores looks malague\u00f1os en Instagram"},"content":{"rendered":"<p style=\"text-align: center;\">Instagram se ha convertido por m\u00e9ritos propios en la red social preferida por las fashionistas. Y las bloggers malague\u00f1as no dejan escapar la oportunidad de mostrar sus propuestas en el gran escaparate que ofrece esta red social, donde lo que manda es la imagen. A diario, a modo de ritual, suben a esta plataforma sus mejores \u2018outfits\u2019, que sirven de inspiraci\u00f3n cotidiana a sus miles de seguidores. \u00bfLa que m\u00e1s acumula? Ver\u00f3nica D\u00edaz, autora del blog \u2018Just Coco\u2019. Esta malague\u00f1a de 25 a\u00f1os -con un estilo fresco, juvenil y rom\u00e1ntico muy apegado a las tendencias- puede presumir de sumar la friolera de 17.000 \u2018followers\u2019. \u00bfEntre sus\u00a0 apuestas para combatir el calor del verano? Un estiloso top de flecos que marida con shorts vaqueros rotos -clave esta temporada- y bolso plata con piedras de inspiraci\u00f3n azteca. El \u2018denim\u2019 centra tambi\u00e9n la elecci\u00f3n de Jennifer Urbano, de \u2018Divina se Nace\u2019. En su caso recurre al que es el corte estrella de este est\u00edo: el talle alto, que combinado con camisa joya y gafas de pasta \u2018oversize\u2019 dan un resultado de sobresaliente. Otra propuesta sencilla y ponible ideal para lidiar con las altas temperaturas. \u00a1Seguro que sus 8.000 seguidores habr\u00e1n tomado nota! M\u00e1s sugerencias para copiar: la de Andrea Zambrana (que arriesga y gana con una atrevida mezcla de estampados de rayas y flores), y la de Laura S\u00e1nchez, que opta por un c\u00f3modo peto con camiseta y sandalias de taconazo. Los vestidos son otro cl\u00e1sico que no falla estos meses. Ideal el de lunares de Roc\u00edo Mart\u00edn, con complementos en fucsia, y el largo de flores de Lidia Moreno. Os dejo con sus looks al detalle, \u00a1espero qu\u00e9 os sirva de inspiraci\u00f3n y os animo a seguirlas! \u00a1Feliz fin de semana!<\/p>\n<p style=\"text-align: center;\"><a href=\"\/pasarelaurbana\/wp-content\/uploads\/sites\/49\/2014\/08\/combo-instagram.jpg\"><img loading=\"lazy\" class=\"aligncenter size-full wp-image-7385\" title=\"combo-instagram\" src=\"\/pasarelaurbana\/wp-content\/uploads\/sites\/49\/2014\/08\/combo-instagram.jpg\" alt=\"\" width=\"600\" height=\"600\" srcset=\"https:\/\/static-blogs.diariosur.es\/wp-content\/uploads\/sites\/49\/2014\/08\/combo-instagram.jpg 600w, https:\/\/static-blogs.diariosur.es\/wp-content\/uploads\/sites\/49\/2014\/08\/combo-instagram-150x150.jpg 150w, https:\/\/static-blogs.diariosur.es\/wp-content\/uploads\/sites\/49\/2014\/08\/combo-instagram-300x300.jpg 300w\" sizes=\"(max-width: 600px) 100vw, 600px\" \/><\/a><!--more--><\/p>\n<p><a href=\"\/pasarelaurbana\/wp-content\/uploads\/sites\/49\"><img loading=\"lazy\" class=\"aligncenter  wp-image-7379\" title=\"1\" src=\"\/pasarelaurbana\/wp-content\/uploads\/sites\/49\" alt=\"\" width=\"600\" height=\"834\" \/><\/a><\/p>\n<p style=\"text-align: center;\">Los flecos son un \u2018must\u2019 de esta temporada. <strong>Ver\u00f3nica D\u00edaz<\/strong>, de Just Coco, los luce en un precioso top, con shorts y bolso de inspiraci\u00f3n azteca.<\/p>\n<p style=\"text-align: center;\"><a href=\"\/pasarelaurbana\/wp-content\/uploads\/sites\/49\"><img loading=\"lazy\" class=\"aligncenter  wp-image-7380\" title=\"2\" src=\"\/pasarelaurbana\/wp-content\/uploads\/sites\/49\" alt=\"\" width=\"600\" height=\"841\" \/><\/a><\/p>\n<p style=\"text-align: center;\">Los vaqueros de talle alto son el nuevo objeto de deseo de las fashionistas.<strong> Jennifer Urbano<\/strong> los combina con camisa joya y gafas \u2018oversize\u2019.<\/p>\n<p style=\"text-align: center;\"><a href=\"\/pasarelaurbana\/wp-content\/uploads\/sites\/49\"><img loading=\"lazy\" class=\"aligncenter size-full wp-image-7381\" title=\"3\" src=\"\/pasarelaurbana\/wp-content\/uploads\/sites\/49\" alt=\"\" width=\"600\" height=\"816\" \/><\/a><\/p>\n<p style=\"text-align: center;\"><strong>Roc\u00edo Mart\u00edn<\/strong>, blogger malague\u00f1a y directora de Stylelovely, con vestido de lunares y bolso bandolera rosa. Un maridaje perfecto para estos meses de calor.<\/p>\n<p style=\"text-align: center;\"><a href=\"\/pasarelaurbana\/wp-content\/uploads\/sites\/49\"><img loading=\"lazy\" class=\"aligncenter size-full wp-image-7382\" title=\"4\" src=\"\/pasarelaurbana\/wp-content\/uploads\/sites\/49\" alt=\"\" width=\"600\" height=\"882\" \/><\/a><\/p>\n<p style=\"text-align: center;\"><strong>Andrea Zambrana<\/strong> acierta con una arriesgada mezcla de estampados que funciona: rayas y flores. De sobresaliente su propuesta de \u2018outfit\u2019 veraniego, rematado con deportivas Converse y bolso blanco tipo Chanel.\u00a1Para copiar!<\/p>\n<p style=\"text-align: center;\"><a href=\"\/pasarelaurbana\/wp-content\/uploads\/sites\/49\"><img loading=\"lazy\" class=\"aligncenter size-full wp-image-7383\" title=\"5\" src=\"\/pasarelaurbana\/wp-content\/uploads\/sites\/49\" alt=\"\" width=\"600\" height=\"882\" \/><\/a><\/p>\n<p style=\"text-align: center;\">Los vestidos largos de flores nunca fallan. <strong>Lidia Moreno<\/strong> lo lleva con brazalete dorado.<\/p>\n<p style=\"text-align: center;\"><a href=\"\/pasarelaurbana\/wp-content\/uploads\/sites\/49\"><img loading=\"lazy\" class=\"aligncenter size-full wp-image-7384\" title=\"6\" src=\"\/pasarelaurbana\/wp-content\/uploads\/sites\/49\" alt=\"\" width=\"600\" height=\"873\" \/><\/a><\/p>\n<p style=\"text-align: center;\">El peto vaquero se ha colado entre los imprescindibles de este est\u00edo. \u00bfC\u00f3mo llevarlo? Ficha la apuesta de la malague\u00f1a <strong>Laura S\u00e1nchez<\/strong> en Instagram: con camiseta y sandalias de taconazo. Un recogido alto pone la guinda.<\/p>\n","protected":false},"excerpt":{"rendered":"<p>Instagram se ha convertido por m\u00e9ritos propios en la red social preferida por las fashionistas. Y las bloggers malague\u00f1as no dejan escapar la oportunidad de mostrar sus propuestas en el gran escaparate que ofrece esta red social, donde lo que manda es la imagen. A diario, a modo de ritual, suben a esta plataforma sus [&hellip;]<\/p>\n","protected":false},"author":54,"featured_media":0,"comment_status":"open","ping_status":"open","sticky":false,"template":"","format":"standard","meta":[],"categories":[2],"tags":[],"_links":{"self":[{"href":"https:\/\/blogs.diariosur.es\/pasarelaurbana\/wp-json\/wp\/v2\/posts\/7378"}],"collection":[{"href":"https:\/\/blogs.diariosur.es\/pasarelaurbana\/wp-json\/wp\/v2\/posts"}],"about":[{"href":"https:\/\/blogs.diariosur.es\/pasarelaurbana\/wp-json\/wp\/v2\/types\/post"}],"author":[{"embeddable":true,"href":"https:\/\/blogs.diariosur.es\/pasarelaurbana\/wp-json\/wp\/v2\/users\/54"}],"replies":[{"embeddable":true,"href":"https:\/\/blogs.diariosur.es\/pasarelaurbana\/wp-json\/wp\/v2\/comments?post=7378"}],"version-history":[{"count":0,"href":"https:\/\/blogs.diariosur.es\/pasarelaurbana\/wp-json\/wp\/v2\/posts\/7378\/revisions"}],"wp:attachment":[{"href":"https:\/\/blogs.diariosur.es\/pasarelaurbana\/wp-json\/wp\/v2\/media?parent=7378"}],"wp:term":[{"taxonomy":"category","embeddable":true,"href":"https:\/\/blogs.diariosur.es\/pasarelaurbana\/wp-json\/wp\/v2\/categories?post=7378"},{"taxonomy":"post_tag","embeddable":true,"href":"https:\/\/blogs.diariosur.es\/pasarelaurbana\/wp-json\/wp\/v2\/tags?post=7378"}],"curies":[{"name":"wp","href":"https:\/\/api.w.org\/{rel}","templated":true}]}}