{"id":7386,"date":"2014-08-01T14:38:30","date_gmt":"2014-08-01T12:38:30","guid":{"rendered":"http:\/\/blogs.diariosur.es\/pasarelaurbana\/?p=7386"},"modified":"2014-08-01T14:38:30","modified_gmt":"2014-08-01T12:38:30","slug":"levis-desembarca-en-el-factory-outlet-malaga-con-descuentos-de-hasta-el-70","status":"publish","type":"post","link":"https:\/\/blogs.diariosur.es\/pasarelaurbana\/2014\/08\/01\/levis-desembarca-en-el-factory-outlet-malaga-con-descuentos-de-hasta-el-70\/","title":{"rendered":"Levi&#039;s desembarca en el Factory Outlet M\u00e1laga con descuentos de hasta el 70%"},"content":{"rendered":"<p style=\"text-align: center;\">Una buena noticia para los incondicionales a los vaqueros: El centro de ocio<strong> Factory Outlet <\/strong>(ubicado en el Parque Comercial M\u00e1laga Nostrum) estrena vecino. El complejo ha recibido estos d\u00edas a un nuevo inquilino. Se trata de la firma Levi&#8217;s, que inaugura tienda en el recinto malague\u00f1o con una suculenta carta de presentaci\u00f3n: ofrece descuentos de hasta el 70%. Una rebaja que como han anunciado desde la ense\u00f1a, se mantendr\u00e1 durante todo el a\u00f1o. Este nuevo operador enriquece la oferta comercial del Factory, donde tambi\u00e9n se pueden adquirir a precio de saldo prendas de El Corte Ingl\u00e9s, Desigual, Cortefiel, Mango, Adolfo Dom\u00ednguez, Amichi, Benetton, Blanco o Xti.<\/p>\n<p style=\"text-align: center;\">El complejo no solo ve &#8216;crecer&#8217; la familia, sino que -adem\u00e1s- se ha lanzado al ciberespacio con la creaci\u00f3n de una <a href=\"http:\/\/www.malaga-factory.com\/\" rel=\"external nofollow\">nueva p\u00e1gina web<\/a> desde donde ofrece desde informaci\u00f3n de utilidad para el visitante hasta las \u00faltimas noticias relacionadas con sus tiendas y sus actividades. \u00a1Espero que os haya sido \u00fatil la info! \u00a1Os espero <strong>ma\u00f1ana con un nuevo especial con el mejor &#8216;street style&#8217; malague\u00f1o<\/strong>! \u00a1Hasta entonces!<\/p>\n<p>&nbsp;<\/p>\n<p><a href=\"\/pasarelaurbana\/wp-content\/uploads\/sites\/49\/2014\/08\/factory.jpg\"><img loading=\"lazy\" class=\"aligncenter  wp-image-7387\" title=\"factory\" src=\"\/pasarelaurbana\/wp-content\/uploads\/sites\/49\/2014\/08\/factory.jpg\" alt=\"\" width=\"600\" height=\"390\" srcset=\"https:\/\/static-blogs.diariosur.es\/wp-content\/uploads\/sites\/49\/2014\/08\/factory.jpg 600w, https:\/\/static-blogs.diariosur.es\/wp-content\/uploads\/sites\/49\/2014\/08\/factory-300x195.jpg 300w\" sizes=\"(max-width: 600px) 100vw, 600px\" \/><\/a><\/p>\n","protected":false},"excerpt":{"rendered":"<p>Una buena noticia para los incondicionales a los vaqueros: El centro de ocio Factory Outlet (ubicado en el Parque Comercial M\u00e1laga Nostrum) estrena vecino. El complejo ha recibido estos d\u00edas a un nuevo inquilino. Se trata de la firma Levi&#8217;s, que inaugura tienda en el recinto malague\u00f1o con una suculenta carta de presentaci\u00f3n: ofrece descuentos [&hellip;]<\/p>\n","protected":false},"author":54,"featured_media":0,"comment_status":"open","ping_status":"open","sticky":false,"template":"","format":"standard","meta":[],"categories":[2],"tags":[],"_links":{"self":[{"href":"https:\/\/blogs.diariosur.es\/pasarelaurbana\/wp-json\/wp\/v2\/posts\/7386"}],"collection":[{"href":"https:\/\/blogs.diariosur.es\/pasarelaurbana\/wp-json\/wp\/v2\/posts"}],"about":[{"href":"https:\/\/blogs.diariosur.es\/pasarelaurbana\/wp-json\/wp\/v2\/types\/post"}],"author":[{"embeddable":true,"href":"https:\/\/blogs.diariosur.es\/pasarelaurbana\/wp-json\/wp\/v2\/users\/54"}],"replies":[{"embeddable":true,"href":"https:\/\/blogs.diariosur.es\/pasarelaurbana\/wp-json\/wp\/v2\/comments?post=7386"}],"version-history":[{"count":0,"href":"https:\/\/blogs.diariosur.es\/pasarelaurbana\/wp-json\/wp\/v2\/posts\/7386\/revisions"}],"wp:attachment":[{"href":"https:\/\/blogs.diariosur.es\/pasarelaurbana\/wp-json\/wp\/v2\/media?parent=7386"}],"wp:term":[{"taxonomy":"category","embeddable":true,"href":"https:\/\/blogs.diariosur.es\/pasarelaurbana\/wp-json\/wp\/v2\/categories?post=7386"},{"taxonomy":"post_tag","embeddable":true,"href":"https:\/\/blogs.diariosur.es\/pasarelaurbana\/wp-json\/wp\/v2\/tags?post=7386"}],"curies":[{"name":"wp","href":"https:\/\/api.w.org\/{rel}","templated":true}]}}