{"id":7391,"date":"2014-08-05T13:11:05","date_gmt":"2014-08-05T11:11:05","guid":{"rendered":"http:\/\/blogs.diariosur.es\/pasarelaurbana\/?p=7391"},"modified":"2014-08-05T13:11:05","modified_gmt":"2014-08-05T11:11:05","slug":"diez-gafas-de-sol-imprescindibles-este-verano","status":"publish","type":"post","link":"https:\/\/blogs.diariosur.es\/pasarelaurbana\/2014\/08\/05\/diez-gafas-de-sol-imprescindibles-este-verano\/","title":{"rendered":"Diez gafas de sol imprescindibles este verano"},"content":{"rendered":"<p style=\"text-align: center;\">\u00a1Buenas! Arrancamos una nueva semana. Y lo hacemos con el que es, en mi modesta opini\u00f3n, el complemento estrella de estos meses de verano. Hablo de las gafas de sol. En mi caso, imprescindible salir de casa con ellas. Esta temporada, adem\u00e1s, <strong>se han convertido en uno de los complementos protagonistas, capaces de transformar y coronar cualquier estilismo, por mi b\u00e1sico que sea.<\/strong> Se trata, pues de una buen\u00edsima inversi\u00f3n estival que dar\u00e1 el toque &#8216;trendy&#8217; a tu estilismo. Se llevan redondas, de ojos de gata -las denominadas cat eyes&#8217;- y de aires vintage -de las m\u00e1s codiciadas entre bloggers e it girls-. Los cristales, mejor ahumados o de espejo. Hasta<strong> la propia reina Letizia se ha rendido al efecto tornasolado<\/strong> y se ha dejado ver estos d\u00edas por Mallorca con un atrevido modelo con reflejos naranjas. Si a\u00fan no ten\u00e9is las vuestras o simplemente os apetece cambiarlas os dejo con una recopilaci\u00f3n de diez modelos de plena tendencia que he fichado navegando por la Red. Arrasan las de <strong>Mr Boho,<\/strong>\u00a0 un claro &#8216;must have&#8217; -a la venta, por ejemplo en Pinsapo Shoes-. Muy chulos los \u00faltimos modelos de<strong> Ray Ban o Marc Jacobs<\/strong>. \u00bfCon sello local? Las de madera de los malague\u00f1os <strong>Laveta<\/strong> o los nuevos dise\u00f1os de <strong>David Delf\u00edn.<\/strong> \u00bfUn objeto de deseo? Las que os muestro de Fendi, \u00a1un aut\u00e9ntico flechazo! Eso s\u00ed, solo para atrevidas. \u00bfMi \u00faltimo descubrimiento? Las de la firma <strong>Etnia Barcelona<\/strong> que me descubri\u00f3 mi gran amiga Inma y que quedan genial y estilos\u00edsimas. \u00a1Ya est\u00e1n en mi &#8216;wish list&#8217;<\/p>\n<p style=\"text-align: center;\">\u00a0 \u00a1Os dejo con ellas!\u00a1Os costar\u00e1 decidiros! \u00a1Hasta el jueves!<\/p>\n<p style=\"text-align: center;\"><a href=\"\/pasarelaurbana\/wp-content\/uploads\/sites\/49\/2014\/08\/montaje.jpg\"><img loading=\"lazy\" class=\"aligncenter  wp-image-7403\" title=\"montaje\" src=\"\/pasarelaurbana\/wp-content\/uploads\/sites\/49\/2014\/08\/montaje.jpg\" alt=\"\" width=\"600\" height=\"600\" srcset=\"https:\/\/static-blogs.diariosur.es\/wp-content\/uploads\/sites\/49\/2014\/08\/montaje.jpg 600w, https:\/\/static-blogs.diariosur.es\/wp-content\/uploads\/sites\/49\/2014\/08\/montaje-150x150.jpg 150w, https:\/\/static-blogs.diariosur.es\/wp-content\/uploads\/sites\/49\/2014\/08\/montaje-300x300.jpg 300w\" sizes=\"(max-width: 600px) 100vw, 600px\" \/><\/a><\/p>\n<p style=\"text-align: center;\"><!--more--><\/p>\n<p style=\"text-align: center;\"><a href=\"\/pasarelaurbana\/wp-content\/uploads\/sites\/49\/2014\/08\/asos.jpg\"><img loading=\"lazy\" class=\"aligncenter size-full wp-image-7393\" title=\"asos\" src=\"\/pasarelaurbana\/wp-content\/uploads\/sites\/49\/2014\/08\/asos.jpg\" alt=\"\" width=\"600\" height=\"766\" srcset=\"https:\/\/static-blogs.diariosur.es\/wp-content\/uploads\/sites\/49\/2014\/08\/asos.jpg 600w, https:\/\/static-blogs.diariosur.es\/wp-content\/uploads\/sites\/49\/2014\/08\/asos-235x300.jpg 235w\" sizes=\"(max-width: 600px) 100vw, 600px\" \/><\/a><\/p>\n<p style=\"text-align: center;\">De Asos<\/p>\n<p style=\"text-align: center;\"><a href=\"\/pasarelaurbana\/wp-content\/uploads\/sites\/49\/2014\/08\/mrboho.jpg\"><img loading=\"lazy\" class=\"aligncenter size-full wp-image-7401\" title=\"mrboho\" src=\"\/pasarelaurbana\/wp-content\/uploads\/sites\/49\/2014\/08\/mrboho.jpg\" alt=\"\" width=\"600\" height=\"358\" srcset=\"https:\/\/static-blogs.diariosur.es\/wp-content\/uploads\/sites\/49\/2014\/08\/mrboho.jpg 600w, https:\/\/static-blogs.diariosur.es\/wp-content\/uploads\/sites\/49\/2014\/08\/mrboho-300x179.jpg 300w\" sizes=\"(max-width: 600px) 100vw, 600px\" \/><\/a><\/p>\n<p style=\"text-align: center;\">Mr Boho<\/p>\n<p style=\"text-align: center;\"><a href=\"\/pasarelaurbana\/wp-content\/uploads\/sites\/49\/2014\/08\/marcjacons.jpg\"><img loading=\"lazy\" class=\"aligncenter size-full wp-image-7400\" title=\"marcjacons\" src=\"\/pasarelaurbana\/wp-content\/uploads\/sites\/49\/2014\/08\/marcjacons.jpg\" alt=\"\" width=\"600\" height=\"400\" srcset=\"https:\/\/static-blogs.diariosur.es\/wp-content\/uploads\/sites\/49\/2014\/08\/marcjacons.jpg 600w, https:\/\/static-blogs.diariosur.es\/wp-content\/uploads\/sites\/49\/2014\/08\/marcjacons-300x200.jpg 300w\" sizes=\"(max-width: 600px) 100vw, 600px\" \/><\/a><\/p>\n<p style=\"text-align: center;\">De Marc Jacobs<\/p>\n<p style=\"text-align: center;\"><a href=\"\/pasarelaurbana\/wp-content\/uploads\/sites\/49\/2014\/08\/rayban.jpg\"><img loading=\"lazy\" class=\"aligncenter size-full wp-image-7392\" title=\"rayban\" src=\"\/pasarelaurbana\/wp-content\/uploads\/sites\/49\/2014\/08\/rayban.jpg\" alt=\"\" width=\"600\" height=\"318\" srcset=\"https:\/\/static-blogs.diariosur.es\/wp-content\/uploads\/sites\/49\/2014\/08\/rayban.jpg 600w, https:\/\/static-blogs.diariosur.es\/wp-content\/uploads\/sites\/49\/2014\/08\/rayban-300x159.jpg 300w\" sizes=\"(max-width: 600px) 100vw, 600px\" \/><\/a><\/p>\n<p style=\"text-align: center;\">Ray Ban<\/p>\n<p style=\"text-align: center;\"><a href=\"\/pasarelaurbana\/wp-content\/uploads\/sites\/49\/2014\/08\/etnia.jpg\"><img loading=\"lazy\" class=\"aligncenter size-full wp-image-7394\" title=\"etnia\" src=\"\/pasarelaurbana\/wp-content\/uploads\/sites\/49\/2014\/08\/etnia.jpg\" alt=\"\" width=\"600\" height=\"330\" srcset=\"https:\/\/static-blogs.diariosur.es\/wp-content\/uploads\/sites\/49\/2014\/08\/etnia.jpg 600w, https:\/\/static-blogs.diariosur.es\/wp-content\/uploads\/sites\/49\/2014\/08\/etnia-300x165.jpg 300w\" sizes=\"(max-width: 600px) 100vw, 600px\" \/><\/a>Etnia Barcelona<\/p>\n<p style=\"text-align: center;\"><a href=\"\/pasarelaurbana\/wp-content\/uploads\/sites\/49\/2014\/08\/guessok.jpg\"><img loading=\"lazy\" class=\"aligncenter size-full wp-image-7402\" title=\"guessok\" src=\"\/pasarelaurbana\/wp-content\/uploads\/sites\/49\/2014\/08\/guessok.jpg\" alt=\"\" width=\"600\" height=\"400\" srcset=\"https:\/\/static-blogs.diariosur.es\/wp-content\/uploads\/sites\/49\/2014\/08\/guessok.jpg 600w, https:\/\/static-blogs.diariosur.es\/wp-content\/uploads\/sites\/49\/2014\/08\/guessok-300x200.jpg 300w\" sizes=\"(max-width: 600px) 100vw, 600px\" \/><\/a>De Guess<\/p>\n<p style=\"text-align: center;\"><a href=\"\/pasarelaurbana\/wp-content\/uploads\/sites\/49\/2014\/08\/laveta.jpg\"><img loading=\"lazy\" class=\"aligncenter size-full wp-image-7399\" title=\"laveta\" src=\"\/pasarelaurbana\/wp-content\/uploads\/sites\/49\/2014\/08\/laveta.jpg\" alt=\"\" width=\"600\" height=\"258\" srcset=\"https:\/\/static-blogs.diariosur.es\/wp-content\/uploads\/sites\/49\/2014\/08\/laveta.jpg 600w, https:\/\/static-blogs.diariosur.es\/wp-content\/uploads\/sites\/49\/2014\/08\/laveta-300x129.jpg 300w\" sizes=\"(max-width: 600px) 100vw, 600px\" \/><\/a><\/p>\n<p style=\"text-align: center;\">Modelo de madera de la firma malague\u00f1a Laveta<\/p>\n<p style=\"text-align: center;\"><a href=\"\/pasarelaurbana\/wp-content\/uploads\/sites\/49\/2014\/08\/fendiok.jpg\"><img loading=\"lazy\" class=\"aligncenter size-full wp-image-7404\" title=\"fendiok\" src=\"\/pasarelaurbana\/wp-content\/uploads\/sites\/49\/2014\/08\/fendiok.jpg\" alt=\"\" width=\"600\" height=\"400\" srcset=\"https:\/\/static-blogs.diariosur.es\/wp-content\/uploads\/sites\/49\/2014\/08\/fendiok.jpg 600w, https:\/\/static-blogs.diariosur.es\/wp-content\/uploads\/sites\/49\/2014\/08\/fendiok-300x200.jpg 300w\" sizes=\"(max-width: 600px) 100vw, 600px\" \/><\/a><\/p>\n<p style=\"text-align: center;\">Precioso modelo de Fendi<\/p>\n<p><a href=\"\/pasarelaurbana\/wp-content\/uploads\/sites\/49\/2014\/08\/gafasdelfin1.jpg\"><img loading=\"lazy\" class=\"aligncenter size-full wp-image-7405\" title=\"gafasdelfin\" src=\"\/pasarelaurbana\/wp-content\/uploads\/sites\/49\/2014\/08\/gafasdelfin1.jpg\" alt=\"\" width=\"600\" height=\"400\" srcset=\"https:\/\/static-blogs.diariosur.es\/wp-content\/uploads\/sites\/49\/2014\/08\/gafasdelfin1.jpg 600w, https:\/\/static-blogs.diariosur.es\/wp-content\/uploads\/sites\/49\/2014\/08\/gafasdelfin1-300x200.jpg 300w\" sizes=\"(max-width: 600px) 100vw, 600px\" \/><\/a><\/p>\n<p style=\"text-align: center;\">Con montura de motas en blanco y negro, de David Delf\u00edn<\/p>\n<p style=\"text-align: center;\"><a href=\"\/pasarelaurbana\/wp-content\/uploads\/sites\/49\/2014\/08\/gafasstella.jpg\"><img loading=\"lazy\" class=\"aligncenter size-full wp-image-7397\" title=\"gafasstella\" src=\"\/pasarelaurbana\/wp-content\/uploads\/sites\/49\/2014\/08\/gafasstella.jpg\" alt=\"\" width=\"600\" height=\"411\" srcset=\"https:\/\/static-blogs.diariosur.es\/wp-content\/uploads\/sites\/49\/2014\/08\/gafasstella.jpg 600w, https:\/\/static-blogs.diariosur.es\/wp-content\/uploads\/sites\/49\/2014\/08\/gafasstella-300x206.jpg 300w\" sizes=\"(max-width: 600px) 100vw, 600px\" \/><\/a>De Stella McCartney<\/p>\n<p style=\"text-align: center;\">Y vosotras, \u00bften\u00e9is ya las vuestras?<\/p>\n<p style=\"text-align: center;\"><a href=\"\/pasarelaurbana\/wp-content\/uploads\/sites\/49\/2014\/08\/leti.jpg\"><img loading=\"lazy\" class=\"aligncenter size-full wp-image-7406\" title=\"leti\" src=\"\/pasarelaurbana\/wp-content\/uploads\/sites\/49\/2014\/08\/leti.jpg\" alt=\"\" width=\"600\" height=\"379\" srcset=\"https:\/\/static-blogs.diariosur.es\/wp-content\/uploads\/sites\/49\/2014\/08\/leti.jpg 600w, https:\/\/static-blogs.diariosur.es\/wp-content\/uploads\/sites\/49\/2014\/08\/leti-300x190.jpg 300w\" sizes=\"(max-width: 600px) 100vw, 600px\" \/><\/a><\/p>\n","protected":false},"excerpt":{"rendered":"<p>\u00a1Buenas! Arrancamos una nueva semana. Y lo hacemos con el que es, en mi modesta opini\u00f3n, el complemento estrella de estos meses de verano. Hablo de las gafas de sol. En mi caso, imprescindible salir de casa con ellas. Esta temporada, adem\u00e1s, se han convertido en uno de los complementos protagonistas, capaces de transformar y [&hellip;]<\/p>\n","protected":false},"author":54,"featured_media":0,"comment_status":"open","ping_status":"open","sticky":false,"template":"","format":"standard","meta":[],"categories":[2],"tags":[],"_links":{"self":[{"href":"https:\/\/blogs.diariosur.es\/pasarelaurbana\/wp-json\/wp\/v2\/posts\/7391"}],"collection":[{"href":"https:\/\/blogs.diariosur.es\/pasarelaurbana\/wp-json\/wp\/v2\/posts"}],"about":[{"href":"https:\/\/blogs.diariosur.es\/pasarelaurbana\/wp-json\/wp\/v2\/types\/post"}],"author":[{"embeddable":true,"href":"https:\/\/blogs.diariosur.es\/pasarelaurbana\/wp-json\/wp\/v2\/users\/54"}],"replies":[{"embeddable":true,"href":"https:\/\/blogs.diariosur.es\/pasarelaurbana\/wp-json\/wp\/v2\/comments?post=7391"}],"version-history":[{"count":0,"href":"https:\/\/blogs.diariosur.es\/pasarelaurbana\/wp-json\/wp\/v2\/posts\/7391\/revisions"}],"wp:attachment":[{"href":"https:\/\/blogs.diariosur.es\/pasarelaurbana\/wp-json\/wp\/v2\/media?parent=7391"}],"wp:term":[{"taxonomy":"category","embeddable":true,"href":"https:\/\/blogs.diariosur.es\/pasarelaurbana\/wp-json\/wp\/v2\/categories?post=7391"},{"taxonomy":"post_tag","embeddable":true,"href":"https:\/\/blogs.diariosur.es\/pasarelaurbana\/wp-json\/wp\/v2\/tags?post=7391"}],"curies":[{"name":"wp","href":"https:\/\/api.w.org\/{rel}","templated":true}]}}