{"id":7408,"date":"2014-08-07T12:54:18","date_gmt":"2014-08-07T10:54:18","guid":{"rendered":"http:\/\/blogs.diariosur.es\/pasarelaurbana\/?p=7408"},"modified":"2014-08-07T12:54:18","modified_gmt":"2014-08-07T10:54:18","slug":"amarras-desembarca-en-malaga","status":"publish","type":"post","link":"https:\/\/blogs.diariosur.es\/pasarelaurbana\/2014\/08\/07\/amarras-desembarca-en-malaga\/","title":{"rendered":"Amarras desembarca en M\u00e1laga"},"content":{"rendered":"<p style=\"text-align: center;\">Nueva apertura en el Centro de M\u00e1laga. El ritmo fren\u00e9tico de desembarco de nuevas firmas en el coraz\u00f3n de la ciudad sigue imparable. \u00bfLa \u00faltima marca en poner sus miras en el entorno de la codiciada calle Larios es la marca espa\u00f1ola Amarras.<strong> El pr\u00f3ximo viernes estrenar\u00e1 espacio en la calle Mes\u00f3n de V\u00e9lez n\u00famero 6<\/strong>. La ense\u00f1a m\u00edtica de la d\u00e9cada de los 80 &#8211;<strong>famosa por su nudo marinero<\/strong>&#8211; se ha reinventado para adaptarse a los nuevos tiempos y ha logrado volver a hacerse un hueco entre las preferidas por los fashionistas. Su andadura comenz\u00f3 el 21 de diciembre de 1979 con la apertura de la que fue su primera tienda en la calle Lagasca de Madrid.<\/p>\n<p style=\"text-align: center;\">Aquel proyecto<strong> naci\u00f3 con vocaci\u00f3n de bazar de n\u00e1utica, hasta que su conocida camiseta -creada para patrocinar una regata de veleros-se convirti\u00f3 en un \u00e9xito de ventas,<\/strong> codiciado entre los amantes de la moda. Con m\u00e1s de una treintena de puntos de venta en Espa\u00f1a (tres de ellos situados en Andaluc\u00eda: en Tarifa, C\u00f3rdoba y Sotogrande) ahora Amarras recala en la capital, donde podr\u00e1n adquirirse sus citadas camisetas, sudaderas, polos, cazadoras, pantalones o ropa de ba\u00f1o, tanto en sus l\u00edneas de hombre como de mujer o ni\u00f1o. Prendas de estilo &#8216;navy&#8217; con aires juveniles para los incondicionales al estilo &#8216;sporty chic&#8217;.<\/p>\n<p style=\"text-align: center;\">Os dejo con unas fotos de su \u00faltimo lookbook. \u00a1Os espero el s\u00e1bado con un nuevo especial de moda malague\u00f1a!<\/p>\n<p>&nbsp;<\/p>\n<p style=\"text-align: center;\"><a href=\"\/pasarelaurbana\/wp-content\/uploads\/sites\/49\/2014\/08\/amarrasdos.jpg\"><img loading=\"lazy\" class=\"aligncenter size-full wp-image-7410\" title=\"amarrasdos\" src=\"\/pasarelaurbana\/wp-content\/uploads\/sites\/49\/2014\/08\/amarrasdos.jpg\" alt=\"\" width=\"600\" height=\"397\" srcset=\"https:\/\/static-blogs.diariosur.es\/wp-content\/uploads\/sites\/49\/2014\/08\/amarrasdos.jpg 600w, https:\/\/static-blogs.diariosur.es\/wp-content\/uploads\/sites\/49\/2014\/08\/amarrasdos-300x199.jpg 300w\" sizes=\"(max-width: 600px) 100vw, 600px\" \/><\/a><!--more--><a href=\"\/pasarelaurbana\/wp-content\/uploads\/sites\/49\/2014\/08\/amarrasuno.jpg\"><img loading=\"lazy\" class=\"aligncenter size-full wp-image-7412\" title=\"amarrasuno\" src=\"\/pasarelaurbana\/wp-content\/uploads\/sites\/49\/2014\/08\/amarrasuno.jpg\" alt=\"\" width=\"600\" height=\"391\" srcset=\"https:\/\/static-blogs.diariosur.es\/wp-content\/uploads\/sites\/49\/2014\/08\/amarrasuno.jpg 600w, https:\/\/static-blogs.diariosur.es\/wp-content\/uploads\/sites\/49\/2014\/08\/amarrasuno-300x196.jpg 300w\" sizes=\"(max-width: 600px) 100vw, 600px\" \/><\/a><\/p>\n<p style=\"text-align: center;\"><a href=\"\/pasarelaurbana\/wp-content\/uploads\/sites\/49\/2014\/08\/amarrascuatro.jpg\"><img loading=\"lazy\" class=\"aligncenter size-full wp-image-7409\" title=\"amarrascuatro\" src=\"\/pasarelaurbana\/wp-content\/uploads\/sites\/49\/2014\/08\/amarrascuatro.jpg\" alt=\"\" width=\"600\" height=\"900\" srcset=\"https:\/\/static-blogs.diariosur.es\/wp-content\/uploads\/sites\/49\/2014\/08\/amarrascuatro.jpg 600w, https:\/\/static-blogs.diariosur.es\/wp-content\/uploads\/sites\/49\/2014\/08\/amarrascuatro-200x300.jpg 200w\" sizes=\"(max-width: 600px) 100vw, 600px\" \/><\/a><\/p>\n<p style=\"text-align: center;\"><a href=\"\/pasarelaurbana\/wp-content\/uploads\/sites\/49\/2014\/08\/amarrastres.jpg\"><img loading=\"lazy\" class=\"aligncenter size-full wp-image-7411\" title=\"amarrastres\" src=\"\/pasarelaurbana\/wp-content\/uploads\/sites\/49\/2014\/08\/amarrastres.jpg\" alt=\"\" width=\"600\" height=\"400\" srcset=\"https:\/\/static-blogs.diariosur.es\/wp-content\/uploads\/sites\/49\/2014\/08\/amarrastres.jpg 600w, https:\/\/static-blogs.diariosur.es\/wp-content\/uploads\/sites\/49\/2014\/08\/amarrastres-300x200.jpg 300w\" sizes=\"(max-width: 600px) 100vw, 600px\" \/><\/a><\/p>\n<p style=\"text-align: center;\"><strong><br \/>\n<\/strong><\/p>\n","protected":false},"excerpt":{"rendered":"<p>Nueva apertura en el Centro de M\u00e1laga. El ritmo fren\u00e9tico de desembarco de nuevas firmas en el coraz\u00f3n de la ciudad sigue imparable. \u00bfLa \u00faltima marca en poner sus miras en el entorno de la codiciada calle Larios es la marca espa\u00f1ola Amarras. El pr\u00f3ximo viernes estrenar\u00e1 espacio en la calle Mes\u00f3n de V\u00e9lez n\u00famero [&hellip;]<\/p>\n","protected":false},"author":54,"featured_media":0,"comment_status":"open","ping_status":"open","sticky":false,"template":"","format":"standard","meta":[],"categories":[2],"tags":[],"_links":{"self":[{"href":"https:\/\/blogs.diariosur.es\/pasarelaurbana\/wp-json\/wp\/v2\/posts\/7408"}],"collection":[{"href":"https:\/\/blogs.diariosur.es\/pasarelaurbana\/wp-json\/wp\/v2\/posts"}],"about":[{"href":"https:\/\/blogs.diariosur.es\/pasarelaurbana\/wp-json\/wp\/v2\/types\/post"}],"author":[{"embeddable":true,"href":"https:\/\/blogs.diariosur.es\/pasarelaurbana\/wp-json\/wp\/v2\/users\/54"}],"replies":[{"embeddable":true,"href":"https:\/\/blogs.diariosur.es\/pasarelaurbana\/wp-json\/wp\/v2\/comments?post=7408"}],"version-history":[{"count":0,"href":"https:\/\/blogs.diariosur.es\/pasarelaurbana\/wp-json\/wp\/v2\/posts\/7408\/revisions"}],"wp:attachment":[{"href":"https:\/\/blogs.diariosur.es\/pasarelaurbana\/wp-json\/wp\/v2\/media?parent=7408"}],"wp:term":[{"taxonomy":"category","embeddable":true,"href":"https:\/\/blogs.diariosur.es\/pasarelaurbana\/wp-json\/wp\/v2\/categories?post=7408"},{"taxonomy":"post_tag","embeddable":true,"href":"https:\/\/blogs.diariosur.es\/pasarelaurbana\/wp-json\/wp\/v2\/tags?post=7408"}],"curies":[{"name":"wp","href":"https:\/\/api.w.org\/{rel}","templated":true}]}}