{"id":7414,"date":"2014-08-09T09:55:55","date_gmt":"2014-08-09T07:55:55","guid":{"rendered":"http:\/\/blogs.diariosur.es\/pasarelaurbana\/?p=7414"},"modified":"2014-08-09T09:55:55","modified_gmt":"2014-08-09T07:55:55","slug":"basicos-de-agosto-con-sello-malagueno","status":"publish","type":"post","link":"https:\/\/blogs.diariosur.es\/pasarelaurbana\/2014\/08\/09\/basicos-de-agosto-con-sello-malagueno\/","title":{"rendered":"B\u00e1sicos de agosto con sello malague\u00f1o"},"content":{"rendered":"<p style=\"text-align: center;\">Amar\u00e1s los flecos, reinventar\u00e1s el incombustible estilo marinero, santificar\u00e1s los capazos de playa, lucir\u00e1s unas gafas de sol atrevidas, no saldr\u00e1s de paseo sin un clutch \u00e9tnico&#8230;En materia de moda, agosto trae consigo una serie de mandamientos \u2018trendy\u2019 que a estas alturas del calendario rigen la pasarela urbana. Normas no escritas que se imponen en el \u2018street style\u2019 y que se han convertido en la biblia de toda fashionista que se precie. Las firmas malague\u00f1as no son ajenas a todas estas tendencias que arrasan al cobijo del binomio sol y playa -el gran triunfador del que es el mes de vacaciones por excelencia- y ya han mostrados sus cartas para la presente temporada estival.<br \/>\nPara los looks de d\u00eda, el \u2018navy\u2019 vuelve a colarse (un verano m\u00e1s, y ya van muchos) entre los imprescindibles en los armarios. Caracolas, estrellas de mar, caballitos, estampados a rayas, combinaciones crom\u00e1ticas en rojo y azul&#8230; los ingredientes van al gusto del consumidor. La firma malague\u00f1a Flumen y Pepe se rinde al estilo \u2018sailor\u2019 con una l\u00ednea de camisetas con anclas. \u00a1Preciosas las de lunares! Perfectas para llevar con shorts vaqueros gastados, tipo lenceros (me gustan los de la nueva colecci\u00f3n de Thirty 30) o con faldas de talle alto. \u00bfEn busca de un collar para realzar un \u2018outfit\u2019 b\u00e1sico? \u00a1Pues ficha los collares con \u2018charms\u2019 marinos de \u2018No me llames mu\u00f1eca\u2019! Dise\u00f1os de aires vintage tambi\u00e9n \u2018made in M\u00e1laga\u2019.<br \/>\n\u00bfQue el plan pasa por disfrutar de un d\u00eda de playa? En este caso lo m\u00e1s \u2018in\u2019 es elegir uno de los capazos te\u00f1idos de Stella Rittwagen -los favoritos de las celebrities- con gafas de sol artesanales de madera de los malague\u00f1os Laveta. Al caer el sol, para dar un paseo a la luz de la luna y salir a cenar, una t\u00fanica con remates de flecos (a la venta en \u00d3palo) acompa\u00f1ada de clutch \u00e9tnico (complemento clave estos d\u00edas) de Eme Ele es una apuesta segura.<\/p>\n<p style=\"text-align: center;\">\u00a1Espero que os guste la selecci\u00f3n y, lo m\u00e1s importante, que apost\u00e9is por el dise\u00f1o local!<\/p>\n<p style=\"text-align: center;\">\u00a1Feliz fin de semana!<\/p>\n<p style=\"text-align: center;\"><a href=\"\/pasarelaurbana\/wp-content\/uploads\/sites\/49\/2014\/08\/montaje1.jpg\"><img loading=\"lazy\" class=\"aligncenter size-full wp-image-7415\" title=\"montaje\" src=\"\/pasarelaurbana\/wp-content\/uploads\/sites\/49\/2014\/08\/montaje1.jpg\" alt=\"\" width=\"600\" height=\"600\" srcset=\"https:\/\/static-blogs.diariosur.es\/wp-content\/uploads\/sites\/49\/2014\/08\/montaje1.jpg 600w, https:\/\/static-blogs.diariosur.es\/wp-content\/uploads\/sites\/49\/2014\/08\/montaje1-150x150.jpg 150w, https:\/\/static-blogs.diariosur.es\/wp-content\/uploads\/sites\/49\/2014\/08\/montaje1-300x300.jpg 300w\" sizes=\"(max-width: 600px) 100vw, 600px\" \/><\/a><!--more--><a href=\"\/pasarelaurbana\/wp-content\/uploads\/sites\/49\/2014\/08\/11.jpg\"><img loading=\"lazy\" class=\"aligncenter size-full wp-image-7417\" title=\"1\" src=\"\/pasarelaurbana\/wp-content\/uploads\/sites\/49\/2014\/08\/11.jpg\" alt=\"\" width=\"600\" height=\"600\" srcset=\"https:\/\/static-blogs.diariosur.es\/wp-content\/uploads\/sites\/49\/2014\/08\/11.jpg 600w, https:\/\/static-blogs.diariosur.es\/wp-content\/uploads\/sites\/49\/2014\/08\/11-150x150.jpg 150w, https:\/\/static-blogs.diariosur.es\/wp-content\/uploads\/sites\/49\/2014\/08\/11-300x300.jpg 300w\" sizes=\"(max-width: 600px) 100vw, 600px\" \/><\/a><\/p>\n<p style=\"text-align: center;\">El estilo \u2018navy\u2019 es un cl\u00e1sico que se reinventa cada temporada estival. La firma local de camisetas<strong> Flumen y Pepe<\/strong> hace su peculiar gui\u00f1o a la tendencia marinera con este divertido modelo gris con ancla de lunares. Disponible en su tienda \u2018on line\u2019: <a href=\"flumenypepe.com\">flumenypepe.com<\/a>. \u00a1Comb\u00ednala con shorts vaqueros de talle alto!<\/p>\n<p style=\"text-align: center;\"><a href=\"\/pasarelaurbana\/wp-content\/uploads\/sites\/49\/2014\/08\/21.jpg\"><img loading=\"lazy\" class=\"aligncenter  wp-image-7418\" title=\"2\" src=\"\/pasarelaurbana\/wp-content\/uploads\/sites\/49\/2014\/08\/21.jpg\" alt=\"\" width=\"600\" height=\"600\" srcset=\"https:\/\/static-blogs.diariosur.es\/wp-content\/uploads\/sites\/49\/2014\/08\/21.jpg 600w, https:\/\/static-blogs.diariosur.es\/wp-content\/uploads\/sites\/49\/2014\/08\/21-150x150.jpg 150w, https:\/\/static-blogs.diariosur.es\/wp-content\/uploads\/sites\/49\/2014\/08\/21-300x300.jpg 300w\" sizes=\"(max-width: 600px) 100vw, 600px\" \/><\/a><\/p>\n<p style=\"text-align: center;\">Los capazos te\u00f1idos de colores de la firma malague\u00f1a <strong><a href=\"http:\/\/www.stellarittwagen.com\/es\/\" rel=\"external nofollow\">Stella Rittwagen<\/a><\/strong> se han convertido en los preferidos por las celebrities. Perfectos para ir a la playa estos d\u00edas marcando tendencia.<\/p>\n<p style=\"text-align: center;\"><a href=\"\/pasarelaurbana\/wp-content\/uploads\/sites\/49\/2014\/08\/31.jpg\"><img loading=\"lazy\" class=\"aligncenter size-full wp-image-7419\" title=\"3\" src=\"\/pasarelaurbana\/wp-content\/uploads\/sites\/49\/2014\/08\/31.jpg\" alt=\"\" width=\"600\" height=\"450\" srcset=\"https:\/\/static-blogs.diariosur.es\/wp-content\/uploads\/sites\/49\/2014\/08\/31.jpg 600w, https:\/\/static-blogs.diariosur.es\/wp-content\/uploads\/sites\/49\/2014\/08\/31-300x225.jpg 300w\" sizes=\"(max-width: 600px) 100vw, 600px\" \/><\/a><\/p>\n<p style=\"text-align: center;\">Los clutches \u00e9tnicos son el complemento m\u00e1s codiciado. \u00a1Ficha los de la firma malague\u00f1a Eme Ele! En <a href=\"www.eme-ele.com\">www.eme-ele.com<\/a><\/p>\n<p style=\"text-align: center;\"><a href=\"\/pasarelaurbana\/wp-content\/uploads\/sites\/49\/2014\/08\/41.jpg\"><img loading=\"lazy\" class=\"aligncenter size-full wp-image-7420\" title=\"4\" src=\"\/pasarelaurbana\/wp-content\/uploads\/sites\/49\/2014\/08\/41.jpg\" alt=\"\" width=\"600\" height=\"478\" srcset=\"https:\/\/static-blogs.diariosur.es\/wp-content\/uploads\/sites\/49\/2014\/08\/41.jpg 600w, https:\/\/static-blogs.diariosur.es\/wp-content\/uploads\/sites\/49\/2014\/08\/41-300x239.jpg 300w\" sizes=\"(max-width: 600px) 100vw, 600px\" \/><\/a><\/p>\n<p style=\"text-align: center;\">Estrellas de mar, caballitos y anclas son los protagonistas de este collar tan veraniego de la marca malague\u00f1a<strong><a href=\"https:\/\/www.facebook.com\/pages\/No-me-llames-mu%C3%B1eca\/126552460800488\" rel=\"external nofollow\"> \u2018No me llames mu\u00f1eca\u2019<\/a>.<\/strong><\/p>\n<p style=\"text-align: center;\"><a href=\"\/pasarelaurbana\/wp-content\/uploads\/sites\/49\/2014\/08\/51.jpg\"><img loading=\"lazy\" class=\"aligncenter size-full wp-image-7421\" title=\"5\" src=\"\/pasarelaurbana\/wp-content\/uploads\/sites\/49\/2014\/08\/51.jpg\" alt=\"\" width=\"600\" height=\"258\" srcset=\"https:\/\/static-blogs.diariosur.es\/wp-content\/uploads\/sites\/49\/2014\/08\/51.jpg 600w, https:\/\/static-blogs.diariosur.es\/wp-content\/uploads\/sites\/49\/2014\/08\/51-300x129.jpg 300w\" sizes=\"(max-width: 600px) 100vw, 600px\" \/><\/a><\/p>\n<p style=\"text-align: center;\">\u00a0Las gafas artesanales de <a href=\"http:\/\/www.lavetaeyewear.com\/\" rel=\"external nofollow\">Laveta<\/a> dar\u00e1n el toque chic a cualquier look estival. Piezas \u00fanicas hechas a partir de maderas macizas seleccionadas.<\/p>\n<p style=\"text-align: center;\"><a href=\"\/pasarelaurbana\/wp-content\/uploads\/sites\/49\/2014\/08\/61.jpg\"><img loading=\"lazy\" class=\"aligncenter size-full wp-image-7422\" title=\"6\" src=\"\/pasarelaurbana\/wp-content\/uploads\/sites\/49\/2014\/08\/61.jpg\" alt=\"\" width=\"600\" height=\"886\" srcset=\"https:\/\/static-blogs.diariosur.es\/wp-content\/uploads\/sites\/49\/2014\/08\/61.jpg 600w, https:\/\/static-blogs.diariosur.es\/wp-content\/uploads\/sites\/49\/2014\/08\/61-203x300.jpg 203w\" sizes=\"(max-width: 600px) 100vw, 600px\" \/><\/a><\/p>\n<p style=\"text-align: center;\">\u00bfUn \u2018outfit\u2019 c\u00f3modo y estiloso para una noche de verano? Ideales los vestidos t\u00fanica con remates de flecos de la boutique <strong><a href=\"https:\/\/www.facebook.com\/pages\/Opalo-M%C3%A1laga\/219605138059218\" rel=\"external nofollow\">\u00d3palo<\/a><\/strong>. Sofisticados y con un aire retro.<\/p>\n<p style=\"text-align: center;\"><a href=\"\/pasarelaurbana\/wp-content\/uploads\/sites\/49\"><img loading=\"lazy\" class=\"aligncenter size-full wp-image-7416\" title=\"7\" src=\"\/pasarelaurbana\/wp-content\/uploads\/sites\/49\" alt=\"\" width=\"600\" height=\"800\" \/><\/a><\/p>\n<p style=\"text-align: center;\">Los shorts lenceros son un \u2018must have\u2019 de este verano. Precioso este modelo de la boutique malague\u00f1a <strong><a href=\"http:\/\/www.thirty30.es\/\" rel=\"external nofollow\">\u2018Thirty 30\u2019<\/a><\/strong> en negro con flores de liberty. Ideal con una blusa b\u00e1sica vaporosa o una simple camiseta.<\/p>\n<p style=\"text-align: center;\">\u00a1Qu\u00e9 disfrut\u00e9is del fin de semana!<\/p>\n","protected":false},"excerpt":{"rendered":"<p>Amar\u00e1s los flecos, reinventar\u00e1s el incombustible estilo marinero, santificar\u00e1s los capazos de playa, lucir\u00e1s unas gafas de sol atrevidas, no saldr\u00e1s de paseo sin un clutch \u00e9tnico&#8230;En materia de moda, agosto trae consigo una serie de mandamientos \u2018trendy\u2019 que a estas alturas del calendario rigen la pasarela urbana. Normas no escritas que se imponen en [&hellip;]<\/p>\n","protected":false},"author":54,"featured_media":0,"comment_status":"open","ping_status":"open","sticky":false,"template":"","format":"standard","meta":[],"categories":[2],"tags":[],"_links":{"self":[{"href":"https:\/\/blogs.diariosur.es\/pasarelaurbana\/wp-json\/wp\/v2\/posts\/7414"}],"collection":[{"href":"https:\/\/blogs.diariosur.es\/pasarelaurbana\/wp-json\/wp\/v2\/posts"}],"about":[{"href":"https:\/\/blogs.diariosur.es\/pasarelaurbana\/wp-json\/wp\/v2\/types\/post"}],"author":[{"embeddable":true,"href":"https:\/\/blogs.diariosur.es\/pasarelaurbana\/wp-json\/wp\/v2\/users\/54"}],"replies":[{"embeddable":true,"href":"https:\/\/blogs.diariosur.es\/pasarelaurbana\/wp-json\/wp\/v2\/comments?post=7414"}],"version-history":[{"count":0,"href":"https:\/\/blogs.diariosur.es\/pasarelaurbana\/wp-json\/wp\/v2\/posts\/7414\/revisions"}],"wp:attachment":[{"href":"https:\/\/blogs.diariosur.es\/pasarelaurbana\/wp-json\/wp\/v2\/media?parent=7414"}],"wp:term":[{"taxonomy":"category","embeddable":true,"href":"https:\/\/blogs.diariosur.es\/pasarelaurbana\/wp-json\/wp\/v2\/categories?post=7414"},{"taxonomy":"post_tag","embeddable":true,"href":"https:\/\/blogs.diariosur.es\/pasarelaurbana\/wp-json\/wp\/v2\/tags?post=7414"}],"curies":[{"name":"wp","href":"https:\/\/api.w.org\/{rel}","templated":true}]}}