{"id":7423,"date":"2014-08-11T16:00:19","date_gmt":"2014-08-11T14:00:19","guid":{"rendered":"http:\/\/blogs.diariosur.es\/pasarelaurbana\/?p=7423"},"modified":"2014-08-11T16:00:19","modified_gmt":"2014-08-11T14:00:19","slug":"panambi-desvela-en-marbella-su-nueva-coleccion-con-un-padrino-de-lujo-antonio-banderas","status":"publish","type":"post","link":"https:\/\/blogs.diariosur.es\/pasarelaurbana\/2014\/08\/11\/panambi-desvela-en-marbella-su-nueva-coleccion-con-un-padrino-de-lujo-antonio-banderas\/","title":{"rendered":"Panambi desvela en Marbella su nueva colecci\u00f3n con un padrino de lujo: Antonio Banderas"},"content":{"rendered":"<p style=\"text-align: center;\" title=\"Antonio Banderas\">La simpat\u00eda de Antonio Banderas\u00a0 desfil\u00f3 anoche por Marbella. Literalmente. El actor malague\u00f1o se convirti\u00f3, por m\u00e9ritos propios, en el gran protagonista del desfile de la firma andaluza <strong>Panambi<\/strong>, del que ejerci\u00f3 de padrino en un evento celebrado en el marco de actividades paralelas del<strong> Festival Starlite<\/strong>. Durante la cita,<strong> las dise\u00f1adoras sevillanas Angy y Lola subieron a pasarela su colecci\u00f3n oto\u00f1o-invierno y sus propuestas para novias<\/strong> arropadas por Banderas, que no solo cogi\u00f3 el micr\u00f3fono para presentar el acto, sino que estuvo totalmente entregado a la causa y no par\u00f3 de reir y de bailar demostrando que su nueva faceta de mecenas (tambi\u00e9n ha anunciado que ayudar\u00e1 a unos j\u00f3venes que hacen cerveza artesanal en M\u00e1laga) le viene como anillo al dedo.<\/p>\n<p style=\"text-align: center;\" title=\"Antonio Banderas\">Lola y Angy (que siempre han vivido este mundo muy de cerca, ya que su familia es due\u00f1a de la firma de moda y complementos El Caballo)<strong> conocieron a Antonio Banderas en un acto de la fundaci\u00f3n<\/strong> que preside el actor, L\u00e1grimas y favores, y all\u00ed le presentaron su proyecto. El actor, que como ha declarado est\u00e1 decidido a &#8220;dejar huella&#8221; en su tierra no dud\u00f3 en apostar por estas j\u00f3venes emprendedoras a las que define como &#8220;dos ni\u00f1as locas, sevillanas que han montado una empresa, que le han echado mucho coraje a la crisis y han huido para delante, busc\u00e1ndose las cosquillas y trabajando a tope&#8221;. &#8220;Creo mucho en la creatividad que hay en mi tierra; que haya gente que se arriesgue, que se eche para delante y que genere empleo, hay que apoyarlo&#8221;, ha declarado (\u00a1para quitarse el sombrero!)<\/p>\n<p style=\"text-align: center;\">Panambi significa mariposa en Guaran\u00ed y los dise\u00f1os de esta <strong>firma sevillana<\/strong> apuestan por la creatividad y la innovaci\u00f3n. Banderas conf\u00eda en que esta empresa andaluza &#8220;pegue fuerte&#8221; por todo el mundo y que, &#8220;le den un palo a Armani&#8221;, brome\u00f3 sin aparcar su caracter\u00edstico sentido del humor.<\/p>\n<p style=\"text-align: center;\">La zona Lounge del Festival Starlite fue el escenario del desfile de la firma en Marbella, al que asistieron numerosas personalidades del mundo del espect\u00e1culo, el deporte y la moda como Helen Lindes, Sergio Scariolo y Raquel Revuelta (cuya escuela y agencia &#8216;Dobre Erre&#8217; puso las modelos a la cita), Fiona Ferrer, Raquel Rodr\u00edguez y Lara Dibildos (ambas vestidas de Panambi), V\u00edctor Puerto, acompa\u00f1ado de su mujer Noelia Margot\u00f3n y Sandra Garc\u00eda-Sanju\u00e1n, directora y fundadora de Starlite.<\/p>\n<p style=\"text-align: center;\"><strong>Sobre la pasarela, una colecci\u00f3n ESPECTACULAR<\/strong>, as\u00ed en may\u00fasculas. Personalmente me encantan los dise\u00f1os de Panambi. Son frescos, favorecedores y sencillos a la vez que s\u00faper estilosos demostrando eso de que menos es m\u00e1s es una regla de oro que nunca falla. En su nueva colecci\u00f3n <strong>vuelven a apostar por los cortes asim\u00e9tricos, el estilo barroco (\u00a0 presente en detalles dorados y tejidos brocados) por los monos, los tejidos vaporosos, las lentejuelas, las capas (uno de sus sellos), las camisas con volumen en los hombros o sus caracter\u00edsticos cinturones joya<\/strong>, imprescindibles para rematar cualquier look. Lo dicho, si no conoc\u00e9is esta marca andaluza os animo a hacerlo y a visitar<a href=\"http:\/\/www.panambicollection.com\/\" rel=\"external nofollow\"><strong> su web<\/strong><\/a>, donde pod\u00e9is echarle un ojo a todas sus propuestas. \u00a1Os dejo con unas fotos del desfile de anoche en Marbella! \u00a1Y no os perd\u00e1is el v\u00eddeo al final del post de Banderas bailando sobre la pasarela!<\/p>\n<p><a href=\"\/pasarelaurbana\/wp-content\/uploads\/sites\/49\/2014\/08\/22.jpg\"><img loading=\"lazy\" class=\"aligncenter size-full wp-image-7426\" title=\"2\" src=\"\/pasarelaurbana\/wp-content\/uploads\/sites\/49\/2014\/08\/22.jpg\" alt=\"\" width=\"600\" height=\"400\" srcset=\"https:\/\/static-blogs.diariosur.es\/wp-content\/uploads\/sites\/49\/2014\/08\/22.jpg 600w, https:\/\/static-blogs.diariosur.es\/wp-content\/uploads\/sites\/49\/2014\/08\/22-300x200.jpg 300w\" sizes=\"(max-width: 600px) 100vw, 600px\" \/><\/a><!--more--><\/p>\n<p><a href=\"\/pasarelaurbana\/wp-content\/uploads\/sites\/49\/2014\/08\/32.jpg\"><img loading=\"lazy\" class=\"aligncenter size-full wp-image-7427\" title=\"3\" src=\"\/pasarelaurbana\/wp-content\/uploads\/sites\/49\/2014\/08\/32.jpg\" alt=\"\" width=\"600\" height=\"399\" srcset=\"https:\/\/static-blogs.diariosur.es\/wp-content\/uploads\/sites\/49\/2014\/08\/32.jpg 600w, https:\/\/static-blogs.diariosur.es\/wp-content\/uploads\/sites\/49\/2014\/08\/32-300x200.jpg 300w\" sizes=\"(max-width: 600px) 100vw, 600px\" \/><\/a><\/p>\n<p><a href=\"\/pasarelaurbana\/wp-content\/uploads\/sites\/49\/2014\/08\/14.jpg\"><img loading=\"lazy\" class=\"aligncenter size-full wp-image-7438\" title=\"14\" src=\"\/pasarelaurbana\/wp-content\/uploads\/sites\/49\/2014\/08\/14.jpg\" alt=\"\" width=\"600\" height=\"900\" srcset=\"https:\/\/static-blogs.diariosur.es\/wp-content\/uploads\/sites\/49\/2014\/08\/14.jpg 600w, https:\/\/static-blogs.diariosur.es\/wp-content\/uploads\/sites\/49\/2014\/08\/14-200x300.jpg 200w\" sizes=\"(max-width: 600px) 100vw, 600px\" \/><\/a><\/p>\n<p><a href=\"\/pasarelaurbana\/wp-content\/uploads\/sites\/49\/2014\/08\/42.jpg\"><img loading=\"lazy\" class=\"aligncenter size-full wp-image-7428\" title=\"4\" src=\"\/pasarelaurbana\/wp-content\/uploads\/sites\/49\/2014\/08\/42.jpg\" alt=\"\" width=\"600\" height=\"902\" srcset=\"https:\/\/static-blogs.diariosur.es\/wp-content\/uploads\/sites\/49\/2014\/08\/42.jpg 600w, https:\/\/static-blogs.diariosur.es\/wp-content\/uploads\/sites\/49\/2014\/08\/42-200x300.jpg 200w\" sizes=\"(max-width: 600px) 100vw, 600px\" \/><\/a><\/p>\n<p><a href=\"\/pasarelaurbana\/wp-content\/uploads\/sites\/49\/2014\/08\/52.jpg\"><img loading=\"lazy\" class=\"aligncenter size-full wp-image-7429\" title=\"5\" src=\"\/pasarelaurbana\/wp-content\/uploads\/sites\/49\/2014\/08\/52.jpg\" alt=\"\" width=\"600\" height=\"900\" srcset=\"https:\/\/static-blogs.diariosur.es\/wp-content\/uploads\/sites\/49\/2014\/08\/52.jpg 600w, https:\/\/static-blogs.diariosur.es\/wp-content\/uploads\/sites\/49\/2014\/08\/52-200x300.jpg 200w\" sizes=\"(max-width: 600px) 100vw, 600px\" \/><\/a><\/p>\n<p><a href=\"\/pasarelaurbana\/wp-content\/uploads\/sites\/49\/2014\/08\/62.jpg\"><img loading=\"lazy\" class=\"aligncenter size-full wp-image-7430\" title=\"6\" src=\"\/pasarelaurbana\/wp-content\/uploads\/sites\/49\/2014\/08\/62.jpg\" alt=\"\" width=\"600\" height=\"900\" srcset=\"https:\/\/static-blogs.diariosur.es\/wp-content\/uploads\/sites\/49\/2014\/08\/62.jpg 600w, https:\/\/static-blogs.diariosur.es\/wp-content\/uploads\/sites\/49\/2014\/08\/62-200x300.jpg 200w\" sizes=\"(max-width: 600px) 100vw, 600px\" \/><\/a><\/p>\n<p><a href=\"\/pasarelaurbana\/wp-content\/uploads\/sites\/49\/2014\/08\/71.jpg\"><img loading=\"lazy\" class=\"aligncenter size-full wp-image-7431\" title=\"7\" src=\"\/pasarelaurbana\/wp-content\/uploads\/sites\/49\/2014\/08\/71.jpg\" alt=\"\" width=\"600\" height=\"900\" srcset=\"https:\/\/static-blogs.diariosur.es\/wp-content\/uploads\/sites\/49\/2014\/08\/71.jpg 600w, https:\/\/static-blogs.diariosur.es\/wp-content\/uploads\/sites\/49\/2014\/08\/71-200x300.jpg 200w\" sizes=\"(max-width: 600px) 100vw, 600px\" \/><\/a><\/p>\n<p><a href=\"\/pasarelaurbana\/wp-content\/uploads\/sites\/49\"><img loading=\"lazy\" class=\"aligncenter size-full wp-image-7432\" title=\"8\" src=\"\/pasarelaurbana\/wp-content\/uploads\/sites\/49\" alt=\"\" width=\"600\" height=\"900\" \/><\/a><\/p>\n<p><a href=\"\/pasarelaurbana\/wp-content\/uploads\/sites\/49\"><img loading=\"lazy\" class=\"aligncenter size-full wp-image-7433\" title=\"9\" src=\"\/pasarelaurbana\/wp-content\/uploads\/sites\/49\" alt=\"\" width=\"600\" height=\"900\" \/><\/a><\/p>\n<p><a href=\"\/pasarelaurbana\/wp-content\/uploads\/sites\/49\/2014\/08\/10.jpg\"><img loading=\"lazy\" class=\"aligncenter size-full wp-image-7434\" title=\"10\" src=\"\/pasarelaurbana\/wp-content\/uploads\/sites\/49\/2014\/08\/10.jpg\" alt=\"\" width=\"600\" height=\"900\" srcset=\"https:\/\/static-blogs.diariosur.es\/wp-content\/uploads\/sites\/49\/2014\/08\/10.jpg 600w, https:\/\/static-blogs.diariosur.es\/wp-content\/uploads\/sites\/49\/2014\/08\/10-200x300.jpg 200w\" sizes=\"(max-width: 600px) 100vw, 600px\" \/><\/a><\/p>\n<p><a href=\"\/pasarelaurbana\/wp-content\/uploads\/sites\/49\/2014\/08\/111.jpg\"><img loading=\"lazy\" class=\"aligncenter size-full wp-image-7435\" title=\"11\" src=\"\/pasarelaurbana\/wp-content\/uploads\/sites\/49\/2014\/08\/111.jpg\" alt=\"\" width=\"600\" height=\"900\" srcset=\"https:\/\/static-blogs.diariosur.es\/wp-content\/uploads\/sites\/49\/2014\/08\/111.jpg 600w, https:\/\/static-blogs.diariosur.es\/wp-content\/uploads\/sites\/49\/2014\/08\/111-200x300.jpg 200w\" sizes=\"(max-width: 600px) 100vw, 600px\" \/><\/a><\/p>\n<p><a href=\"\/pasarelaurbana\/wp-content\/uploads\/sites\/49\/2014\/08\/121.jpg\"><img loading=\"lazy\" class=\"aligncenter size-full wp-image-7436\" title=\"12\" src=\"\/pasarelaurbana\/wp-content\/uploads\/sites\/49\/2014\/08\/121.jpg\" alt=\"\" width=\"600\" height=\"400\" srcset=\"https:\/\/static-blogs.diariosur.es\/wp-content\/uploads\/sites\/49\/2014\/08\/121.jpg 600w, https:\/\/static-blogs.diariosur.es\/wp-content\/uploads\/sites\/49\/2014\/08\/121-300x200.jpg 300w\" sizes=\"(max-width: 600px) 100vw, 600px\" \/><\/a><\/p>\n<p><a href=\"\/pasarelaurbana\/wp-content\/uploads\/sites\/49\/2014\/08\/13.jpg\"><img loading=\"lazy\" class=\"aligncenter size-full wp-image-7437\" title=\"13\" src=\"\/pasarelaurbana\/wp-content\/uploads\/sites\/49\/2014\/08\/13.jpg\" alt=\"\" width=\"600\" height=\"900\" srcset=\"https:\/\/static-blogs.diariosur.es\/wp-content\/uploads\/sites\/49\/2014\/08\/13.jpg 600w, https:\/\/static-blogs.diariosur.es\/wp-content\/uploads\/sites\/49\/2014\/08\/13-200x300.jpg 200w\" sizes=\"(max-width: 600px) 100vw, 600px\" \/><\/a><\/p>\n<p><a href=\"\/pasarelaurbana\/wp-content\/uploads\/sites\/49\/2014\/08\/15.jpg\"><img loading=\"lazy\" class=\"aligncenter size-full wp-image-7439\" title=\"15\" src=\"\/pasarelaurbana\/wp-content\/uploads\/sites\/49\/2014\/08\/15.jpg\" alt=\"\" width=\"600\" height=\"400\" srcset=\"https:\/\/static-blogs.diariosur.es\/wp-content\/uploads\/sites\/49\/2014\/08\/15.jpg 600w, https:\/\/static-blogs.diariosur.es\/wp-content\/uploads\/sites\/49\/2014\/08\/15-300x200.jpg 300w\" sizes=\"(max-width: 600px) 100vw, 600px\" \/><\/a><\/p>\n<p><a href=\"\/pasarelaurbana\/wp-content\/uploads\/sites\/49\/2014\/08\/12.jpg\"><img loading=\"lazy\" class=\"aligncenter size-full wp-image-7425\" title=\"1\" src=\"\/pasarelaurbana\/wp-content\/uploads\/sites\/49\/2014\/08\/12.jpg\" alt=\"\" width=\"600\" height=\"399\" srcset=\"https:\/\/static-blogs.diariosur.es\/wp-content\/uploads\/sites\/49\/2014\/08\/12.jpg 600w, https:\/\/static-blogs.diariosur.es\/wp-content\/uploads\/sites\/49\/2014\/08\/12-300x200.jpg 300w\" sizes=\"(max-width: 600px) 100vw, 600px\" \/><\/a><\/p>\n<p><a href=\"\/pasarelaurbana\/wp-content\/uploads\/sites\/49\/2014\/08\/16.jpeg\"><img loading=\"lazy\" class=\"aligncenter size-full wp-image-7424\" title=\"16\" src=\"\/pasarelaurbana\/wp-content\/uploads\/sites\/49\/2014\/08\/16.jpeg\" alt=\"\" width=\"600\" height=\"450\" srcset=\"https:\/\/static-blogs.diariosur.es\/wp-content\/uploads\/sites\/49\/2014\/08\/16.jpeg 600w, https:\/\/static-blogs.diariosur.es\/wp-content\/uploads\/sites\/49\/2014\/08\/16-300x225.jpeg 300w\" sizes=\"(max-width: 600px) 100vw, 600px\" \/><\/a><\/p>\n<p><object id=\"flashObj\" width=\"590\" height=\"336\" classid=\"clsid:d27cdb6e-ae6d-11cf-96b8-444553540000\" codebase=\"http:\/\/download.macromedia.com\/pub\/shockwave\/cabs\/flash\/swflash.cab#version=6,0,40,0\"><param name=\"flashVars\" value=\"@videoPlayer=3724839008001&#038;playerID=676510367001&#038;playerKey=AQ~~,AAAAE_Nrlok~,_Cvi-4rvLA6X--B7PPDC_4gZVVejhp2P&#038;domain=embed&#038;dynamicStreaming=true\" \/><param name=\"base\" value=\"http:\/\/admin.brightcove.com\" \/><param name=\"seamlesstabbing\" value=\"false\" \/><param name=\"allowFullScreen\" value=\"true\" \/><param name=\"swLiveConnect\" value=\"true\" \/><param name=\"allowScriptAccess\" value=\"always\" \/><param name=\"src\" value=\"http:\/\/c.brightcove.com\/services\/viewer\/federated_f9?isVid=1&#038;isUI=1\" \/><param name=\"flashvars\" value=\"@videoPlayer=3724839008001&#038;playerID=676510367001&#038;playerKey=AQ~~,AAAAE_Nrlok~,_Cvi-4rvLA6X--B7PPDC_4gZVVejhp2P&#038;domain=embed&#038;dynamicStreaming=true\" \/><param name=\"allowfullscreen\" value=\"true\" \/><param name=\"allowscriptaccess\" value=\"always\" \/><param name=\"swliveconnect\" value=\"true\" \/><param name=\"pluginspage\" value=\"http:\/\/www.macromedia.com\/shockwave\/download\/index.cgi?P1_Prod_Version=ShockwaveFlash\" \/><embed id=\"flashObj\" width=\"590\" height=\"336\" type=\"application\/x-shockwave-flash\" src=\"\/\/c.brightcove.com\/services\/viewer\/federated_f9?isVid=1&#038;isUI=1\" flashVars=\"@videoPlayer=3724839008001&#038;playerID=676510367001&#038;playerKey=AQ~~,AAAAE_Nrlok~,_Cvi-4rvLA6X--B7PPDC_4gZVVejhp2P&#038;domain=embed&#038;dynamicStreaming=true\" base=\"http:\/\/admin.brightcove.com\" seamlesstabbing=\"false\" allowFullScreen=\"true\" swLiveConnect=\"true\" allowScriptAccess=\"always\" flashvars=\"@videoPlayer=3724839008001&#038;playerID=676510367001&#038;playerKey=AQ~~,AAAAE_Nrlok~,_Cvi-4rvLA6X--B7PPDC_4gZVVejhp2P&#038;domain=embed&#038;dynamicStreaming=true\" allowfullscreen=\"true\" allowscriptaccess=\"always\" swliveconnect=\"true\" pluginspage=\"http:\/\/www.macromedia.com\/shockwave\/download\/index.cgi?P1_Prod_Version=ShockwaveFlash\" \/><\/object><\/p>\n<p>&nbsp;<\/p>\n<p>&nbsp;<\/p>\n<p>&nbsp;<\/p>\n","protected":false},"excerpt":{"rendered":"<p>La simpat\u00eda de Antonio Banderas\u00a0 desfil\u00f3 anoche por Marbella. Literalmente. El actor malague\u00f1o se convirti\u00f3, por m\u00e9ritos propios, en el gran protagonista del desfile de la firma andaluza Panambi, del que ejerci\u00f3 de padrino en un evento celebrado en el marco de actividades paralelas del Festival Starlite. Durante la cita, las dise\u00f1adoras sevillanas Angy y [&hellip;]<\/p>\n","protected":false},"author":54,"featured_media":0,"comment_status":"open","ping_status":"open","sticky":false,"template":"","format":"standard","meta":[],"categories":[2],"tags":[],"_links":{"self":[{"href":"https:\/\/blogs.diariosur.es\/pasarelaurbana\/wp-json\/wp\/v2\/posts\/7423"}],"collection":[{"href":"https:\/\/blogs.diariosur.es\/pasarelaurbana\/wp-json\/wp\/v2\/posts"}],"about":[{"href":"https:\/\/blogs.diariosur.es\/pasarelaurbana\/wp-json\/wp\/v2\/types\/post"}],"author":[{"embeddable":true,"href":"https:\/\/blogs.diariosur.es\/pasarelaurbana\/wp-json\/wp\/v2\/users\/54"}],"replies":[{"embeddable":true,"href":"https:\/\/blogs.diariosur.es\/pasarelaurbana\/wp-json\/wp\/v2\/comments?post=7423"}],"version-history":[{"count":0,"href":"https:\/\/blogs.diariosur.es\/pasarelaurbana\/wp-json\/wp\/v2\/posts\/7423\/revisions"}],"wp:attachment":[{"href":"https:\/\/blogs.diariosur.es\/pasarelaurbana\/wp-json\/wp\/v2\/media?parent=7423"}],"wp:term":[{"taxonomy":"category","embeddable":true,"href":"https:\/\/blogs.diariosur.es\/pasarelaurbana\/wp-json\/wp\/v2\/categories?post=7423"},{"taxonomy":"post_tag","embeddable":true,"href":"https:\/\/blogs.diariosur.es\/pasarelaurbana\/wp-json\/wp\/v2\/tags?post=7423"}],"curies":[{"name":"wp","href":"https:\/\/api.w.org\/{rel}","templated":true}]}}