{"id":7441,"date":"2014-08-26T15:12:46","date_gmt":"2014-08-26T13:12:46","guid":{"rendered":"http:\/\/blogs.diariosur.es\/pasarelaurbana\/?p=7441"},"modified":"2014-08-26T15:12:46","modified_gmt":"2014-08-26T13:12:46","slug":"cinco-webs-de-cabecera-para-anadir-a-favoritos","status":"publish","type":"post","link":"https:\/\/blogs.diariosur.es\/pasarelaurbana\/2014\/08\/26\/cinco-webs-de-cabecera-para-anadir-a-favoritos\/","title":{"rendered":"Cinco webs de cabecera para a\u00f1adir a favoritos"},"content":{"rendered":"<p style=\"text-align: center;\">\u00a1Buenas! \u00a1Ya estoy de vuelta! Perdonad mi ausencia en las \u00faltimas semanas pero he estado disfrutando de mi segundo bloque de vacaciones (dir\u00e9is que tengo muchas, pero no, los 31 d\u00edas de todo mortal solo que este a\u00f1o los he dividido en tres partes y me est\u00e1n cundiendo, jeje). Estamos en \u00e9poca de transici\u00f3n.\u00a0 Agosto da sus \u00faltimos coletazos y septiembre ya asoma a la vuelta del calendario record\u00e1ndonos que toca centrarse y ponerse las pilas. Es el momento de emprender nuevos proyectos y marcarse nuevas metas y retos. Ya sab\u00e9is, aquello de renovarse o morir. Pues bien, para ayudaros en esa renovaci\u00f3n hoy quiero compartir con vosotr@s cinco de mis webs de cabecera, de esas que est\u00e1n atrincheradas en el listado de favoritos de mi ipad y que no dejo de consultar a la caza de tesoros y de inspiraci\u00f3n. Si busc\u00e1is <strong>ropita especial para vuestro beb\u00e9<\/strong>, una nueva <strong>vajilla de aires &#8216;shabby chic<\/strong>&#8216; con la que sorprender avuestros invitados, un <strong>regalo entra\u00f1able para una mam\u00e1<\/strong> o un <strong>bolsito bombonera \u00fanico hecho a mano<\/strong> echad un vistazo a las direcciones que os propongo. \u00bfBuc\u00e1is <strong>ideas para decorar una fiesta<\/strong> (infantil o de adultos)? \u00a1Pues bucead en los portales que os indico, os encantar\u00e1 todo! Solo un aviso: \u00a1navegar por ellos crea adicci\u00f3n! \u00a1Comenzamos el repaso! \u00a1Pasen y vean! \u00a1Espero que os guste y, sobre todo, que os sea de utilidad!<\/p>\n<p style=\"text-align: center;\"><a href=\"\/pasarelaurbana\/wp-content\/uploads\/sites\/49\/2014\/08\/montajeok.jpg\"><img loading=\"lazy\" class=\"aligncenter size-full wp-image-7458\" title=\"montajeok\" src=\"\/pasarelaurbana\/wp-content\/uploads\/sites\/49\/2014\/08\/montajeok.jpg\" alt=\"\" width=\"600\" height=\"600\" srcset=\"https:\/\/static-blogs.diariosur.es\/wp-content\/uploads\/sites\/49\/2014\/08\/montajeok.jpg 600w, https:\/\/static-blogs.diariosur.es\/wp-content\/uploads\/sites\/49\/2014\/08\/montajeok-150x150.jpg 150w, https:\/\/static-blogs.diariosur.es\/wp-content\/uploads\/sites\/49\/2014\/08\/montajeok-300x300.jpg 300w\" sizes=\"(max-width: 600px) 100vw, 600px\" \/><\/a><!--more--><\/p>\n<p><a href=\"\/pasarelaurbana\/wp-content\/uploads\/sites\/49\/2014\/08\/oui.jpg\"><img loading=\"lazy\" class=\"aligncenter size-full wp-image-7453\" title=\"oui\" src=\"\/pasarelaurbana\/wp-content\/uploads\/sites\/49\/2014\/08\/oui.jpg\" alt=\"\" width=\"600\" height=\"480\" srcset=\"https:\/\/static-blogs.diariosur.es\/wp-content\/uploads\/sites\/49\/2014\/08\/oui.jpg 600w, https:\/\/static-blogs.diariosur.es\/wp-content\/uploads\/sites\/49\/2014\/08\/oui-300x240.jpg 300w\" sizes=\"(max-width: 600px) 100vw, 600px\" \/><\/a><\/p>\n<p><a href=\"\/pasarelaurbana\/wp-content\/uploads\/sites\/49\/2014\/08\/stand-camion-de-los-helados.jpg\"><img loading=\"lazy\" class=\"aligncenter size-full wp-image-7457\" title=\"stand-camion-de-los-helados\" src=\"\/pasarelaurbana\/wp-content\/uploads\/sites\/49\/2014\/08\/stand-camion-de-los-helados.jpg\" alt=\"\" width=\"600\" height=\"600\" srcset=\"https:\/\/static-blogs.diariosur.es\/wp-content\/uploads\/sites\/49\/2014\/08\/stand-camion-de-los-helados.jpg 600w, https:\/\/static-blogs.diariosur.es\/wp-content\/uploads\/sites\/49\/2014\/08\/stand-camion-de-los-helados-150x150.jpg 150w, https:\/\/static-blogs.diariosur.es\/wp-content\/uploads\/sites\/49\/2014\/08\/stand-camion-de-los-helados-300x300.jpg 300w\" sizes=\"(max-width: 600px) 100vw, 600px\" \/><\/a><\/p>\n<p><a href=\"\/pasarelaurbana\/wp-content\/uploads\/sites\/49\/2014\/08\/helados-de-nido-de-abeja.jpg\"><img loading=\"lazy\" class=\"aligncenter size-full wp-image-7450\" title=\"helados-de-nido-de-abeja\" src=\"\/pasarelaurbana\/wp-content\/uploads\/sites\/49\/2014\/08\/helados-de-nido-de-abeja.jpg\" alt=\"\" width=\"600\" height=\"600\" srcset=\"https:\/\/static-blogs.diariosur.es\/wp-content\/uploads\/sites\/49\/2014\/08\/helados-de-nido-de-abeja.jpg 600w, https:\/\/static-blogs.diariosur.es\/wp-content\/uploads\/sites\/49\/2014\/08\/helados-de-nido-de-abeja-150x150.jpg 150w, https:\/\/static-blogs.diariosur.es\/wp-content\/uploads\/sites\/49\/2014\/08\/helados-de-nido-de-abeja-300x300.jpg 300w\" sizes=\"(max-width: 600px) 100vw, 600px\" \/><\/a><\/p>\n<p><a href=\"\/pasarelaurbana\/wp-content\/uploads\/sites\/49\/2014\/08\/bandeja-de-madera-gin-tonic.jpg\"><img loading=\"lazy\" class=\"aligncenter size-full wp-image-7443\" title=\"bandeja-de-madera-gin-tonic\" src=\"\/pasarelaurbana\/wp-content\/uploads\/sites\/49\/2014\/08\/bandeja-de-madera-gin-tonic.jpg\" alt=\"\" width=\"600\" height=\"600\" srcset=\"https:\/\/static-blogs.diariosur.es\/wp-content\/uploads\/sites\/49\/2014\/08\/bandeja-de-madera-gin-tonic.jpg 600w, https:\/\/static-blogs.diariosur.es\/wp-content\/uploads\/sites\/49\/2014\/08\/bandeja-de-madera-gin-tonic-150x150.jpg 150w, https:\/\/static-blogs.diariosur.es\/wp-content\/uploads\/sites\/49\/2014\/08\/bandeja-de-madera-gin-tonic-300x300.jpg 300w\" sizes=\"(max-width: 600px) 100vw, 600px\" \/><\/a><\/p>\n<p style=\"text-align: center;\">Para decoraci\u00f3n, atrezzo para fiestas o regalitos especiales siempre consulto <a href=\"http:\/\/www.oui-oui.es\/\" rel=\"external nofollow\">Oui Oui<\/a>. \u00a1Tiene aut\u00e9nticas preciosidades! No dej\u00e9is de pasaros por su secci\u00f3n de ni\u00f1os con sus famosas puertas de Ratoncito P\u00e9rez. El expositor de cami\u00f3n de los helados me tiene loquita. \u00a1Ya mismo cae! \u00bfY qu\u00e9 me dec\u00eds de la caja-bandeja de madera para organizar una barra de gin tonics en casa? \u00a1Me encanta!<\/p>\n<p style=\"text-align: center;\"><a href=\"\/pasarelaurbana\/wp-content\/uploads\/sites\/49\/2014\/08\/fiestas-olivia.jpg\"><img loading=\"lazy\" class=\"aligncenter size-full wp-image-7448\" title=\"fiestas-olivia\" src=\"\/pasarelaurbana\/wp-content\/uploads\/sites\/49\/2014\/08\/fiestas-olivia.jpg\" alt=\"\" width=\"600\" height=\"467\" srcset=\"https:\/\/static-blogs.diariosur.es\/wp-content\/uploads\/sites\/49\/2014\/08\/fiestas-olivia.jpg 600w, https:\/\/static-blogs.diariosur.es\/wp-content\/uploads\/sites\/49\/2014\/08\/fiestas-olivia-300x234.jpg 300w\" sizes=\"(max-width: 600px) 100vw, 600px\" \/><\/a><\/p>\n<p style=\"text-align: center;\"><a href=\"\/pasarelaurbana\/wp-content\/uploads\/sites\/49\/2014\/08\/botellitas-cristal-leche-vintage_grande.jpg\"><img loading=\"lazy\" class=\"aligncenter size-full wp-image-7446\" title=\"botellitas-cristal-leche-vintage_grande\" src=\"\/pasarelaurbana\/wp-content\/uploads\/sites\/49\/2014\/08\/botellitas-cristal-leche-vintage_grande.jpg\" alt=\"\" width=\"600\" height=\"600\" srcset=\"https:\/\/static-blogs.diariosur.es\/wp-content\/uploads\/sites\/49\/2014\/08\/botellitas-cristal-leche-vintage_grande.jpg 600w, https:\/\/static-blogs.diariosur.es\/wp-content\/uploads\/sites\/49\/2014\/08\/botellitas-cristal-leche-vintage_grande-150x150.jpg 150w, https:\/\/static-blogs.diariosur.es\/wp-content\/uploads\/sites\/49\/2014\/08\/botellitas-cristal-leche-vintage_grande-300x300.jpg 300w\" sizes=\"(max-width: 600px) 100vw, 600px\" \/><\/a><\/p>\n<p style=\"text-align: center;\"><a href=\"http:\/\/lafiestadeolivia.com\/\" rel=\"external nofollow\">La Fiesta de Olivia <\/a>es otra de esas webs que siempre tengo muy presente cuando toca organizar una fiesta infantil. En el \u00faltimo cumple de Alejandro me hice con una decoraci\u00f3n preciosa en su tienda on line. \u00a1Os costar\u00e1 decidiros!<\/p>\n<p style=\"text-align: center;\"><a href=\"\/pasarelaurbana\/wp-content\/uploads\/sites\/49\/2014\/08\/se\u00f1orita.jpg\"><img loading=\"lazy\" class=\"aligncenter size-full wp-image-7456\" title=\"se\u00f1orita\" src=\"\/pasarelaurbana\/wp-content\/uploads\/sites\/49\/2014\/08\/se\u00f1orita.jpg\" alt=\"\" width=\"600\" height=\"434\" srcset=\"https:\/\/static-blogs.diariosur.es\/wp-content\/uploads\/sites\/49\/2014\/08\/se\u00f1orita.jpg 600w, https:\/\/static-blogs.diariosur.es\/wp-content\/uploads\/sites\/49\/2014\/08\/se\u00f1orita-300x217.jpg 300w\" sizes=\"(max-width: 600px) 100vw, 600px\" \/><\/a><\/p>\n<p><a href=\"\/pasarelaurbana\/wp-content\/uploads\/sites\/49\/2014\/08\/pie.jpg\"><img loading=\"lazy\" class=\"aligncenter size-full wp-image-7454\" title=\"pie\" src=\"\/pasarelaurbana\/wp-content\/uploads\/sites\/49\/2014\/08\/pie.jpg\" alt=\"\" width=\"600\" height=\"457\" srcset=\"https:\/\/static-blogs.diariosur.es\/wp-content\/uploads\/sites\/49\/2014\/08\/pie.jpg 600w, https:\/\/static-blogs.diariosur.es\/wp-content\/uploads\/sites\/49\/2014\/08\/pie-300x229.jpg 300w\" sizes=\"(max-width: 600px) 100vw, 600px\" \/><\/a><\/p>\n<p><a href=\"\/pasarelaurbana\/wp-content\/uploads\/sites\/49\/2014\/08\/mateo-nubes.jpg\"><img loading=\"lazy\" class=\"aligncenter size-full wp-image-7452\" title=\"mateo-nubes\" src=\"\/pasarelaurbana\/wp-content\/uploads\/sites\/49\/2014\/08\/mateo-nubes.jpg\" alt=\"\" width=\"600\" height=\"578\" srcset=\"https:\/\/static-blogs.diariosur.es\/wp-content\/uploads\/sites\/49\/2014\/08\/mateo-nubes.jpg 600w, https:\/\/static-blogs.diariosur.es\/wp-content\/uploads\/sites\/49\/2014\/08\/mateo-nubes-300x289.jpg 300w\" sizes=\"(max-width: 600px) 100vw, 600px\" \/><\/a><\/p>\n<p><a href=\"\/pasarelaurbana\/wp-content\/uploads\/sites\/49\/2014\/08\/toallas.jpg\"><img loading=\"lazy\" class=\"aligncenter size-full wp-image-7442\" title=\"toallas\" src=\"\/pasarelaurbana\/wp-content\/uploads\/sites\/49\/2014\/08\/toallas.jpg\" alt=\"\" width=\"600\" height=\"398\" srcset=\"https:\/\/static-blogs.diariosur.es\/wp-content\/uploads\/sites\/49\/2014\/08\/toallas.jpg 600w, https:\/\/static-blogs.diariosur.es\/wp-content\/uploads\/sites\/49\/2014\/08\/toallas-300x199.jpg 300w\" sizes=\"(max-width: 600px) 100vw, 600px\" \/><\/a><\/p>\n<p style=\"text-align: center;\"><a href=\"http:\/\/lasenoritalasenorita.blogspot.com.es\/\" rel=\"external nofollow\">La Se\u00f1orita<\/a> es una peque\u00f1a marca de art\u00edculos &#8216;handmade&#8217;\u00a0 que est\u00e1 pegando fuerte gracias a embajadoras como Sara Carbonero o Macarena Gea, que no dejan de presumir de sus art\u00edculos en sus respectivos blogs y perfiles en redes sociales. Ficha sus pulseras con plaquitas personalizadas (ideales para regalara a las mam\u00e1s), sus culottes de telas preciosas (el de mapa mundi es puro amor) o sus toallitas, perfectas para llevar en el bolso. \u00a1Todo bonit\u00ediiisimo!<\/p>\n<p style=\"text-align: center;\"><a href=\"\/pasarelaurbana\/wp-content\/uploads\/sites\/49\/2014\/08\/mamabird.jpg\"><img loading=\"lazy\" class=\"aligncenter size-full wp-image-7451\" title=\"mamabird\" src=\"\/pasarelaurbana\/wp-content\/uploads\/sites\/49\/2014\/08\/mamabird.jpg\" alt=\"\" width=\"600\" height=\"452\" srcset=\"https:\/\/static-blogs.diariosur.es\/wp-content\/uploads\/sites\/49\/2014\/08\/mamabird.jpg 600w, https:\/\/static-blogs.diariosur.es\/wp-content\/uploads\/sites\/49\/2014\/08\/mamabird-300x226.jpg 300w\" sizes=\"(max-width: 600px) 100vw, 600px\" \/><\/a><\/p>\n<p style=\"text-align: center;\"><a href=\"\/pasarelaurbana\/wp-content\/uploads\/sites\/49\/2014\/08\/correa_camara_mamabird_shop.jpg\"><img loading=\"lazy\" class=\"aligncenter size-full wp-image-7447\" title=\"Processed with VSCOcam with c1 preset\" src=\"\/pasarelaurbana\/wp-content\/uploads\/sites\/49\/2014\/08\/correa_camara_mamabird_shop.jpg\" alt=\"\" width=\"600\" height=\"400\" srcset=\"https:\/\/static-blogs.diariosur.es\/wp-content\/uploads\/sites\/49\/2014\/08\/correa_camara_mamabird_shop.jpg 600w, https:\/\/static-blogs.diariosur.es\/wp-content\/uploads\/sites\/49\/2014\/08\/correa_camara_mamabird_shop-300x200.jpg 300w\" sizes=\"(max-width: 600px) 100vw, 600px\" \/><\/a><\/p>\n<p style=\"text-align: center;\"><a href=\"\/pasarelaurbana\/wp-content\/uploads\/sites\/49\/2014\/08\/bolsa_de_viaje_mamabird_02.jpg\"><img loading=\"lazy\" class=\"aligncenter size-full wp-image-7444\" title=\"bolsa_de_viaje_mamabird_02\" src=\"\/pasarelaurbana\/wp-content\/uploads\/sites\/49\/2014\/08\/bolsa_de_viaje_mamabird_02.jpg\" alt=\"\" width=\"600\" height=\"400\" srcset=\"https:\/\/static-blogs.diariosur.es\/wp-content\/uploads\/sites\/49\/2014\/08\/bolsa_de_viaje_mamabird_02.jpg 600w, https:\/\/static-blogs.diariosur.es\/wp-content\/uploads\/sites\/49\/2014\/08\/bolsa_de_viaje_mamabird_02-300x200.jpg 300w\" sizes=\"(max-width: 600px) 100vw, 600px\" \/><\/a><\/p>\n<p style=\"text-align: center;\">Esta otra tienda me tiene robado el coraz\u00f3n desde que se cruz\u00f3 en mi camino hace un par de meses. Se llama <a href=\"http:\/\/mamabirdshop.bigcartel.com\/\" rel=\"external nofollow\">Mama Bird <\/a>y sus grandes bazas son la delicadeza y la exclusividad que destilan sus art\u00edculos cosidos a mano. Sus telas de flores son maravillosas. En mi &#8216;wish list&#8217; est\u00e1n sus preciosas bomboneras y sus cintas para las c\u00e1maras de fotos. \u00a1Muy recomendable! \u00a1Os encantar\u00e1!<\/p>\n<p style=\"text-align: center;\"><a href=\"\/pasarelaurbana\/wp-content\/uploads\/sites\/49\/2014\/08\/greengate.jpg\"><img loading=\"lazy\" class=\"aligncenter size-full wp-image-7449\" title=\"greengate\" src=\"\/pasarelaurbana\/wp-content\/uploads\/sites\/49\/2014\/08\/greengate.jpg\" alt=\"\" width=\"600\" height=\"429\" srcset=\"https:\/\/static-blogs.diariosur.es\/wp-content\/uploads\/sites\/49\/2014\/08\/greengate.jpg 600w, https:\/\/static-blogs.diariosur.es\/wp-content\/uploads\/sites\/49\/2014\/08\/greengate-300x215.jpg 300w\" sizes=\"(max-width: 600px) 100vw, 600px\" \/><\/a><\/p>\n<p style=\"text-align: center;\"><a href=\"\/pasarelaurbana\/wp-content\/uploads\/sites\/49\/2014\/08\/platos.jpg\"><img loading=\"lazy\" class=\"aligncenter size-full wp-image-7455\" title=\"platos\" src=\"\/pasarelaurbana\/wp-content\/uploads\/sites\/49\/2014\/08\/platos.jpg\" alt=\"\" width=\"600\" height=\"569\" srcset=\"https:\/\/static-blogs.diariosur.es\/wp-content\/uploads\/sites\/49\/2014\/08\/platos.jpg 600w, https:\/\/static-blogs.diariosur.es\/wp-content\/uploads\/sites\/49\/2014\/08\/platos-300x285.jpg 300w\" sizes=\"(max-width: 600px) 100vw, 600px\" \/><\/a><\/p>\n<p style=\"text-align: center;\">Y termino esta mini ruta (prometo que habr\u00e1 m\u00e1s entregas jeje) con una p\u00e1gina clave para renovar vuestra vajilla o ropa de casa. Si busc\u00e1is una especial os aseguro que no encontrar\u00e9is otras m\u00e1s bonitas. En <a href=\"http:\/\/www.myhomestyle.es\/80-vajillas-porcelana-greengate\" rel=\"external nofollow\">My home style <\/a>ten\u00e9is un gran repertorio de las \u00faltimas colecciones de <strong>Green Gate<\/strong>, mi marca favorita en menaje de cocina (es danesa y tiene un aire shabby chic que me vuelve loca). La \u00fanica pega es el precio, que es algo caro, pero merece mucho la pena si quer\u00e9is haceros con algo atemporal y especial.<\/p>\n<p style=\"text-align: center;\">\u00a1Espero que os haya gustado! \u00a1Hasta el jueves!<\/p>\n","protected":false},"excerpt":{"rendered":"<p>\u00a1Buenas! \u00a1Ya estoy de vuelta! Perdonad mi ausencia en las \u00faltimas semanas pero he estado disfrutando de mi segundo bloque de vacaciones (dir\u00e9is que tengo muchas, pero no, los 31 d\u00edas de todo mortal solo que este a\u00f1o los he dividido en tres partes y me est\u00e1n cundiendo, jeje). Estamos en \u00e9poca de transici\u00f3n.\u00a0 Agosto [&hellip;]<\/p>\n","protected":false},"author":54,"featured_media":0,"comment_status":"open","ping_status":"open","sticky":false,"template":"","format":"standard","meta":[],"categories":[2],"tags":[],"_links":{"self":[{"href":"https:\/\/blogs.diariosur.es\/pasarelaurbana\/wp-json\/wp\/v2\/posts\/7441"}],"collection":[{"href":"https:\/\/blogs.diariosur.es\/pasarelaurbana\/wp-json\/wp\/v2\/posts"}],"about":[{"href":"https:\/\/blogs.diariosur.es\/pasarelaurbana\/wp-json\/wp\/v2\/types\/post"}],"author":[{"embeddable":true,"href":"https:\/\/blogs.diariosur.es\/pasarelaurbana\/wp-json\/wp\/v2\/users\/54"}],"replies":[{"embeddable":true,"href":"https:\/\/blogs.diariosur.es\/pasarelaurbana\/wp-json\/wp\/v2\/comments?post=7441"}],"version-history":[{"count":0,"href":"https:\/\/blogs.diariosur.es\/pasarelaurbana\/wp-json\/wp\/v2\/posts\/7441\/revisions"}],"wp:attachment":[{"href":"https:\/\/blogs.diariosur.es\/pasarelaurbana\/wp-json\/wp\/v2\/media?parent=7441"}],"wp:term":[{"taxonomy":"category","embeddable":true,"href":"https:\/\/blogs.diariosur.es\/pasarelaurbana\/wp-json\/wp\/v2\/categories?post=7441"},{"taxonomy":"post_tag","embeddable":true,"href":"https:\/\/blogs.diariosur.es\/pasarelaurbana\/wp-json\/wp\/v2\/tags?post=7441"}],"curies":[{"name":"wp","href":"https:\/\/api.w.org\/{rel}","templated":true}]}}