{"id":7459,"date":"2014-08-27T15:42:51","date_gmt":"2014-08-27T13:42:51","guid":{"rendered":"http:\/\/blogs.diariosur.es\/pasarelaurbana\/?p=7459"},"modified":"2014-08-27T15:42:51","modified_gmt":"2014-08-27T13:42:51","slug":"rafael-urquizar-premiado-con-el-alfiler-de-oro-en-la-pasarela-larios","status":"publish","type":"post","link":"https:\/\/blogs.diariosur.es\/pasarelaurbana\/2014\/08\/27\/rafael-urquizar-premiado-con-el-alfiler-de-oro-en-la-pasarela-larios\/","title":{"rendered":"Rafael Urqu\u00edzar, premiado con el Alfiler de Oro en la Pasarela Larios"},"content":{"rendered":"<div style=\"text-align: center;\"><a href=\"\/pasarelaurbana\/wp-content\/uploads\/sites\/49\/2014\/08\/43.jpg\"><img loading=\"lazy\" title=\"4\" src=\"\/pasarelaurbana\/wp-content\/uploads\/sites\/49\/2014\/08\/43.jpg\" alt=\"\" width=\"600\" height=\"825\" \/><\/a><\/div>\n<div style=\"text-align: center;\"><\/div>\n<div style=\"text-align: center;\">El codiciado Alfiler de Oro malague\u00f1o ya tiene nuevo due\u00f1o. En esta ocasi\u00f3n ha sido el dise\u00f1ador malague\u00f1o <strong>Rafael Urqu\u00edzar<\/strong> el elegido por el jurado para recibir el reconocimiento a su<strong> <\/strong>trayectoria profesional, distinci\u00f3n que recoger\u00e1 durante la celebraci\u00f3n de la pr\u00f3xima edici\u00f3n de la<strong><a href=\"http:\/\/www.diariosur.es\/20140506\/mas-actualidad\/cultura\/calle-larios-sera-nuevo-201405061328.html\" rel=\"external nofollow\"> Pasarela Larios M\u00e1laga\u00a0Fashion\u00a0Week\u00a02014<\/a>,<\/strong> que tendr\u00e1 lugar los d\u00edas 12 y 13 de septiembre. Durante ambas jornadas, la principal arteria comercial de la ciudad volver\u00e1 a transformarse por cuarto a\u00f1o consecutivo en una imponente pasarela -la m\u00e1s larga de Europa. El viernes 12 ser\u00e1 la alta costura malague\u00f1a quien acuda a la cita (de nuevo ser\u00e1n diez los dise\u00f1adores invitados) mientras que la jornada del s\u00e1bado coger\u00e1n el testigo las firmas comerciales para presentar sus propuestas cara a la pr\u00f3xima temporada de oto\u00f1o\/invierno.<\/div>\n<div style=\"text-align: center;\"><\/div>\n<div style=\"text-align: center;\">Urqu\u00edzar recibir\u00e1 el galard\u00f3n el viernes. El mismo que en ediciones anteriores ha puesto en valor el trabajo de otros creadores malague\u00f1os como <strong>Miguel \u00c1ngel Ruiz, Jos\u00e9 Pedro\u00a0Zotano, Paco Ruiz y Elio\u00a0Berhanyer<\/strong>. Nacido en M\u00e1laga en 1971, Rafael\u00a0Urqu\u00edzar\u00a0comenz\u00f3 a dise\u00f1ar ropa para su taller familiar al terminar sus estudios secundarios.\u00a0Posteriormente, se traslad\u00f3\u00a0a Paris, donde estudi\u00f3\u00a0dise\u00f1o en La Esmod International Fashion Group Paris. En ese mismo\u00a0per\u00edodo, ya present\u00f3\u00a0una breve colecci\u00f3n en el Sal\u00f3n de Moda Alem\u00e1n Avantgarde de\u00a0Munich.<\/div>\n<div style=\"text-align: center;\">Al\u00a0 terminar su formaci\u00f3n hizo\u00a0 pr\u00e1cticas en\u00a0 el\u00a0 equipo\u00a0 de <strong>Gianfranco Ferre<\/strong>, donde se centr\u00f3 en el dise\u00f1o de complementos. Un a\u00f1o m\u00e1s tarde regres\u00f3 a Espa\u00f1a y comenz\u00f3 a trabajar en el equipo de creaci\u00f3n de Cortefiel, encargado de la colecci\u00f3n de primavera-verano del 93.<\/div>\n<div style=\"text-align: center;\"><\/div>\n<div style=\"text-align: center;\">Los finales de los 90 marcaron un hito en su carrera ya que fue<strong> en 1999 cuando abri\u00f3 su tienda atelier en calle San Juan 12<\/strong>. Un local de tres plantas dedicado a la comercializaci\u00f3n de su colecci\u00f3n de\u00a0pret-a-costura, a la alta costura a medida y a la confecci\u00f3n de trajes de novia. En la actualidad,\u00a0comercializa adem\u00e1s\u00a0 trajes de fiesta y complementos, como tocados y bolsos, para destacadas tiendas multimarcas\u00a0 de Andaluc\u00eda.<\/div>\n<div style=\"text-align: center;\"><\/div>\n<div style=\"text-align: center;\">Recientemente, Rafael ha abierto su nueva boutique-atelier, forma parte de la Asociaci\u00f3n Costura Espa\u00f1a y <strong>el pasado mes de mayo <a href=\"https:\/\/blogs.diariosur.es\/pasarelaurbana\/2014\/05\/21\/\">present\u00f3 su espectacular colecci\u00f3n 2015 en la Pasarela Costura Espa\u00f1a<\/a><\/strong> en el Palacio de Cibeles de Madrid, donde lleg\u00f3, desfil\u00f3 y enamor\u00f3. <strong><\/strong><\/div>\n<div style=\"text-align: center;\">El dise\u00f1ador malague\u00f1o -que precisamente ha sido el encargado de impulsar la<a href=\"http:\/\/spaincouture.com\/\" rel=\"external nofollow\"> Asociaci\u00f3n Costura Espa\u00f1a<\/a> junto a los modistos Rub\u00e9n Perlotti y Paula Vals- present\u00f3 en el Palacio de Cibeles<strong> \u2018Puntadas de Amor\u2019,<\/strong>una colecci\u00f3n nupcial y festiva, de car\u00e1cter artesanal y con claros gui\u00f1os a la alta costura con propuestas que recuperan la esencia de los valores est\u00e9ticos que caracterizan la firma desde su origen. Inspirada en la cultura, el arte, los olores y las tradiciones de Andaluc\u00eda \u2013 sin rozar los t\u00f3picos- \u2018Puntadas de amor\u2019 -colecci\u00f3n que subir\u00e1 a la Pasarela Larios el pr\u00f3ximo d\u00eda 12- pone el foco de atenci\u00f3n en la cintura femenina, casi siempre ce\u00f1ida por\u00a0cinturones esculturales o bordados con t\u00e9cnicas de aplicaci\u00f3n en oro y cristal.<\/div>\n<div style=\"text-align: center;\"><\/div>\n<div style=\"text-align: center;\">Personalmente estoy deseando verla desfilar sobre Larios. \u00a1Enhorabuena maestro!<\/div>\n<div style=\"text-align: center;\"><!--more--><a href=\"\/pasarelaurbana\/wp-content\/uploads\/sites\/49\/2014\/08\/23.jpg\"><img loading=\"lazy\" class=\"aligncenter size-full wp-image-7461\" title=\"2\" src=\"\/pasarelaurbana\/wp-content\/uploads\/sites\/49\/2014\/08\/23.jpg\" alt=\"\" width=\"600\" height=\"877\" srcset=\"https:\/\/static-blogs.diariosur.es\/wp-content\/uploads\/sites\/49\/2014\/08\/23.jpg 600w, https:\/\/static-blogs.diariosur.es\/wp-content\/uploads\/sites\/49\/2014\/08\/23-205x300.jpg 205w\" sizes=\"(max-width: 600px) 100vw, 600px\" \/><\/a><\/div>\n<div style=\"text-align: center;\"><\/div>\n<div style=\"text-align: center;\"><a href=\"\/pasarelaurbana\/wp-content\/uploads\/sites\/49\/2014\/08\/33.jpg\"><img loading=\"lazy\" class=\"aligncenter size-full wp-image-7462\" title=\"3\" src=\"\/pasarelaurbana\/wp-content\/uploads\/sites\/49\/2014\/08\/33.jpg\" alt=\"\" width=\"600\" height=\"436\" srcset=\"https:\/\/static-blogs.diariosur.es\/wp-content\/uploads\/sites\/49\/2014\/08\/33.jpg 600w, https:\/\/static-blogs.diariosur.es\/wp-content\/uploads\/sites\/49\/2014\/08\/33-300x218.jpg 300w\" sizes=\"(max-width: 600px) 100vw, 600px\" \/><\/a><\/div>\n<div style=\"text-align: center;\"><a href=\"\/pasarelaurbana\/wp-content\/uploads\/sites\/49\/2014\/08\/16.jpg\"><img loading=\"lazy\" class=\"aligncenter size-full wp-image-7460\" title=\"1\" src=\"\/pasarelaurbana\/wp-content\/uploads\/sites\/49\/2014\/08\/16.jpg\" alt=\"\" width=\"600\" height=\"826\" srcset=\"https:\/\/static-blogs.diariosur.es\/wp-content\/uploads\/sites\/49\/2014\/08\/16.jpg 600w, https:\/\/static-blogs.diariosur.es\/wp-content\/uploads\/sites\/49\/2014\/08\/16-218x300.jpg 218w\" sizes=\"(max-width: 600px) 100vw, 600px\" \/><\/a><\/div>\n","protected":false},"excerpt":{"rendered":"<p>El codiciado Alfiler de Oro malague\u00f1o ya tiene nuevo due\u00f1o. En esta ocasi\u00f3n ha sido el dise\u00f1ador malague\u00f1o Rafael Urqu\u00edzar el elegido por el jurado para recibir el reconocimiento a su trayectoria profesional, distinci\u00f3n que recoger\u00e1 durante la celebraci\u00f3n de la pr\u00f3xima edici\u00f3n de la Pasarela Larios M\u00e1laga\u00a0Fashion\u00a0Week\u00a02014, que tendr\u00e1 lugar los d\u00edas 12 y [&hellip;]<\/p>\n","protected":false},"author":54,"featured_media":0,"comment_status":"open","ping_status":"open","sticky":false,"template":"","format":"standard","meta":[],"categories":[2],"tags":[],"_links":{"self":[{"href":"https:\/\/blogs.diariosur.es\/pasarelaurbana\/wp-json\/wp\/v2\/posts\/7459"}],"collection":[{"href":"https:\/\/blogs.diariosur.es\/pasarelaurbana\/wp-json\/wp\/v2\/posts"}],"about":[{"href":"https:\/\/blogs.diariosur.es\/pasarelaurbana\/wp-json\/wp\/v2\/types\/post"}],"author":[{"embeddable":true,"href":"https:\/\/blogs.diariosur.es\/pasarelaurbana\/wp-json\/wp\/v2\/users\/54"}],"replies":[{"embeddable":true,"href":"https:\/\/blogs.diariosur.es\/pasarelaurbana\/wp-json\/wp\/v2\/comments?post=7459"}],"version-history":[{"count":0,"href":"https:\/\/blogs.diariosur.es\/pasarelaurbana\/wp-json\/wp\/v2\/posts\/7459\/revisions"}],"wp:attachment":[{"href":"https:\/\/blogs.diariosur.es\/pasarelaurbana\/wp-json\/wp\/v2\/media?parent=7459"}],"wp:term":[{"taxonomy":"category","embeddable":true,"href":"https:\/\/blogs.diariosur.es\/pasarelaurbana\/wp-json\/wp\/v2\/categories?post=7459"},{"taxonomy":"post_tag","embeddable":true,"href":"https:\/\/blogs.diariosur.es\/pasarelaurbana\/wp-json\/wp\/v2\/tags?post=7459"}],"curies":[{"name":"wp","href":"https:\/\/api.w.org\/{rel}","templated":true}]}}