{"id":7466,"date":"2014-08-30T09:40:04","date_gmt":"2014-08-30T07:40:04","guid":{"rendered":"http:\/\/blogs.diariosur.es\/pasarelaurbana\/?p=7466"},"modified":"2014-08-30T09:40:04","modified_gmt":"2014-08-30T07:40:04","slug":"no-sin-mi-vestido","status":"publish","type":"post","link":"https:\/\/blogs.diariosur.es\/pasarelaurbana\/2014\/08\/30\/no-sin-mi-vestido\/","title":{"rendered":"No sin mi vestido"},"content":{"rendered":"<p style=\"text-align: center;\"><a href=\"\/pasarelaurbana\/wp-content\/uploads\/sites\/49\/2014\/08\/vestidos-montaje.jpg\"><img loading=\"lazy\" class=\"aligncenter size-full wp-image-7510\" title=\"vestidos-montaje\" src=\"\/pasarelaurbana\/wp-content\/uploads\/sites\/49\/2014\/08\/vestidos-montaje.jpg\" alt=\"\" width=\"600\" height=\"600\" srcset=\"https:\/\/static-blogs.diariosur.es\/wp-content\/uploads\/sites\/49\/2014\/08\/vestidos-montaje.jpg 600w, https:\/\/static-blogs.diariosur.es\/wp-content\/uploads\/sites\/49\/2014\/08\/vestidos-montaje-150x150.jpg 150w, https:\/\/static-blogs.diariosur.es\/wp-content\/uploads\/sites\/49\/2014\/08\/vestidos-montaje-300x300.jpg 300w\" sizes=\"(max-width: 600px) 100vw, 600px\" \/><\/a><\/p>\n<p style=\"text-align: center;\">Es, por excelencia, una de las prendas estrella del verano. Y es que con las altas temperaturas asfixiando los term\u00f3metros, el vestido es una alternativa perfecta para ir c\u00f3moda, fresca y elegante, tanto por el d\u00eda como por la noche. Sus defensoras ponen en valor el hecho de que solucionen un look de un plumazo, sin requerir demasiadas complicaciones, y su versatilidad, ya que dependiendo de la combinaci\u00f3n que se haga con los complementos pueden servir para cualquier momento del d\u00eda. Por todos estos motivos -y por muchos m\u00e1s-el vestido es uno de los claros reyes del \u2018street style\u2019 malague\u00f1o de la presente temporada estival. Basta con dar un paseo para comprobar que su protagonismo en los looks que desfilan por la pasarela urbana es aplastante.<br \/>\nTriunfan en clave monocolor -esto es, de un solo tono liso. En estos casos, el tejido cede el foco de las miradas a un buen corte (este a\u00f1o se imponen los de faldas de vuelo -nos gusta el favorecedor modelo rojo que luce\u00a0 en esta p\u00e1gina Pilar Carriqui, de Lefties, para quienes puedan presumir de marcar cintura) o a alg\u00fan detalles especial que lo realce y lo haga \u00fanico. Es el caso del elegido por Silvia Morales, con un tableado y una aplicaci\u00f3n floral en la pechera que le imprimen un romanticismo muy femenino y sofisticado.<br \/>\nEl delicado estilo lencero es otro de los imprescindibles del verano de 2014. Ana Bel\u00e9n Rael se apunta a esta tendencia con un ligero vestido en crudo con encajes de F\u00f3rmula Joven (El Corte Ingl\u00e9s) que remata con acierto con un cintur\u00f3n dorado de cadenas.\u00a0 Marisa Pern\u00eda, por su parte, recurre a un modelo de estampado tie-dye para construir un \u2018outfit\u2019 de inspiraci\u00f3n boho chic. Unas buenas cu\u00f1as o unas sandalias metalizadas son el complemento perfecto.<!--more--><\/p>\n<p><a href=\"\/pasarelaurbana\/wp-content\/uploads\/sites\/49\/2014\/08\/73.jpg\"><img loading=\"lazy\" class=\"aligncenter size-full wp-image-7491\" title=\"7\" src=\"\/pasarelaurbana\/wp-content\/uploads\/sites\/49\/2014\/08\/73.jpg\" alt=\"\" width=\"600\" height=\"800\" srcset=\"https:\/\/static-blogs.diariosur.es\/wp-content\/uploads\/sites\/49\/2014\/08\/73.jpg 600w, https:\/\/static-blogs.diariosur.es\/wp-content\/uploads\/sites\/49\/2014\/08\/73-225x300.jpg 225w\" sizes=\"(max-width: 600px) 100vw, 600px\" \/><\/a><\/p>\n<p><a href=\"\/pasarelaurbana\/wp-content\/uploads\/sites\/49\/2014\/08\/20.jpg\"><img loading=\"lazy\" class=\"aligncenter size-full wp-image-7484\" title=\"20\" src=\"\/pasarelaurbana\/wp-content\/uploads\/sites\/49\/2014\/08\/20.jpg\" alt=\"\" width=\"600\" height=\"800\" srcset=\"https:\/\/static-blogs.diariosur.es\/wp-content\/uploads\/sites\/49\/2014\/08\/20.jpg 600w, https:\/\/static-blogs.diariosur.es\/wp-content\/uploads\/sites\/49\/2014\/08\/20-225x300.jpg 225w\" sizes=\"(max-width: 600px) 100vw, 600px\" \/><\/a><\/p>\n<p><a href=\"\/pasarelaurbana\/wp-content\/uploads\/sites\/49\/2014\/08\/211.jpg\"><img loading=\"lazy\" class=\"aligncenter size-full wp-image-7485\" title=\"21\" src=\"\/pasarelaurbana\/wp-content\/uploads\/sites\/49\/2014\/08\/211.jpg\" alt=\"\" width=\"600\" height=\"800\" srcset=\"https:\/\/static-blogs.diariosur.es\/wp-content\/uploads\/sites\/49\/2014\/08\/211.jpg 600w, https:\/\/static-blogs.diariosur.es\/wp-content\/uploads\/sites\/49\/2014\/08\/211-225x300.jpg 225w\" sizes=\"(max-width: 600px) 100vw, 600px\" \/><\/a><\/p>\n<p><a href=\"\/pasarelaurbana\/wp-content\/uploads\/sites\/49\/2014\/08\/221.jpg\"><img loading=\"lazy\" class=\"aligncenter size-full wp-image-7486\" title=\"22\" src=\"\/pasarelaurbana\/wp-content\/uploads\/sites\/49\/2014\/08\/221.jpg\" alt=\"\" width=\"600\" height=\"800\" srcset=\"https:\/\/static-blogs.diariosur.es\/wp-content\/uploads\/sites\/49\/2014\/08\/221.jpg 600w, https:\/\/static-blogs.diariosur.es\/wp-content\/uploads\/sites\/49\/2014\/08\/221-225x300.jpg 225w\" sizes=\"(max-width: 600px) 100vw, 600px\" \/><\/a><\/p>\n<p><a href=\"\/pasarelaurbana\/wp-content\/uploads\/sites\/49\/2014\/08\/44.jpg\"><img loading=\"lazy\" class=\"aligncenter size-full wp-image-7471\" title=\"4\" src=\"\/pasarelaurbana\/wp-content\/uploads\/sites\/49\/2014\/08\/44.jpg\" alt=\"\" width=\"600\" height=\"800\" srcset=\"https:\/\/static-blogs.diariosur.es\/wp-content\/uploads\/sites\/49\/2014\/08\/44.jpg 600w, https:\/\/static-blogs.diariosur.es\/wp-content\/uploads\/sites\/49\/2014\/08\/44-225x300.jpg 225w\" sizes=\"(max-width: 600px) 100vw, 600px\" \/><\/a><\/p>\n<p style=\"text-align: center;\"><strong>Pilar Carriqui<\/strong>. Graduada en Relaciones Laborales. 25 a\u00f1os<\/p>\n<p style=\"text-align: center;\"><span style=\"text-decoration: underline;\">Cu\u00f1as y gafas retro, dos buenos aliados para un look de d\u00eda<\/span><br \/>\nCuando un vestido tiene un buen corte y sienta bien no hace falta nada m\u00e1s. El rojo pasi\u00f3n le queda como anillo al dedo a Pilar Carriqui, una joven de 25 a\u00f1os graduada en Relaciones Laborales con la que nos topamos el pasado mi\u00e9rcoles por la plaza de Camas durante nuestra sesi\u00f3n semanal de \u2018street style\u2019 por las calles del Centro. Para combatir una jornada de altas temperaturas, Pilar se decant\u00f3 por un vestido ligero de Lefties, \u00abuna prenda c\u00f3moda y s\u00faper vers\u00e1til imprescindible en mi armario en estos meses\u00bb, nos confes\u00f3. Para un look de d\u00eda, remat\u00f3 el \u2018outfit\u2019 con dos perfectos aliados: unas gafas de aires retro Ray-Ban -un modelo que arrasa esta temporada entre las fashionistas- y unas cu\u00f1as marrones con borlones de Oysho. Una c\u00f3moda bandolera de Bimba y Lola en el mismo tono de los zapatos completa este estilismo juvenil, fresco y urbano ideal tanto para ir a la oficina como para dar un paseo por la ciudad, como era el caso de Pilar. Las blusas vaporosas son otro de los b\u00e1sicos estivales que no faltan en sus looks.<\/p>\n<p style=\"text-align: center;\">Vestido:  Lefties.<\/p>\n<p style=\"text-align: center;\"> Sandalias: Oysho.  <\/p>\n<p style=\"text-align: center;\">Bolso: Bimba y Lola.<\/p>\n<p style=\"text-align: center;\">Gafas: Ray-Ban.<\/p>\n<p style=\"text-align: center;\"><a href=\"\/pasarelaurbana\/wp-content\/uploads\/sites\/49\/2014\/08\/18.jpg\"><img loading=\"lazy\" class=\"aligncenter size-full wp-image-7468\" title=\"1\" src=\"\/pasarelaurbana\/wp-content\/uploads\/sites\/49\/2014\/08\/18.jpg\" alt=\"\" width=\"600\" height=\"800\" srcset=\"https:\/\/static-blogs.diariosur.es\/wp-content\/uploads\/sites\/49\/2014\/08\/18.jpg 600w, https:\/\/static-blogs.diariosur.es\/wp-content\/uploads\/sites\/49\/2014\/08\/18-225x300.jpg 225w\" sizes=\"(max-width: 600px) 100vw, 600px\" \/><\/a><\/p>\n<p style=\"text-align: center;\"><a href=\"\/pasarelaurbana\/wp-content\/uploads\/sites\/49\/2014\/08\/131.jpg\"><img loading=\"lazy\" class=\"aligncenter size-full wp-image-7478\" title=\"13\" src=\"\/pasarelaurbana\/wp-content\/uploads\/sites\/49\/2014\/08\/131.jpg\" alt=\"\" width=\"600\" height=\"800\" srcset=\"https:\/\/static-blogs.diariosur.es\/wp-content\/uploads\/sites\/49\/2014\/08\/131.jpg 600w, https:\/\/static-blogs.diariosur.es\/wp-content\/uploads\/sites\/49\/2014\/08\/131-225x300.jpg 225w\" sizes=\"(max-width: 600px) 100vw, 600px\" \/><\/a><\/p>\n<p style=\"text-align: center;\"><a href=\"\/pasarelaurbana\/wp-content\/uploads\/sites\/49\/2014\/08\/141.jpg\"><img loading=\"lazy\" class=\"aligncenter  wp-image-7479\" title=\"14\" src=\"\/pasarelaurbana\/wp-content\/uploads\/sites\/49\/2014\/08\/141.jpg\" alt=\"\" width=\"600\" height=\"800\" srcset=\"https:\/\/static-blogs.diariosur.es\/wp-content\/uploads\/sites\/49\/2014\/08\/141.jpg 600w, https:\/\/static-blogs.diariosur.es\/wp-content\/uploads\/sites\/49\/2014\/08\/141-225x300.jpg 225w\" sizes=\"(max-width: 600px) 100vw, 600px\" \/><\/a><\/p>\n<p style=\"text-align: center;\"><a href=\"\/pasarelaurbana\/wp-content\/uploads\/sites\/49\/2014\/08\/24.jpg\"><img loading=\"lazy\" class=\"aligncenter size-full wp-image-7469\" title=\"2\" src=\"\/pasarelaurbana\/wp-content\/uploads\/sites\/49\/2014\/08\/24.jpg\" alt=\"\" width=\"600\" height=\"800\" srcset=\"https:\/\/static-blogs.diariosur.es\/wp-content\/uploads\/sites\/49\/2014\/08\/24.jpg 600w, https:\/\/static-blogs.diariosur.es\/wp-content\/uploads\/sites\/49\/2014\/08\/24-225x300.jpg 225w\" sizes=\"(max-width: 600px) 100vw, 600px\" \/><\/a><\/p>\n<p style=\"text-align: center;\"><a href=\"\/pasarelaurbana\/wp-content\/uploads\/sites\/49\/2014\/08\/162.jpg\"><img loading=\"lazy\" class=\"aligncenter size-full wp-image-7492\" title=\"16\" src=\"\/pasarelaurbana\/wp-content\/uploads\/sites\/49\/2014\/08\/162.jpg\" alt=\"\" width=\"600\" height=\"800\" srcset=\"https:\/\/static-blogs.diariosur.es\/wp-content\/uploads\/sites\/49\/2014\/08\/162.jpg 600w, https:\/\/static-blogs.diariosur.es\/wp-content\/uploads\/sites\/49\/2014\/08\/162-225x300.jpg 225w\" sizes=\"(max-width: 600px) 100vw, 600px\" \/><\/a><\/p>\n<p style=\"text-align: center;\"><a href=\"\/pasarelaurbana\/wp-content\/uploads\/sites\/49\/2014\/08\/151.jpg\"><img loading=\"lazy\" title=\"15\" src=\"\/pasarelaurbana\/wp-content\/uploads\/sites\/49\/2014\/08\/151.jpg\" alt=\"\" width=\"600\" height=\"450\" \/><\/a><\/p>\n<p style=\"text-align: center;\"><strong>Ana Bel\u00e9n Rael<\/strong>. Dependienta. 28 a\u00f1os<\/p>\n<p style=\"text-align: center;\"><span style=\"text-decoration: underline;\">Un b\u00e1sico infalible de fondo de armario: el lencero<\/span><br \/>\nEs una de esas prendas atemporales que pueden permanecer en los armarios temporada tras temporada en plena forma. Este est\u00edo, adem\u00e1s, son tendencia, as\u00ed que los vestidos lenceros sacan m\u00fasculo sobre la pasarela urbana convertidos en protagonistas de un sinf\u00edn de looks. Ana Bel\u00e9n Rael, una dependienta malague\u00f1a de 28 a\u00f1os, destila romanticismo y feminidad con este modelo en crudo con encajes y maxi volante en el pecho firmado por F\u00f3rmula Joven (El Corte Ingl\u00e9s). Unas sandalias doradas de Zara y un bolso bandolera en camel de Purificaci\u00f3n Garc\u00eda son sus compa\u00f1eros de viaje para una jornada de tiendas por el coraz\u00f3n de la ciudad. \u00abMe encantan los vestidos porque son comod\u00edsimos\u00bb, nos dijo.<\/p>\n<p style=\"text-align: center;\">Vestido: F\u00f3rmula Joven (El Corte Ingl\u00e9s).<\/p>\n<p style=\"text-align: center;\"> Sandalias: Zara.<\/p>\n<p style=\"text-align: center;\">Bolso: Purificaci\u00f3n Garc\u00eda.<\/p>\n<p style=\"text-align: center;\">Cintur\u00f3n: Mango.<\/p>\n<p style=\"text-align: center;\"><a href=\"\/pasarelaurbana\/wp-content\/uploads\/sites\/49\/2014\/08\/112.jpg\"><img loading=\"lazy\" class=\"aligncenter size-full wp-image-7476\" title=\"11\" src=\"\/pasarelaurbana\/wp-content\/uploads\/sites\/49\/2014\/08\/112.jpg\" alt=\"\" width=\"600\" height=\"800\" srcset=\"https:\/\/static-blogs.diariosur.es\/wp-content\/uploads\/sites\/49\/2014\/08\/112.jpg 600w, https:\/\/static-blogs.diariosur.es\/wp-content\/uploads\/sites\/49\/2014\/08\/112-225x300.jpg 225w\" sizes=\"(max-width: 600px) 100vw, 600px\" \/><\/a><\/p>\n<p style=\"text-align: center;\"><a href=\"\/pasarelaurbana\/wp-content\/uploads\/sites\/49\/2014\/08\/241.jpg\"><img loading=\"lazy\" class=\"aligncenter size-full wp-image-7488\" title=\"24\" src=\"\/pasarelaurbana\/wp-content\/uploads\/sites\/49\/2014\/08\/241.jpg\" alt=\"\" width=\"600\" height=\"800\" srcset=\"https:\/\/static-blogs.diariosur.es\/wp-content\/uploads\/sites\/49\/2014\/08\/241.jpg 600w, https:\/\/static-blogs.diariosur.es\/wp-content\/uploads\/sites\/49\/2014\/08\/241-225x300.jpg 225w\" sizes=\"(max-width: 600px) 100vw, 600px\" \/><\/a><\/p>\n<p style=\"text-align: center;\"><a href=\"\/pasarelaurbana\/wp-content\/uploads\/sites\/49\/2014\/08\/25.jpg\"><img loading=\"lazy\" class=\"aligncenter size-full wp-image-7489\" title=\"25\" src=\"\/pasarelaurbana\/wp-content\/uploads\/sites\/49\/2014\/08\/25.jpg\" alt=\"\" width=\"600\" height=\"800\" srcset=\"https:\/\/static-blogs.diariosur.es\/wp-content\/uploads\/sites\/49\/2014\/08\/25.jpg 600w, https:\/\/static-blogs.diariosur.es\/wp-content\/uploads\/sites\/49\/2014\/08\/25-225x300.jpg 225w\" sizes=\"(max-width: 600px) 100vw, 600px\" \/><\/a><\/p>\n<p style=\"text-align: center;\"><a href=\"\/pasarelaurbana\/wp-content\/uploads\/sites\/49\/2014\/08\/26.jpg\"><img loading=\"lazy\" class=\"aligncenter size-full wp-image-7490\" title=\"26\" src=\"\/pasarelaurbana\/wp-content\/uploads\/sites\/49\/2014\/08\/26.jpg\" alt=\"\" width=\"600\" height=\"800\" srcset=\"https:\/\/static-blogs.diariosur.es\/wp-content\/uploads\/sites\/49\/2014\/08\/26.jpg 600w, https:\/\/static-blogs.diariosur.es\/wp-content\/uploads\/sites\/49\/2014\/08\/26-225x300.jpg 225w\" sizes=\"(max-width: 600px) 100vw, 600px\" \/><\/a><\/p>\n<p style=\"text-align: center;\"><a href=\"\/pasarelaurbana\/wp-content\/uploads\/sites\/49\/2014\/08\/27.jpg\"><img loading=\"lazy\" class=\"aligncenter size-full wp-image-7482\" title=\"27\" src=\"\/pasarelaurbana\/wp-content\/uploads\/sites\/49\/2014\/08\/27.jpg\" alt=\"\" width=\"600\" height=\"800\" srcset=\"https:\/\/static-blogs.diariosur.es\/wp-content\/uploads\/sites\/49\/2014\/08\/27.jpg 600w, https:\/\/static-blogs.diariosur.es\/wp-content\/uploads\/sites\/49\/2014\/08\/27-225x300.jpg 225w\" sizes=\"(max-width: 600px) 100vw, 600px\" \/><\/a><\/p>\n<p style=\"text-align: center;\"><a href=\"\/pasarelaurbana\/wp-content\/uploads\/sites\/49\/2014\/08\/122.jpg\"><img loading=\"lazy\" class=\"aligncenter size-full wp-image-7477\" title=\"12\" src=\"\/pasarelaurbana\/wp-content\/uploads\/sites\/49\/2014\/08\/122.jpg\" alt=\"\" width=\"600\" height=\"800\" srcset=\"https:\/\/static-blogs.diariosur.es\/wp-content\/uploads\/sites\/49\/2014\/08\/122.jpg 600w, https:\/\/static-blogs.diariosur.es\/wp-content\/uploads\/sites\/49\/2014\/08\/122-225x300.jpg 225w\" sizes=\"(max-width: 600px) 100vw, 600px\" \/><\/a><\/p>\n<p style=\"text-align: center;\"><strong>Marisa Pern\u00eda<\/strong>. Empleada del sector jur\u00eddico<\/p>\n<p style=\"text-align: center;\"><span style=\"text-decoration: underline;\">En clave tie-dye, perfecto para un \u2018outfit\u2019 hippy chic<\/span><br \/>\nAmante del estilo \u2018hippy chic\u2019, tan de moda estos meses de verano, Marisa Pern\u00eda apost\u00f3 por un favorecedor vestido tie-dye -de efecto degradado- en azul klein para una jornada de gestiones por el Centro. El modelo es una de las joyas de su armario, obra de una dise\u00f1adora cubana a quien se lo encarg\u00f3 en uno de sus viajes. Para mantener la est\u00e9tica boho, esta trabajadora de sector jur\u00eddico opt\u00f3 por maridarlo con un colorido pa\u00f1uelo en tonos azules y verdes y un capazo de mimbre. Unas sandalias con aplicaciones florales y un brazalete de cuentas y abalorios de mercadillo coronan su look.<\/p>\n<p style=\"text-align: center;\">Vestido: De una dise\u00f1adora cubana (tra\u00eddo de un viaje).  <\/p>\n<p style=\"text-align: center;\">Sandalias: Zapateria local.<\/p>\n<p style=\"text-align: center;\">Capazo: Pura Vida.<\/p>\n<p style=\"text-align: center;\">Pulseras: De mercadillo.<\/p>\n<p style=\"text-align: center;\">Reloj: \u00d3palo.<\/p>\n<p>\u00a0<a href=\"\/pasarelaurbana\/wp-content\/uploads\/sites\/49\/2014\/08\/101.jpg\"><img loading=\"lazy\" class=\"aligncenter size-full wp-image-7475\" title=\"10\" src=\"\/pasarelaurbana\/wp-content\/uploads\/sites\/49\/2014\/08\/101.jpg\" alt=\"\" width=\"600\" height=\"800\" srcset=\"https:\/\/static-blogs.diariosur.es\/wp-content\/uploads\/sites\/49\/2014\/08\/101.jpg 600w, https:\/\/static-blogs.diariosur.es\/wp-content\/uploads\/sites\/49\/2014\/08\/101-225x300.jpg 225w\" sizes=\"(max-width: 600px) 100vw, 600px\" \/><\/a><\/p>\n<p><a href=\"\/pasarelaurbana\/wp-content\/uploads\/sites\/49\/2014\/08\/181.jpg\"><img loading=\"lazy\" class=\"aligncenter size-full wp-image-7483\" title=\"18\" src=\"\/pasarelaurbana\/wp-content\/uploads\/sites\/49\/2014\/08\/181.jpg\" alt=\"\" width=\"600\" height=\"800\" srcset=\"https:\/\/static-blogs.diariosur.es\/wp-content\/uploads\/sites\/49\/2014\/08\/181.jpg 600w, https:\/\/static-blogs.diariosur.es\/wp-content\/uploads\/sites\/49\/2014\/08\/181-225x300.jpg 225w\" sizes=\"(max-width: 600px) 100vw, 600px\" \/><\/a><\/p>\n<p><a href=\"\/pasarelaurbana\/wp-content\/uploads\/sites\/49\/2014\/08\/17.jpg\"><img loading=\"lazy\" class=\"aligncenter size-full wp-image-7467\" title=\"17\" src=\"\/pasarelaurbana\/wp-content\/uploads\/sites\/49\/2014\/08\/17.jpg\" alt=\"\" width=\"600\" height=\"800\" srcset=\"https:\/\/static-blogs.diariosur.es\/wp-content\/uploads\/sites\/49\/2014\/08\/17.jpg 600w, https:\/\/static-blogs.diariosur.es\/wp-content\/uploads\/sites\/49\/2014\/08\/17-225x300.jpg 225w\" sizes=\"(max-width: 600px) 100vw, 600px\" \/><\/a><\/p>\n<p>&nbsp;<\/p>\n<p style=\"text-align: center;\"><a href=\"\/pasarelaurbana\/wp-content\/uploads\/sites\/49\/2014\/08\/91.jpg\"><img loading=\"lazy\" class=\"aligncenter size-full wp-image-7474\" title=\"9\" src=\"\/pasarelaurbana\/wp-content\/uploads\/sites\/49\/2014\/08\/91.jpg\" alt=\"\" width=\"600\" height=\"800\" srcset=\"https:\/\/static-blogs.diariosur.es\/wp-content\/uploads\/sites\/49\/2014\/08\/91.jpg 600w, https:\/\/static-blogs.diariosur.es\/wp-content\/uploads\/sites\/49\/2014\/08\/91-225x300.jpg 225w\" sizes=\"(max-width: 600px) 100vw, 600px\" \/><\/a><\/p>\n<p style=\"text-align: center;\"><strong>Silvia Morales<\/strong>. Ingeniera de Caminos. 39 a\u00f1os<\/p>\n<p style=\"text-align: center;\"><span style=\"text-decoration: underline;\">Detalles que hacen especial un modelo monocolor<\/span><br \/>\nSe define cl\u00e1sica, pero con un punto rom\u00e1ntico que le empuja a buscar esos pequellos detalles sutiles y delicados que hacen especiales unas prenda, por muy b\u00e1sica que sea. Buen ejemplo de ello es el vestido con el que nos la cruzamos paseando por calle Larios. Para la ocasi\u00f3n\u00a0 Silvia Morales, una ingeniera de caminos de 39 a\u00f1os , eligi\u00f3 un modelo en verde de una boutique de Gij\u00f3n donde las jaretas y la flor de la pechera centran las miradas. Unas c\u00f3modas sandalias doradas completan su propuesta.<\/p>\n<p style=\"text-align: center;\">Vestido: Comprado en Gij\u00f3n (El Atelier).<\/p>\n<p style=\"text-align: center;\">Bandolera: Bimba y Lola.<\/p>\n<p style=\"text-align: center;\">Sandalias: De una zapater\u00eda de calle Nueva.<\/p>\n<p style=\"text-align: center;\">\u00a1Feliz fin de semana! Os espero en Instagram<strong> @almudena30<\/strong> y en Twitter <strong>@almunogues<\/strong><\/p>\n","protected":false},"excerpt":{"rendered":"<p>Es, por excelencia, una de las prendas estrella del verano. Y es que con las altas temperaturas asfixiando los term\u00f3metros, el vestido es una alternativa perfecta para ir c\u00f3moda, fresca y elegante, tanto por el d\u00eda como por la noche. Sus defensoras ponen en valor el hecho de que solucionen un look de un plumazo, [&hellip;]<\/p>\n","protected":false},"author":54,"featured_media":0,"comment_status":"open","ping_status":"open","sticky":false,"template":"","format":"standard","meta":[],"categories":[2],"tags":[],"_links":{"self":[{"href":"https:\/\/blogs.diariosur.es\/pasarelaurbana\/wp-json\/wp\/v2\/posts\/7466"}],"collection":[{"href":"https:\/\/blogs.diariosur.es\/pasarelaurbana\/wp-json\/wp\/v2\/posts"}],"about":[{"href":"https:\/\/blogs.diariosur.es\/pasarelaurbana\/wp-json\/wp\/v2\/types\/post"}],"author":[{"embeddable":true,"href":"https:\/\/blogs.diariosur.es\/pasarelaurbana\/wp-json\/wp\/v2\/users\/54"}],"replies":[{"embeddable":true,"href":"https:\/\/blogs.diariosur.es\/pasarelaurbana\/wp-json\/wp\/v2\/comments?post=7466"}],"version-history":[{"count":0,"href":"https:\/\/blogs.diariosur.es\/pasarelaurbana\/wp-json\/wp\/v2\/posts\/7466\/revisions"}],"wp:attachment":[{"href":"https:\/\/blogs.diariosur.es\/pasarelaurbana\/wp-json\/wp\/v2\/media?parent=7466"}],"wp:term":[{"taxonomy":"category","embeddable":true,"href":"https:\/\/blogs.diariosur.es\/pasarelaurbana\/wp-json\/wp\/v2\/categories?post=7466"},{"taxonomy":"post_tag","embeddable":true,"href":"https:\/\/blogs.diariosur.es\/pasarelaurbana\/wp-json\/wp\/v2\/tags?post=7466"}],"curies":[{"name":"wp","href":"https:\/\/api.w.org\/{rel}","templated":true}]}}