{"id":7493,"date":"2014-08-29T15:55:24","date_gmt":"2014-08-29T13:55:24","guid":{"rendered":"http:\/\/blogs.diariosur.es\/pasarelaurbana\/?p=7493"},"modified":"2014-08-29T15:55:24","modified_gmt":"2014-08-29T13:55:24","slug":"una-moda-con-mucha-garra","status":"publish","type":"post","link":"https:\/\/blogs.diariosur.es\/pasarelaurbana\/2014\/08\/29\/una-moda-con-mucha-garra\/","title":{"rendered":"Una moda con mucha garra"},"content":{"rendered":"<p style=\"text-align: center;\"><a href=\"\/pasarelaurbana\/wp-content\/uploads\/sites\/49\/2014\/08\/montaje2.jpg\"><img loading=\"lazy\" title=\"montaje\" src=\"\/pasarelaurbana\/wp-content\/uploads\/sites\/49\/2014\/08\/montaje2.jpg\" alt=\"\" width=\"600\" height=\"600\" \/><\/a><\/p>\n<p style=\"text-align: center;\">Si hay un estampado incombustible, de esos que vuelve a la carga temporada tras temporada -da igual que sea invierno o verano- ese es el de &#8216;print animal&#8217;. <strong>Cl\u00e1sico y eterno, en cualquiera de sus variantes, se reinventa cara al pr\u00f3ximo oto\u00f1o<\/strong> en su formato m\u00e1s tradicional y con combinaciones de colores sorprendentes (como rojo, gris o mostaza). La fiebre animal seguir\u00e1 siendo, pues, la reina de la selva -y de nuestros armarios a tenor del avance de las nuevas colecciones que ya cuelgan en las principales tiendas &#8216;low cost&#8217;. Abrigos, kimonos, camisetas, camisas,\u00a0 shorts, sofisticados vestidos vaporosos para ir a la oficina, bolsos&#8230;el repertorio donde elegir es ampl\u00edsimo.<strong> Inma S\u00e1nchez<\/strong>, la protagonista de nuestra sesi\u00f3n de &#8216;street style&#8217; de hoy, lo lleva en formato mono, convirti\u00e9ndolo en protagonista de <strong>un outfit minimal y juvenil perfecto para pasear un d\u00eda de verano<\/strong>. Esta joven\u00a0 -con la que nos topamos por calle Larios- completa el estilismo con sandalias planas en marr\u00f3n y brazalete negro. Y t\u00fa, \u00bfte apuntas a la moda m\u00e1s salvaje? <strong>Luce el print animal en total look o atr\u00e9vete a buscarle atrevidas parejas<\/strong> -me gustan los shorts con camisetas en blanco y negro con mensaje, o aliar estas prendas con complementos en colores m\u00e1s llamativos como frambuesa o mostaza, tan de tendencia este oto\u00f1o.<\/p>\n<p style=\"text-align: center;\">Para que os inspir\u00e9is os dejo con <strong>una selecci\u00f3n de art\u00edculos de este estampado reci\u00e9n salidos del horno.<\/strong> \u00a1Y recordad, ma\u00f1ana nuevo especial &#8216;street style&#8217; con las mejores propuestas fichadas en las calles de M\u00e1laga! Os espero en Instagram<strong> @almudena30<\/strong> y en Twitter<strong> @almunogues.<\/strong> \u00a1Feliz fin de semana!<\/p>\n<p style=\"text-align: center;\"><!--more--><\/p>\n<p><a href=\"\/pasarelaurbana\/wp-content\/uploads\/sites\/49\/2014\/08\/leouno.jpg\"><img loading=\"lazy\" class=\"aligncenter size-full wp-image-7503\" title=\"leouno\" src=\"\/pasarelaurbana\/wp-content\/uploads\/sites\/49\/2014\/08\/leouno.jpg\" alt=\"\" width=\"600\" height=\"800\" srcset=\"https:\/\/static-blogs.diariosur.es\/wp-content\/uploads\/sites\/49\/2014\/08\/leouno.jpg 600w, https:\/\/static-blogs.diariosur.es\/wp-content\/uploads\/sites\/49\/2014\/08\/leouno-225x300.jpg 225w\" sizes=\"(max-width: 600px) 100vw, 600px\" \/><\/a><\/p>\n<p><a href=\"\/pasarelaurbana\/wp-content\/uploads\/sites\/49\/2014\/08\/leodos.jpg\"><img loading=\"lazy\" class=\"aligncenter size-full wp-image-7501\" title=\"leodos\" src=\"\/pasarelaurbana\/wp-content\/uploads\/sites\/49\/2014\/08\/leodos.jpg\" alt=\"\" width=\"600\" height=\"800\" srcset=\"https:\/\/static-blogs.diariosur.es\/wp-content\/uploads\/sites\/49\/2014\/08\/leodos.jpg 600w, https:\/\/static-blogs.diariosur.es\/wp-content\/uploads\/sites\/49\/2014\/08\/leodos-225x300.jpg 225w\" sizes=\"(max-width: 600px) 100vw, 600px\" \/><\/a><\/p>\n<p><a href=\"\/pasarelaurbana\/wp-content\/uploads\/sites\/49\/2014\/08\/leotres.jpg\"><img loading=\"lazy\" class=\"aligncenter size-full wp-image-7502\" title=\"leotres\" src=\"\/pasarelaurbana\/wp-content\/uploads\/sites\/49\/2014\/08\/leotres.jpg\" alt=\"\" width=\"600\" height=\"800\" srcset=\"https:\/\/static-blogs.diariosur.es\/wp-content\/uploads\/sites\/49\/2014\/08\/leotres.jpg 600w, https:\/\/static-blogs.diariosur.es\/wp-content\/uploads\/sites\/49\/2014\/08\/leotres-225x300.jpg 225w\" sizes=\"(max-width: 600px) 100vw, 600px\" \/><\/a><\/p>\n<p><a href=\"\/pasarelaurbana\/wp-content\/uploads\/sites\/49\/2014\/08\/leocuatro.jpg\"><img loading=\"lazy\" class=\"aligncenter size-full wp-image-7500\" title=\"leocuatro\" src=\"\/pasarelaurbana\/wp-content\/uploads\/sites\/49\/2014\/08\/leocuatro.jpg\" alt=\"\" width=\"600\" height=\"450\" srcset=\"https:\/\/static-blogs.diariosur.es\/wp-content\/uploads\/sites\/49\/2014\/08\/leocuatro.jpg 600w, https:\/\/static-blogs.diariosur.es\/wp-content\/uploads\/sites\/49\/2014\/08\/leocuatro-300x225.jpg 300w\" sizes=\"(max-width: 600px) 100vw, 600px\" \/><\/a><\/p>\n<p style=\"text-align: center;\">Sobre estas l\u00edneas, el look de<strong> Isabel S\u00e1nchez<\/strong>, con mono de Primark, sandalias de Lefties y pulseras de Blanco.<\/p>\n<p style=\"text-align: center;\"><a href=\"\/pasarelaurbana\/wp-content\/uploads\/sites\/49\/2014\/08\/zaratop.jpg\"><img loading=\"lazy\" class=\"aligncenter size-full wp-image-7506\" title=\"zaratop\" src=\"\/pasarelaurbana\/wp-content\/uploads\/sites\/49\/2014\/08\/zaratop.jpg\" alt=\"\" width=\"600\" height=\"744\" srcset=\"https:\/\/static-blogs.diariosur.es\/wp-content\/uploads\/sites\/49\/2014\/08\/zaratop.jpg 600w, https:\/\/static-blogs.diariosur.es\/wp-content\/uploads\/sites\/49\/2014\/08\/zaratop-242x300.jpg 242w\" sizes=\"(max-width: 600px) 100vw, 600px\" \/><\/a><\/p>\n<p style=\"text-align: center;\"><a href=\"\/pasarelaurbana\/wp-content\/uploads\/sites\/49\/2014\/08\/zaratopdos.jpg\"><img loading=\"lazy\" class=\"aligncenter size-full wp-image-7494\" title=\"zaratopdos\" src=\"\/pasarelaurbana\/wp-content\/uploads\/sites\/49\/2014\/08\/zaratopdos.jpg\" alt=\"\" width=\"600\" height=\"744\" srcset=\"https:\/\/static-blogs.diariosur.es\/wp-content\/uploads\/sites\/49\/2014\/08\/zaratopdos.jpg 600w, https:\/\/static-blogs.diariosur.es\/wp-content\/uploads\/sites\/49\/2014\/08\/zaratopdos-242x300.jpg 242w\" sizes=\"(max-width: 600px) 100vw, 600px\" \/><\/a><\/p>\n<p style=\"text-align: center;\"><a href=\"\/pasarelaurbana\/wp-content\/uploads\/sites\/49\/2014\/08\/bermudas.jpg\"><img loading=\"lazy\" class=\"aligncenter size-full wp-image-7495\" title=\"bermudas\" src=\"\/pasarelaurbana\/wp-content\/uploads\/sites\/49\/2014\/08\/bermudas.jpg\" alt=\"\" width=\"600\" height=\"744\" srcset=\"https:\/\/static-blogs.diariosur.es\/wp-content\/uploads\/sites\/49\/2014\/08\/bermudas.jpg 600w, https:\/\/static-blogs.diariosur.es\/wp-content\/uploads\/sites\/49\/2014\/08\/bermudas-242x300.jpg 242w\" sizes=\"(max-width: 600px) 100vw, 600px\" \/><\/a><\/p>\n<p style=\"text-align: center;\">Arriba, tres de las prendas de las nueva colecci\u00f3n de<strong> Zara<\/strong>, que apuesta por las motas XL:<\/p>\n<p style=\"text-align: center;\"><a href=\"\/pasarelaurbana\/wp-content\/uploads\/sites\/49\/2014\/08\/hmcamiseta.jpg\"><img loading=\"lazy\" class=\"aligncenter size-full wp-image-7497\" title=\"hmcamiseta\" src=\"\/pasarelaurbana\/wp-content\/uploads\/sites\/49\/2014\/08\/hmcamiseta.jpg\" alt=\"\" width=\"600\" height=\"900\" srcset=\"https:\/\/static-blogs.diariosur.es\/wp-content\/uploads\/sites\/49\/2014\/08\/hmcamiseta.jpg 600w, https:\/\/static-blogs.diariosur.es\/wp-content\/uploads\/sites\/49\/2014\/08\/hmcamiseta-200x300.jpg 200w\" sizes=\"(max-width: 600px) 100vw, 600px\" \/><\/a><\/p>\n<p style=\"text-align: center;\">Camiseta de <strong>H&#038;M<\/strong><\/p>\n<p style=\"text-align: center;\"><a href=\"\/pasarelaurbana\/wp-content\/uploads\/sites\/49\/2014\/08\/mangoleopardo.jpg\"><img loading=\"lazy\" class=\"aligncenter size-full wp-image-7504\" title=\"mangoleopardo\" src=\"\/pasarelaurbana\/wp-content\/uploads\/sites\/49\/2014\/08\/mangoleopardo.jpg\" alt=\"\" width=\"600\" height=\"839\" srcset=\"https:\/\/static-blogs.diariosur.es\/wp-content\/uploads\/sites\/49\/2014\/08\/mangoleopardo.jpg 600w, https:\/\/static-blogs.diariosur.es\/wp-content\/uploads\/sites\/49\/2014\/08\/mangoleopardo-215x300.jpg 215w\" sizes=\"(max-width: 600px) 100vw, 600px\" \/><\/a><\/p>\n<p style=\"text-align: center;\"><a href=\"\/pasarelaurbana\/wp-content\/uploads\/sites\/49\/2014\/08\/mango-leopardo.jpg\"><img loading=\"lazy\" class=\"aligncenter size-full wp-image-7505\" title=\"mango-leopardo\" src=\"\/pasarelaurbana\/wp-content\/uploads\/sites\/49\/2014\/08\/mango-leopardo.jpg\" alt=\"\" width=\"600\" height=\"839\" srcset=\"https:\/\/static-blogs.diariosur.es\/wp-content\/uploads\/sites\/49\/2014\/08\/mango-leopardo.jpg 600w, https:\/\/static-blogs.diariosur.es\/wp-content\/uploads\/sites\/49\/2014\/08\/mango-leopardo-215x300.jpg 215w\" sizes=\"(max-width: 600px) 100vw, 600px\" \/><\/a><\/p>\n<p style=\"text-align: center;\">Dos propuestas de vestidos vaporosos de<strong> Mango<\/strong><\/p>\n<p style=\"text-align: center;\"><a href=\"\/pasarelaurbana\/wp-content\/uploads\/sites\/49\/2014\/08\/kimono-bka1.jpg\"><img loading=\"lazy\" class=\"aligncenter size-full wp-image-7508\" title=\"kimono-bka\" src=\"\/pasarelaurbana\/wp-content\/uploads\/sites\/49\/2014\/08\/kimono-bka1.jpg\" alt=\"\" width=\"600\" height=\"769\" srcset=\"https:\/\/static-blogs.diariosur.es\/wp-content\/uploads\/sites\/49\/2014\/08\/kimono-bka1.jpg 600w, https:\/\/static-blogs.diariosur.es\/wp-content\/uploads\/sites\/49\/2014\/08\/kimono-bka1-234x300.jpg 234w\" sizes=\"(max-width: 600px) 100vw, 600px\" \/><\/a><\/p>\n<p style=\"text-align: center;\">Kimono de<strong> Bershka<\/strong>. \u00a1Precioso!<\/p>\n<p style=\"text-align: center;\"><a href=\"\/pasarelaurbana\/wp-content\/uploads\/sites\/49\/2014\/08\/kling-vestido.jpg\"><img loading=\"lazy\" class=\"aligncenter size-full wp-image-7499\" title=\"kling-vestido\" src=\"\/pasarelaurbana\/wp-content\/uploads\/sites\/49\/2014\/08\/kling-vestido.jpg\" alt=\"\" width=\"600\" height=\"897\" srcset=\"https:\/\/static-blogs.diariosur.es\/wp-content\/uploads\/sites\/49\/2014\/08\/kling-vestido.jpg 600w, https:\/\/static-blogs.diariosur.es\/wp-content\/uploads\/sites\/49\/2014\/08\/kling-vestido-201x300.jpg 201w\" sizes=\"(max-width: 600px) 100vw, 600px\" \/><\/a><\/p>\n<p style=\"text-align: center;\"><a href=\"\/pasarelaurbana\/wp-content\/uploads\/sites\/49\/2014\/08\/bolso-kling.jpg\"><img loading=\"lazy\" class=\"aligncenter size-full wp-image-7496\" title=\"bolso-kling\" src=\"\/pasarelaurbana\/wp-content\/uploads\/sites\/49\/2014\/08\/bolso-kling.jpg\" alt=\"\" width=\"600\" height=\"897\" srcset=\"https:\/\/static-blogs.diariosur.es\/wp-content\/uploads\/sites\/49\/2014\/08\/bolso-kling.jpg 600w, https:\/\/static-blogs.diariosur.es\/wp-content\/uploads\/sites\/49\/2014\/08\/bolso-kling-201x300.jpg 201w\" sizes=\"(max-width: 600px) 100vw, 600px\" \/><\/a><\/p>\n<p style=\"text-align: center;\">Sobre estas l\u00edneas, vestido y bolsito bandolera redondo de <strong>Kling<\/strong><\/p>\n<p style=\"text-align: center;\"><a href=\"\/pasarelaurbana\/wp-content\/uploads\/sites\/49\/2014\/08\/mochilaasos.jpg\"><img loading=\"lazy\" class=\"aligncenter size-full wp-image-7507\" title=\"mochilaasos\" src=\"\/pasarelaurbana\/wp-content\/uploads\/sites\/49\/2014\/08\/mochilaasos.jpg\" alt=\"\" width=\"600\" height=\"766\" srcset=\"https:\/\/static-blogs.diariosur.es\/wp-content\/uploads\/sites\/49\/2014\/08\/mochilaasos.jpg 600w, https:\/\/static-blogs.diariosur.es\/wp-content\/uploads\/sites\/49\/2014\/08\/mochilaasos-235x300.jpg 235w\" sizes=\"(max-width: 600px) 100vw, 600px\" \/><\/a><\/p>\n<p style=\"text-align: center;\">Mochila de<strong> Asos<\/strong><\/p>\n<p style=\"text-align: center;\">\u00a1Espero que os haya gustado! \u00a1Hasta ma\u00f1ana!<\/p>\n<p style=\"text-align: center;\">\n","protected":false},"excerpt":{"rendered":"<p>Si hay un estampado incombustible, de esos que vuelve a la carga temporada tras temporada -da igual que sea invierno o verano- ese es el de &#8216;print animal&#8217;. Cl\u00e1sico y eterno, en cualquiera de sus variantes, se reinventa cara al pr\u00f3ximo oto\u00f1o en su formato m\u00e1s tradicional y con combinaciones de colores sorprendentes (como rojo, [&hellip;]<\/p>\n","protected":false},"author":54,"featured_media":0,"comment_status":"open","ping_status":"open","sticky":false,"template":"","format":"standard","meta":[],"categories":[2],"tags":[],"_links":{"self":[{"href":"https:\/\/blogs.diariosur.es\/pasarelaurbana\/wp-json\/wp\/v2\/posts\/7493"}],"collection":[{"href":"https:\/\/blogs.diariosur.es\/pasarelaurbana\/wp-json\/wp\/v2\/posts"}],"about":[{"href":"https:\/\/blogs.diariosur.es\/pasarelaurbana\/wp-json\/wp\/v2\/types\/post"}],"author":[{"embeddable":true,"href":"https:\/\/blogs.diariosur.es\/pasarelaurbana\/wp-json\/wp\/v2\/users\/54"}],"replies":[{"embeddable":true,"href":"https:\/\/blogs.diariosur.es\/pasarelaurbana\/wp-json\/wp\/v2\/comments?post=7493"}],"version-history":[{"count":0,"href":"https:\/\/blogs.diariosur.es\/pasarelaurbana\/wp-json\/wp\/v2\/posts\/7493\/revisions"}],"wp:attachment":[{"href":"https:\/\/blogs.diariosur.es\/pasarelaurbana\/wp-json\/wp\/v2\/media?parent=7493"}],"wp:term":[{"taxonomy":"category","embeddable":true,"href":"https:\/\/blogs.diariosur.es\/pasarelaurbana\/wp-json\/wp\/v2\/categories?post=7493"},{"taxonomy":"post_tag","embeddable":true,"href":"https:\/\/blogs.diariosur.es\/pasarelaurbana\/wp-json\/wp\/v2\/tags?post=7493"}],"curies":[{"name":"wp","href":"https:\/\/api.w.org\/{rel}","templated":true}]}}