{"id":7519,"date":"2014-09-04T16:21:51","date_gmt":"2014-09-04T14:21:51","guid":{"rendered":"http:\/\/blogs.diariosur.es\/pasarelaurbana\/?p=7519"},"modified":"2014-09-04T16:21:51","modified_gmt":"2014-09-04T14:21:51","slug":"esperando-a-letizia-repasamos-sus-mejores-looks","status":"publish","type":"post","link":"https:\/\/blogs.diariosur.es\/pasarelaurbana\/2014\/09\/04\/esperando-a-letizia-repasamos-sus-mejores-looks\/","title":{"rendered":"Esperando a Letizia&#8230;repasamos sus mejores looks"},"content":{"rendered":"<p style=\"text-align: center;\">Cl\u00e1sica pero atenta a las tendencias -a las que siempre hace un gui\u00f1o: hace poco sin ir m\u00e1s lejos la vimos con gafas de sol tornasoladas-. Sobria en los actos oficiales y casual chic cuando su apretada agenda se lo permite. As\u00ed el el estilo de la Reina do\u00f1a Letizia. Gusten o no, lo cierto es que sus looks no pasan nunca inadvertidos. Desde aquel &#8216;total white&#8217; con el que anunci\u00f3 su compromiso, hasta aquel precioso vestido asim\u00e9trico azul que luci\u00f3 en el enlace de Nicol\u00e1s de Grecia o el nude de la boda de Victoria de Suecia, lo cierto es que Letizia nos ha regalado grandes estilismos en sus apariciones, todos marcados por su sello personal, con la sencillez, la feminidad y la elegancia por bandera. En su armario no faltan los vestidos rectos, los encajes, los tonos nude, el rojo y los trajes sastre, convertidos ya en su se\u00f1a de identidad. Con Felipe Varela como su modisto de cabecera,\u00a0 en su vestidor se repiten las prendas de Hugo Boss, algunas low cost como Mango y zapatos de Magrit, sus favoritos.<\/p>\n<p style=\"text-align: center;\">Ma\u00f1ana do\u00f1a<strong> Letizia recalar\u00e1 en M\u00e1laga en una visita fugaz en la que las miradas estar\u00e1n centradas como s habitual en su &#8216;outfit&#8217;.<\/strong> \u00bfQu\u00e9 llevar\u00e1? Mientras salimos de dudas repasamos sus mejores looks, los m\u00e1s aplaudidos, esos que han hecho que le lluevan elogios&#8230;Estas son algunas de sus mejores propuestas:<\/p>\n<p style=\"text-align: center;\"><a href=\"\/pasarelaurbana\/wp-content\/uploads\/sites\/49\/2014\/09\/11.jpg\"><img loading=\"lazy\" class=\"aligncenter size-full wp-image-7521\" title=\"1\" src=\"\/pasarelaurbana\/wp-content\/uploads\/sites\/49\/2014\/09\/11.jpg\" alt=\"\" width=\"600\" height=\"954\" srcset=\"https:\/\/static-blogs.diariosur.es\/wp-content\/uploads\/sites\/49\/2014\/09\/11.jpg 600w, https:\/\/static-blogs.diariosur.es\/wp-content\/uploads\/sites\/49\/2014\/09\/11-189x300.jpg 189w\" sizes=\"(max-width: 600px) 100vw, 600px\" \/><\/a><\/p>\n<p style=\"text-align: center;\"><!--more--><\/p>\n<p style=\"text-align: center;\">Pocos d\u00edas antes de su boda con el Pr\u00edncipe Felipe, do\u00f1a Letizia acudi\u00f3 a la<strong> boda de Mary Donaldson con el Pr\u00edncipe Federico de Dinamarca<\/strong> donde sorprendi\u00f3 a todos durante los ensayos previos al d\u00eda del enlace, celebrados el 14 de mayo en la Iglesia de Nuestra Se\u00f1ora de Copenhague, con un espectacular mdoelo rojo digno de diva de Hollywood.\u00a0 Para la ocasi\u00f3n, la futura Princesa de Asturias eligi\u00f3 una creaci\u00f3n en crep\u00e9 sat\u00e9n y tul de seda natural en rojo con pronunciada cola y drapeados en escote y espalda obra del modisto madrile\u00f1o <strong>Lorenzo Caprile<\/strong> confeccionado con tejidos espa\u00f1oles que proced\u00edan de la firma textil madrile\u00f1a Jos\u00e9 Mar\u00eda Ruiz. Unos zapatos de Pura L\u00f3pez y un bolso de mano bordado con canutillos de cristal y broche y pendientes estilo \u2018Art Dec\u00f3\u2019\u00a0 cedidos por Do\u00f1a Sof\u00eda para el evento pusieron la guinda a un look de sobresaliente.<\/p>\n<p style=\"text-align: center;\"><a href=\"\/pasarelaurbana\/wp-content\/uploads\/sites\/49\"><img loading=\"lazy\" title=\"6\" src=\"\/pasarelaurbana\/wp-content\/uploads\/sites\/49\" alt=\"\" width=\"600\" height=\"949\" \/><\/a><\/p>\n<p style=\"text-align: center;\">El rojo lo favorece. Ella lo sabe y lo explota siempre que tiene ocasi\u00f3n. Este color ti\u00f1\u00f3 tambi\u00e9n el precioso vestido que luci\u00f3 el 18 de junio de 2010 en la <strong>cena de gala previa a la boda de Victoria de Suecia<\/strong> con Daniel Westling en Estocolmo. Una creaci\u00f3n firmada por <strong>Felipe Varela<\/strong> con corpi\u00f1o ajustado, falda cuajada de peque\u00f1as flores con cola y una amplia abertura que dejba ver sus piernas y unas sandalias a juego.\u00a0 El complemento estrella fue el brazalete de diamantes y oro blanco de Cartier que perteneci\u00f3 a la Reina Sof\u00eda y se ha convertido en otra pieza clave de su joyero.<\/p>\n<p style=\"text-align: center;\"><a href=\"\/pasarelaurbana\/wp-content\/uploads\/sites\/49\/2014\/09\/31.jpg\"><img loading=\"lazy\" class=\"aligncenter size-full wp-image-7523\" title=\"3\" src=\"\/pasarelaurbana\/wp-content\/uploads\/sites\/49\/2014\/09\/31.jpg\" alt=\"\" width=\"600\" height=\"905\" srcset=\"https:\/\/static-blogs.diariosur.es\/wp-content\/uploads\/sites\/49\/2014\/09\/31.jpg 600w, https:\/\/static-blogs.diariosur.es\/wp-content\/uploads\/sites\/49\/2014\/09\/31-199x300.jpg 199w\" sizes=\"(max-width: 600px) 100vw, 600px\" \/><\/a><\/p>\n<p style=\"text-align: center;\">Y del rojo&#8230;al negro, otro color muy recurrente en sus looks de noche.\u00a0 El modelo que llev\u00f3 <strong>durante la cena de gala ofrecida en el Palacio Real, en Madrid, en honor del presidente mexicano Enrique Pe\u00f1a Nieto<\/strong> y su esposa Ang\u00e9lica Rivero, fue otro acierto que le vali\u00f3 los halagos de la prensa especializada en moda. En esta ocasi\u00f3n eligi\u00f3 un dise\u00f1o de <strong>Felipe Varela<\/strong> que tambi\u00e9n llev\u00f3 el d\u00eda de la<strong> coronaci\u00f3n de M\u00e1xima de Holanda<\/strong> como reina. Letizia deslumbr\u00f3 con su vestido de seda y encaje de chantilly negro bordado con flores que acompa\u00f1\u00f3 con unas sandalias con plataforma en ante negro de Magrit y clutch, tambi\u00e9n de Varela, en cristal negro.<\/p>\n<p style=\"text-align: center;\"><a href=\"\/pasarelaurbana\/wp-content\/uploads\/sites\/49\/2014\/09\/41.jpg\"><img loading=\"lazy\" class=\"aligncenter  wp-image-7524\" title=\"4\" src=\"\/pasarelaurbana\/wp-content\/uploads\/sites\/49\/2014\/09\/41.jpg\" alt=\"\" width=\"600\" height=\"901\" srcset=\"https:\/\/static-blogs.diariosur.es\/wp-content\/uploads\/sites\/49\/2014\/09\/41.jpg 600w, https:\/\/static-blogs.diariosur.es\/wp-content\/uploads\/sites\/49\/2014\/09\/41-200x300.jpg 200w\" sizes=\"(max-width: 600px) 100vw, 600px\" \/><\/a><\/p>\n<p style=\"text-align: center;\">Incondicional a los encajes, este vestido de guipur con escote barco (tambi\u00e9n obra <strong>de Varela<\/strong>) es uno de sus favoritos. Le sienta como un guante y por eso lo ha elegido ya en varias ocasiones. Lo luci\u00f3 de hecho en la <strong>cena de inauguraci\u00f3n del Foro Espa\u00f1a-Estados Unidos (el mismo al que acude ma\u00f1ana en M\u00e1laga)<\/strong> celebrado en Los \u00c1ngeles despu\u00e9s de haberlo estrenado en <strong>Lisboa,<\/strong> hace un par de a\u00f1os durante una visita oficial de los Pr\u00edncipes al pa\u00eds vecino. Tambi\u00e9n lo llev\u00f3 en el famoso posado de su <strong>40 cumplea\u00f1os<\/strong>.<\/p>\n<p style=\"text-align: center;\"><a href=\"\/pasarelaurbana\/wp-content\/uploads\/sites\/49\/2014\/09\/51.jpg\"><img loading=\"lazy\" class=\"aligncenter size-full wp-image-7525\" title=\"5\" src=\"\/pasarelaurbana\/wp-content\/uploads\/sites\/49\/2014\/09\/51.jpg\" alt=\"\" width=\"600\" height=\"1037\" srcset=\"https:\/\/static-blogs.diariosur.es\/wp-content\/uploads\/sites\/49\/2014\/09\/51.jpg 600w, https:\/\/static-blogs.diariosur.es\/wp-content\/uploads\/sites\/49\/2014\/09\/51-174x300.jpg 174w, https:\/\/static-blogs.diariosur.es\/wp-content\/uploads\/sites\/49\/2014\/09\/51-592x1024.jpg 592w\" sizes=\"(max-width: 600px) 100vw, 600px\" \/><\/a><\/p>\n<p style=\"text-align: center;\"><a href=\"\/pasarelaurbana\/wp-content\/uploads\/sites\/49\/2014\/09\/paris-reina.jpg\"><img loading=\"lazy\" class=\"aligncenter size-full wp-image-7533\" title=\"paris-reina\" src=\"\/pasarelaurbana\/wp-content\/uploads\/sites\/49\/2014\/09\/paris-reina.jpg\" alt=\"\" width=\"600\" height=\"816\" srcset=\"https:\/\/static-blogs.diariosur.es\/wp-content\/uploads\/sites\/49\/2014\/09\/paris-reina.jpg 600w, https:\/\/static-blogs.diariosur.es\/wp-content\/uploads\/sites\/49\/2014\/09\/paris-reina-221x300.jpg 221w\" sizes=\"(max-width: 600px) 100vw, 600px\" \/><\/a><\/p>\n<p style=\"text-align: center;\">Paris es la ciudad de la moda. Y Letizia lo sabe. Quiz\u00e1s por ello se esmere al m\u00e1ximo en sus apariciones ligadas al pa\u00eds galo, donde ya la consideran una de las reinas m\u00e1s estilosas de Europa. Fue de hecho la vencedora del duelo de estilo con Carla Bruni en aquel abril de 2009 durante la<strong> visita oficial del Presidente de Francia, Nicol\u00e1s Sarkozy, a Madrid<\/strong>. La entonces Princesa Letizia brill\u00f3 con un v<strong>estido de Felipe Varela<\/strong> confeccionado con jaretas de &#8216;grosgrain&#8217; color burdeos (tercera vez que repet\u00eda el conjunto; por ejemplo, lo llev\u00f3 en la inauguraci\u00f3n de la feria &#8216;ARCO Madrid 09&#8217;) que combin\u00f3 con \u2018pumps\u2019 con plataforma.<\/p>\n<p style=\"text-align: center;\">Para su<strong> \u00faltimo viaje a Par\u00eds<\/strong>, Do\u00f1a Letizia volvi\u00f3 a sorprender con un rom\u00e1ntico vestido rosa palo con vuelo (poco com\u00fan en ella)\u00a0 incrustaciones de tul y organza y cinturilla beige, de nuevo de Varela. Lo acompa\u00f1\u00f3 con zapatos de Magrit y joyas de Tous. Impecable.<\/p>\n<p style=\"text-align: center;\"><a href=\"\/pasarelaurbana\/wp-content\/uploads\/sites\/49\"><img loading=\"lazy\" class=\"aligncenter size-full wp-image-7527\" title=\"7\" src=\"\/pasarelaurbana\/wp-content\/uploads\/sites\/49\" alt=\"\" width=\"600\" height=\"982\" \/><\/a><\/p>\n<p style=\"text-align: center;\">En noviembre de 2013,\u00a0 durante un <strong>viaje oficial a Estados Unidos<\/strong>, do\u00f1a Letizia sorprendi\u00f3 a todos con lo que a simple vista parec\u00eda un cl\u00e1sico \u2018LBD\u2019 (vestido corto negro). Sin embargo, la parte trasera dejaba al descubierto su espalda con unos delicados encajes. El vestido, firmado c\u00f3mo no por <strong>Felipe Varela<\/strong>, era algo arriesgado para una Princesa, pero logr\u00f3 los aplausos de la prensa con \u00e9l. Lo acompa\u00f1\u00f3 con complementos discretos a tono con el vestido y \u2018clutch\u2019 tambi\u00e9n de Varela. Los zapatos, como ya nos tiene acostumbrados, eran de Magrit y tambi\u00e9n luci\u00f3 el precioso brazalete de barras de Cartier.<\/p>\n<p style=\"text-align: center;\"><a href=\"\/pasarelaurbana\/wp-content\/uploads\/sites\/49\/2014\/09\/verde.jpg\"><img loading=\"lazy\" class=\"aligncenter size-full wp-image-7534\" title=\"verde\" src=\"\/pasarelaurbana\/wp-content\/uploads\/sites\/49\/2014\/09\/verde.jpg\" alt=\"\" width=\"600\" height=\"1133\" srcset=\"https:\/\/static-blogs.diariosur.es\/wp-content\/uploads\/sites\/49\/2014\/09\/verde.jpg 600w, https:\/\/static-blogs.diariosur.es\/wp-content\/uploads\/sites\/49\/2014\/09\/verde-159x300.jpg 159w, https:\/\/static-blogs.diariosur.es\/wp-content\/uploads\/sites\/49\/2014\/09\/verde-542x1024.jpg 542w\" sizes=\"(max-width: 600px) 100vw, 600px\" \/><\/a><\/p>\n<p>La Reina elige a conciencia el look con el que cada a\u00f1o desfila por la<strong> alfombra azul del Teatro Campoamor de Oviedo<\/strong>. El que eligi\u00f3 la pasada edici\u00f3n, de <strong>Felipe Varela<\/strong>, fue otro gran acierto. El modisto madrile\u00f1o cre\u00f3 en esta ocasi\u00f3n un traje muy rom\u00e1ntico en verde botella realizado en georgette de seda con bordado en cristales. El movimiento de la falda al caminar era realmente favorecedor.\u00a0 Como complementos opt\u00f3 por un bolso pochette\u00a0en charol, muy peque\u00f1o y discreto y, de nuevo, salones de Magrit para Varela de ante del mismo tono que el traje.<\/p>\n<p style=\"text-align: center;\"><a href=\"\/pasarelaurbana\/wp-content\/uploads\/sites\/49\/2014\/09\/21.jpg\"><img loading=\"lazy\" class=\"aligncenter size-full wp-image-7522\" title=\"2\" src=\"\/pasarelaurbana\/wp-content\/uploads\/sites\/49\/2014\/09\/21.jpg\" alt=\"\" width=\"600\" height=\"968\" srcset=\"https:\/\/static-blogs.diariosur.es\/wp-content\/uploads\/sites\/49\/2014\/09\/21.jpg 600w, https:\/\/static-blogs.diariosur.es\/wp-content\/uploads\/sites\/49\/2014\/09\/21-186x300.jpg 186w\" sizes=\"(max-width: 600px) 100vw, 600px\" \/><\/a><\/p>\n<p style=\"text-align: center;\">En la foto, los Reyes Felipe y Letizia en su <strong>primera recepci\u00f3n en Mallorca<\/strong>. La Reina llev\u00f3 un bonito vestido blanco con escote asim\u00e9trico <strong>de Felipe Varela<\/strong> y sandalias doradas. Un tono muy veraniego con el que de nuevo estuvo a la altura.<\/p>\n<p style=\"text-align: center;\"><a href=\"\/pasarelaurbana\/wp-content\/uploads\/sites\/49\"><img loading=\"lazy\" class=\"aligncenter size-full wp-image-7529\" title=\"9\" src=\"\/pasarelaurbana\/wp-content\/uploads\/sites\/49\" alt=\"\" width=\"600\" height=\"900\" \/><\/a><\/p>\n<p style=\"text-align: center;\">Elegant\u00edsima, do\u00f1a Letizia derroch\u00f3 elegancia en su aparici\u00f3n con Lalla Salma duranten <strong>la cena que el rey alau\u00ed ofreci\u00f3 en honor a Don Felipe y Do\u00f1a Letizia<\/strong>. Para la ocasi\u00f3n, la Reina estren\u00f3 una espectacular falda larga bordada en metal plata de<strong> Felipe Varela<\/strong> que combin\u00f3 con blusa de seda blanca y sandalias plateadas de raso de Magrit con plataforma. Los pendientes de diamantes que Don Juan Carlos y Do\u00f1a Sof\u00eda le regalaron con motivo de su boda con el entonces Pr\u00edncipe de Asturias y su brazalete de Cartier realizado en oro blanco y diamantes fueron sus mejores aliados.<\/p>\n<p style=\"text-align: center;\"><a href=\"\/pasarelaurbana\/wp-content\/uploads\/sites\/49\/2014\/09\/10.jpg\"><img loading=\"lazy\" class=\"aligncenter size-full wp-image-7532\" title=\"10\" src=\"\/pasarelaurbana\/wp-content\/uploads\/sites\/49\/2014\/09\/10.jpg\" alt=\"\" width=\"600\" height=\"600\" srcset=\"https:\/\/static-blogs.diariosur.es\/wp-content\/uploads\/sites\/49\/2014\/09\/10.jpg 600w, https:\/\/static-blogs.diariosur.es\/wp-content\/uploads\/sites\/49\/2014\/09\/10-150x150.jpg 150w, https:\/\/static-blogs.diariosur.es\/wp-content\/uploads\/sites\/49\/2014\/09\/10-300x300.jpg 300w\" sizes=\"(max-width: 600px) 100vw, 600px\" \/><\/a><\/p>\n<p style=\"text-align: center;\">Cuando el tipo de acto se lo permite, a veces Letizia se concede ciertas licencias rockeras. As\u00ed, durante<strong> la entrega de los Premios de la Asociaci\u00f3n Espa\u00f1ola de Editoriales de Publicaciones Peri\u00f3dicas<\/strong> (AEEPP) en octubre de 2013, sorprendi\u00f3 lejos del cl\u00e1sico conjunto de falda y chaqueta y se atrevi\u00f3 con el cuero. Para ello, recurri\u00f3 a una de sus firmas de referencia, Hugo Boss. Complet\u00f3 el look con una camiseta blanca b\u00e1sica, tambi\u00e9n de Hugo Boss, un \u2018blazer\u2019 de Felipe Varela y unos llamativos salones rojos tambi\u00e9n de la firma Hugo Boss. En m\u00e1s de otra ocasi\u00f3n la Reina ha apostado por esta combinaci\u00f3n, como muesta la foto.<\/p>\n<p style=\"text-align: center;\"><strong>SUS VISITAS ANTERIORES A M\u00c1LAGA<\/strong><\/p>\n<p style=\"text-align: center;\"><a href=\"\/pasarelaurbana\/wp-content\/uploads\/sites\/49\/2014\/09\/112.jpg\"><img loading=\"lazy\" class=\"aligncenter size-full wp-image-7531\" title=\"TFGP.\" src=\"\/pasarelaurbana\/wp-content\/uploads\/sites\/49\/2014\/09\/112.jpg\" alt=\"\" width=\"600\" height=\"896\" srcset=\"https:\/\/static-blogs.diariosur.es\/wp-content\/uploads\/sites\/49\/2014\/09\/112.jpg 600w, https:\/\/static-blogs.diariosur.es\/wp-content\/uploads\/sites\/49\/2014\/09\/112-201x300.jpg 201w\" sizes=\"(max-width: 600px) 100vw, 600px\" \/><\/a><\/p>\n<p style=\"text-align: center;\">En sus anteiores visitas a M\u00e1laga Letizia ha apostado por looks bastantes cl\u00e1sicos y sobrios, sin grandes sorpresas. es el caso del dos piezas con pantal\u00f3n de traje en gris, camisa frambuesa y rebeca con el que se le ve en la foto superior.<\/p>\n<p style=\"text-align: center;\"><a href=\"\/pasarelaurbana\/wp-content\/uploads\/sites\/49\/2014\/09\/12.jpg\"><img loading=\"lazy\" class=\"aligncenter  wp-image-7520\" title=\"12\" src=\"\/pasarelaurbana\/wp-content\/uploads\/sites\/49\/2014\/09\/12.jpg\" alt=\"\" width=\"600\" height=\"900\" srcset=\"https:\/\/static-blogs.diariosur.es\/wp-content\/uploads\/sites\/49\/2014\/09\/12.jpg 600w, https:\/\/static-blogs.diariosur.es\/wp-content\/uploads\/sites\/49\/2014\/09\/12-200x300.jpg 200w\" sizes=\"(max-width: 600px) 100vw, 600px\" \/><\/a><\/p>\n<p style=\"text-align: center;\">En 2011, para asistir al<strong> homenaje a las Fuerzas Armadas<\/strong> en M\u00e1laga repiti\u00f3 un <strong>traje rojo de Felipe Varela<\/strong> con chaqueta con peque\u00f1os cristales y botones en forma de flor y falda con volantes. Ya lo llev\u00f3 en el bicentenario del 2 de mayo en M\u00f3stoles, en las Olimpiadas 2008, en un viaje a Chile y, posteriormente con motivo del viaje oficial a Portugal. Es pues, uno de sus favoritos.<\/p>\n<p style=\"text-align: center;\">\u00bfCon qu\u00e9 look nos sorprender\u00e1 ma\u00f1ana? \u00a1Estaremos atentos!<\/p>\n<p style=\"text-align: center;\">\u00a1Espero que os haya gustado el repaso! Y, vosotras, \u00bfcon c\u00faal de sus looks os qued\u00e1is?<\/p>\n","protected":false},"excerpt":{"rendered":"<p>Cl\u00e1sica pero atenta a las tendencias -a las que siempre hace un gui\u00f1o: hace poco sin ir m\u00e1s lejos la vimos con gafas de sol tornasoladas-. Sobria en los actos oficiales y casual chic cuando su apretada agenda se lo permite. As\u00ed el el estilo de la Reina do\u00f1a Letizia. Gusten o no, lo cierto [&hellip;]<\/p>\n","protected":false},"author":54,"featured_media":0,"comment_status":"open","ping_status":"open","sticky":false,"template":"","format":"standard","meta":[],"categories":[2],"tags":[],"_links":{"self":[{"href":"https:\/\/blogs.diariosur.es\/pasarelaurbana\/wp-json\/wp\/v2\/posts\/7519"}],"collection":[{"href":"https:\/\/blogs.diariosur.es\/pasarelaurbana\/wp-json\/wp\/v2\/posts"}],"about":[{"href":"https:\/\/blogs.diariosur.es\/pasarelaurbana\/wp-json\/wp\/v2\/types\/post"}],"author":[{"embeddable":true,"href":"https:\/\/blogs.diariosur.es\/pasarelaurbana\/wp-json\/wp\/v2\/users\/54"}],"replies":[{"embeddable":true,"href":"https:\/\/blogs.diariosur.es\/pasarelaurbana\/wp-json\/wp\/v2\/comments?post=7519"}],"version-history":[{"count":0,"href":"https:\/\/blogs.diariosur.es\/pasarelaurbana\/wp-json\/wp\/v2\/posts\/7519\/revisions"}],"wp:attachment":[{"href":"https:\/\/blogs.diariosur.es\/pasarelaurbana\/wp-json\/wp\/v2\/media?parent=7519"}],"wp:term":[{"taxonomy":"category","embeddable":true,"href":"https:\/\/blogs.diariosur.es\/pasarelaurbana\/wp-json\/wp\/v2\/categories?post=7519"},{"taxonomy":"post_tag","embeddable":true,"href":"https:\/\/blogs.diariosur.es\/pasarelaurbana\/wp-json\/wp\/v2\/tags?post=7519"}],"curies":[{"name":"wp","href":"https:\/\/api.w.org\/{rel}","templated":true}]}}