{"id":7536,"date":"2014-09-05T23:22:57","date_gmt":"2014-09-05T21:22:57","guid":{"rendered":"http:\/\/blogs.diariosur.es\/pasarelaurbana\/?p=7536"},"modified":"2014-09-05T23:22:57","modified_gmt":"2014-09-05T21:22:57","slug":"el-armario-de-carolina-perez-pena","status":"publish","type":"post","link":"https:\/\/blogs.diariosur.es\/pasarelaurbana\/2014\/09\/05\/el-armario-de-carolina-perez-pena\/","title":{"rendered":"El armario de Carolina P\u00e9rez-Pe\u00f1a"},"content":{"rendered":"<p style=\"text-align: center;\">Entre los recuerdos de su ni\u00f1ez guarda aquellas tardes que pasaba correteando con su hermano por los jardines de la escuela de Bellas Artes, donde su madre estudiaba por entonces Dise\u00f1o de Interiores. Los desfiles de la \u00e9poca, con aquellas hombreras gigantes y esas poses exageradas, fueron forjando su amor por la moda, hoy convertida en el epicentro de su trabajo -como<strong> directora adjunta del centro comercial Plaza Mayor<\/strong>&#8211; y en una de sus grandes pasiones. Eso s\u00ed, siempre llevada a su terreno personal. Lo de \u2018fashion victim\u2019 -matiza- no va con ella. \u00abNo sigo las tendencias al pie de la letra, de hecho me pongo lo que me gusta y con lo que me siento c\u00f3moda, se lleve o no se lleve\u00bb, advierte. Preguntada por el estilo con el que se siente m\u00e1s identificada, Carolina P\u00e9rez-Pe\u00f1a es igual de tajante: \u00abNo soy nada predecible, lo mismo me ves con un vestido rom\u00e1ntico cl\u00e1sico o un dise\u00f1o geom\u00e9trico s\u00faper moderno, aunque siempre con mi toque\u00bb, explica.<br \/>\nLa comodidad y la funcionalidad son los ejes sobre los que giran sus \u2018outfits\u2019 cotidianos, en los que siempre introduce alguna pincelada masculina, ya sea con un reloj XL, unos zapatos o una camiseta \u2018oversize\u2019. Con la naturalidad por bandera -apenas se maquilla ni se complica con los peinados en su d\u00eda a d\u00eda- en los estilismos de Carolina no faltan las camisas vaporosas, las faldas de vuelo, las camisetas (usa mucho de chico) y los botines. Al caer el sol suele recurrir a tops femeninos que dejen alg\u00fan hombro al descubierto -le gustan de escote barca-\u00a0 o prendas de aires rockeros con cu\u00f1as.\u00bfArriesgar? \u00abNo me da miedo probar, me gusta la gente que se atreve y es diferente\u00bb, indica. Los dise\u00f1adores locales son sus favoritos cuando necesita un look especial para un evento, para los que siempre conf\u00eda en los malague\u00f1os Jes\u00fas Segado e Hilario Caruana.<br \/>\nEn materia de complementos, las gafas son su perdici\u00f3n. No sale de casa sin ellas. Los broches son otra marca de la casa, quiz\u00e1s su toque m\u00e1s personal. \u00abMe los pongo en casi todo: blusas, chaquetas, pa\u00f1uelos, bolsos&#8230; si no llevo uno es como que me falta algo\u00bb, sostiene. \u00bfSu referente de estilo? Diane Keaton, \u00ab\u00a1Me encanta, de mayor me gustar\u00eda parecerme a ella!\u00bb, confiesa. Entre las reliquias de su fondo de armario conserva como oro en pa\u00f1o la chaqueta de cuero de los 80 de su madre.<\/p>\n<p style=\"text-align: center;\">Os dejo con sus looks al detalle fotografiados por mi compa\u00f1ero<strong> \u00d1ito Sala<\/strong>s en uno de los jardines de Plaza Mayor. Me voy a apurar las vacaciones que me quedan, \u00a1hasta dentro de dos semanas!<\/p>\n<p style=\"text-align: center;\"><a href=\"\/pasarelaurbana\/wp-content\/uploads\/sites\/49\/2014\/09\/13.jpg\"><img loading=\"lazy\" class=\"aligncenter size-full wp-image-7538\" title=\"1\" src=\"\/pasarelaurbana\/wp-content\/uploads\/sites\/49\/2014\/09\/13.jpg\" alt=\"\" width=\"600\" height=\"941\" srcset=\"https:\/\/static-blogs.diariosur.es\/wp-content\/uploads\/sites\/49\/2014\/09\/13.jpg 600w, https:\/\/static-blogs.diariosur.es\/wp-content\/uploads\/sites\/49\/2014\/09\/13-191x300.jpg 191w\" sizes=\"(max-width: 600px) 100vw, 600px\" \/><\/a><!--more--><strong>LOOK DE D\u00cdA<\/strong>: <span style=\"text-decoration: underline;\">Camiseta masculina, shorts y cu\u00f1as con bolso \u00e9tnico<\/span><\/p>\n<p style=\"text-align: center;\"><a href=\"\/pasarelaurbana\/wp-content\/uploads\/sites\/49\/2014\/09\/lookdia.jpg\"><img loading=\"lazy\" class=\"aligncenter size-full wp-image-7552\" title=\"lookdia\" src=\"\/pasarelaurbana\/wp-content\/uploads\/sites\/49\/2014\/09\/lookdia.jpg\" alt=\"\" width=\"600\" height=\"800\" srcset=\"https:\/\/static-blogs.diariosur.es\/wp-content\/uploads\/sites\/49\/2014\/09\/lookdia.jpg 600w, https:\/\/static-blogs.diariosur.es\/wp-content\/uploads\/sites\/49\/2014\/09\/lookdia-225x300.jpg 225w\" sizes=\"(max-width: 600px) 100vw, 600px\" \/><\/a><\/p>\n<p style=\"text-align: center;\"><a href=\"\/pasarelaurbana\/wp-content\/uploads\/sites\/49\/2014\/09\/22.jpg\"><img loading=\"lazy\" class=\"aligncenter size-full wp-image-7539\" title=\"2\" src=\"\/pasarelaurbana\/wp-content\/uploads\/sites\/49\/2014\/09\/22.jpg\" alt=\"\" width=\"600\" height=\"919\" srcset=\"https:\/\/static-blogs.diariosur.es\/wp-content\/uploads\/sites\/49\/2014\/09\/22.jpg 600w, https:\/\/static-blogs.diariosur.es\/wp-content\/uploads\/sites\/49\/2014\/09\/22-196x300.jpg 196w\" sizes=\"(max-width: 600px) 100vw, 600px\" \/><\/a><\/p>\n<p style=\"text-align: center;\"><a href=\"\/pasarelaurbana\/wp-content\/uploads\/sites\/49\/2014\/09\/32.jpg\"><img loading=\"lazy\" class=\"aligncenter size-full wp-image-7540\" title=\"3\" src=\"\/pasarelaurbana\/wp-content\/uploads\/sites\/49\/2014\/09\/32.jpg\" alt=\"\" width=\"600\" height=\"675\" srcset=\"https:\/\/static-blogs.diariosur.es\/wp-content\/uploads\/sites\/49\/2014\/09\/32.jpg 600w, https:\/\/static-blogs.diariosur.es\/wp-content\/uploads\/sites\/49\/2014\/09\/32-267x300.jpg 267w\" sizes=\"(max-width: 600px) 100vw, 600px\" \/><\/a><\/p>\n<p style=\"text-align: center;\"><a href=\"\/pasarelaurbana\/wp-content\/uploads\/sites\/49\/2014\/09\/42.jpg\"><img loading=\"lazy\" class=\"aligncenter size-full wp-image-7541\" title=\"4\" src=\"\/pasarelaurbana\/wp-content\/uploads\/sites\/49\/2014\/09\/42.jpg\" alt=\"\" width=\"600\" height=\"419\" srcset=\"https:\/\/static-blogs.diariosur.es\/wp-content\/uploads\/sites\/49\/2014\/09\/42.jpg 600w, https:\/\/static-blogs.diariosur.es\/wp-content\/uploads\/sites\/49\/2014\/09\/42-300x210.jpg 300w\" sizes=\"(max-width: 600px) 100vw, 600px\" \/><\/a><\/p>\n<p style=\"text-align: center;\"><a href=\"\/pasarelaurbana\/wp-content\/uploads\/sites\/49\/2014\/09\/52.jpg\"><img loading=\"lazy\" class=\"aligncenter size-full wp-image-7542\" title=\"5\" src=\"\/pasarelaurbana\/wp-content\/uploads\/sites\/49\/2014\/09\/52.jpg\" alt=\"\" width=\"600\" height=\"366\" srcset=\"https:\/\/static-blogs.diariosur.es\/wp-content\/uploads\/sites\/49\/2014\/09\/52.jpg 600w, https:\/\/static-blogs.diariosur.es\/wp-content\/uploads\/sites\/49\/2014\/09\/52-300x183.jpg 300w\" sizes=\"(max-width: 600px) 100vw, 600px\" \/><\/a><\/p>\n<p style=\"text-align: center;\">Para un look de d\u00eda, Carolina elige camiseta masculina oversize de la firma malague\u00f1a <strong>Flumen&#038;Pepe<\/strong>, shorts vaqueros de <strong>Pull&#038;Bear<\/strong> y cu\u00f1as de<strong> Prada<\/strong>. Completa el estilismo con bolso \u00e9tnico de la dise\u00f1adora tambi\u00e9n malague\u00f1a <strong>Stella Rittwagen<\/strong> y gafas vintage<strong> Swatch<\/strong> -una de sus reliquias, lleva con ellas desde hace 20 a\u00f1os-.<\/p>\n<p style=\"text-align: center;\"><strong>PARA SALIR A CENAR<\/strong>: <span style=\"text-decoration: underline;\">Vestido lencero, sandalias joya y un rom\u00e1ntico cofre nude<\/span><\/p>\n<p style=\"text-align: center;\"><a href=\"\/pasarelaurbana\/wp-content\/uploads\/sites\/49\/2014\/09\/61.jpg\"><img loading=\"lazy\" class=\"aligncenter size-full wp-image-7543\" title=\"6\" src=\"\/pasarelaurbana\/wp-content\/uploads\/sites\/49\/2014\/09\/61.jpg\" alt=\"\" width=\"600\" height=\"873\" srcset=\"https:\/\/static-blogs.diariosur.es\/wp-content\/uploads\/sites\/49\/2014\/09\/61.jpg 600w, https:\/\/static-blogs.diariosur.es\/wp-content\/uploads\/sites\/49\/2014\/09\/61-206x300.jpg 206w\" sizes=\"(max-width: 600px) 100vw, 600px\" \/><\/a><\/p>\n<p style=\"text-align: center;\"><a href=\"\/pasarelaurbana\/wp-content\/uploads\/sites\/49\/2014\/09\/71.jpg\"><img loading=\"lazy\" class=\"aligncenter size-full wp-image-7544\" title=\"7\" src=\"\/pasarelaurbana\/wp-content\/uploads\/sites\/49\/2014\/09\/71.jpg\" alt=\"\" width=\"600\" height=\"303\" srcset=\"https:\/\/static-blogs.diariosur.es\/wp-content\/uploads\/sites\/49\/2014\/09\/71.jpg 600w, https:\/\/static-blogs.diariosur.es\/wp-content\/uploads\/sites\/49\/2014\/09\/71-300x152.jpg 300w\" sizes=\"(max-width: 600px) 100vw, 600px\" \/><\/a><\/p>\n<p style=\"text-align: center;\"><a href=\"\/pasarelaurbana\/wp-content\/uploads\/sites\/49\/2014\/09\/81.jpg\"><img loading=\"lazy\" class=\"aligncenter size-full wp-image-7545\" title=\"8\" src=\"\/pasarelaurbana\/wp-content\/uploads\/sites\/49\/2014\/09\/81.jpg\" alt=\"\" width=\"600\" height=\"900\" srcset=\"https:\/\/static-blogs.diariosur.es\/wp-content\/uploads\/sites\/49\/2014\/09\/81.jpg 600w, https:\/\/static-blogs.diariosur.es\/wp-content\/uploads\/sites\/49\/2014\/09\/81-200x300.jpg 200w\" sizes=\"(max-width: 600px) 100vw, 600px\" \/><\/a><\/p>\n<p style=\"text-align: center;\"><a href=\"\/pasarelaurbana\/wp-content\/uploads\/sites\/49\/2014\/09\/91.jpg\"><img loading=\"lazy\" class=\"aligncenter size-full wp-image-7546\" title=\"9\" src=\"\/pasarelaurbana\/wp-content\/uploads\/sites\/49\/2014\/09\/91.jpg\" alt=\"\" width=\"600\" height=\"905\" srcset=\"https:\/\/static-blogs.diariosur.es\/wp-content\/uploads\/sites\/49\/2014\/09\/91.jpg 600w, https:\/\/static-blogs.diariosur.es\/wp-content\/uploads\/sites\/49\/2014\/09\/91-199x300.jpg 199w\" sizes=\"(max-width: 600px) 100vw, 600px\" \/><\/a><\/p>\n<p style=\"text-align: center;\"><a href=\"\/pasarelaurbana\/wp-content\/uploads\/sites\/49\/2014\/09\/101.jpg\"><img loading=\"lazy\" class=\"aligncenter size-full wp-image-7547\" title=\"10\" src=\"\/pasarelaurbana\/wp-content\/uploads\/sites\/49\/2014\/09\/101.jpg\" alt=\"\" width=\"600\" height=\"926\" srcset=\"https:\/\/static-blogs.diariosur.es\/wp-content\/uploads\/sites\/49\/2014\/09\/101.jpg 600w, https:\/\/static-blogs.diariosur.es\/wp-content\/uploads\/sites\/49\/2014\/09\/101-194x300.jpg 194w\" sizes=\"(max-width: 600px) 100vw, 600px\" \/><\/a><\/p>\n<p style=\"text-align: center;\">Un LBD -little black dress- de <strong>Josep Font<\/strong> de estilo lencero centra su propuesta de \u2018outfit\u2019 para salir a cenar. Lo acompa\u00f1a de sandalias plata con pedrer\u00eda de <strong>Caramelo<\/strong> y cofre nude con borl\u00f3n de <strong>Hoss. <\/strong>\u00bfEl resultado? Muy rom\u00e1ntico y femenino. Una apuesta segura e infalible.<\/p>\n<p style=\"text-align: center;\"><strong>SU APUESTA PARA UN EVENTO<\/strong>:<span style=\"text-decoration: underline;\"> Vestido largo bicolor, clutch de rafia y sandalias negras<\/span><\/p>\n<p style=\"text-align: center;\"><a href=\"\/pasarelaurbana\/wp-content\/uploads\/sites\/49\/2014\/09\/113.jpg\"><img loading=\"lazy\" class=\"aligncenter size-full wp-image-7548\" title=\"11\" src=\"\/pasarelaurbana\/wp-content\/uploads\/sites\/49\/2014\/09\/113.jpg\" alt=\"\" width=\"600\" height=\"812\" srcset=\"https:\/\/static-blogs.diariosur.es\/wp-content\/uploads\/sites\/49\/2014\/09\/113.jpg 600w, https:\/\/static-blogs.diariosur.es\/wp-content\/uploads\/sites\/49\/2014\/09\/113-222x300.jpg 222w\" sizes=\"(max-width: 600px) 100vw, 600px\" \/><\/a><\/p>\n<p style=\"text-align: center;\"><a href=\"\/pasarelaurbana\/wp-content\/uploads\/sites\/49\/2014\/09\/121.jpg\"><img loading=\"lazy\" class=\"aligncenter size-full wp-image-7549\" title=\"12\" src=\"\/pasarelaurbana\/wp-content\/uploads\/sites\/49\/2014\/09\/121.jpg\" alt=\"\" width=\"600\" height=\"322\" srcset=\"https:\/\/static-blogs.diariosur.es\/wp-content\/uploads\/sites\/49\/2014\/09\/121.jpg 600w, https:\/\/static-blogs.diariosur.es\/wp-content\/uploads\/sites\/49\/2014\/09\/121-300x161.jpg 300w\" sizes=\"(max-width: 600px) 100vw, 600px\" \/><\/a><\/p>\n<p style=\"text-align: center;\"><a href=\"\/pasarelaurbana\/wp-content\/uploads\/sites\/49\/2014\/09\/131.jpg\"><img loading=\"lazy\" class=\"aligncenter size-full wp-image-7550\" title=\"13\" src=\"\/pasarelaurbana\/wp-content\/uploads\/sites\/49\/2014\/09\/131.jpg\" alt=\"\" width=\"600\" height=\"237\" srcset=\"https:\/\/static-blogs.diariosur.es\/wp-content\/uploads\/sites\/49\/2014\/09\/131.jpg 600w, https:\/\/static-blogs.diariosur.es\/wp-content\/uploads\/sites\/49\/2014\/09\/131-300x119.jpg 300w\" sizes=\"(max-width: 600px) 100vw, 600px\" \/><\/a><\/p>\n<p style=\"text-align: center;\"><a href=\"\/pasarelaurbana\/wp-content\/uploads\/sites\/49\/2014\/09\/14.jpg\"><img loading=\"lazy\" class=\"aligncenter size-full wp-image-7551\" title=\"14\" src=\"\/pasarelaurbana\/wp-content\/uploads\/sites\/49\/2014\/09\/14.jpg\" alt=\"\" width=\"600\" height=\"392\" srcset=\"https:\/\/static-blogs.diariosur.es\/wp-content\/uploads\/sites\/49\/2014\/09\/14.jpg 600w, https:\/\/static-blogs.diariosur.es\/wp-content\/uploads\/sites\/49\/2014\/09\/14-300x196.jpg 300w\" sizes=\"(max-width: 600px) 100vw, 600px\" \/><\/a><\/p>\n<p style=\"text-align: center;\">Para un evento, Carolina se decanta por un vestido largo vaporoso bicolor de <strong>Mango <\/strong>-de &#8216;print animal&#8217;- que ci\u00f1e a la cintura con un cintur\u00f3n el\u00e1stico trenzado. Completa el look con cltch de media luna de rafia de\u00a0 su fondo de armario y sandalias negras anudadas al tobillo de una tienda local.<\/p>\n<p style=\"text-align: center;\"><a href=\"\/pasarelaurbana\/wp-content\/uploads\/sites\/49\/2014\/09\/15.jpg\"><img loading=\"lazy\" class=\"aligncenter size-full wp-image-7537\" title=\"15\" src=\"\/pasarelaurbana\/wp-content\/uploads\/sites\/49\/2014\/09\/15.jpg\" alt=\"\" width=\"600\" height=\"879\" srcset=\"https:\/\/static-blogs.diariosur.es\/wp-content\/uploads\/sites\/49\/2014\/09\/15.jpg 600w, https:\/\/static-blogs.diariosur.es\/wp-content\/uploads\/sites\/49\/2014\/09\/15-205x300.jpg 205w\" sizes=\"(max-width: 600px) 100vw, 600px\" \/><\/a><\/p>\n<p style=\"text-align: center;\">Para los eventos epeciales, la directora adjunta de Plaza Mayor siempre apuesta por dise\u00f1adores malague\u00f1os. \u00bfSu primer vestido? Este modelo mostaza que le hizo <strong>Jes\u00fas Segado<\/strong> a sus 17 a\u00f1os con delicadas incrustaciones de pedrer\u00eda en el escote y las mangas.<strong> Hilario Caruana<\/strong> es otro de sus preferidos.<\/p>\n<p style=\"text-align: center;\"><a href=\"\/pasarelaurbana\/wp-content\/uploads\/sites\/49\/2014\/09\/16.jpg\"><img loading=\"lazy\" class=\"aligncenter size-full wp-image-7554\" title=\"16\" src=\"\/pasarelaurbana\/wp-content\/uploads\/sites\/49\/2014\/09\/16.jpg\" alt=\"\" width=\"600\" height=\"374\" srcset=\"https:\/\/static-blogs.diariosur.es\/wp-content\/uploads\/sites\/49\/2014\/09\/16.jpg 600w, https:\/\/static-blogs.diariosur.es\/wp-content\/uploads\/sites\/49\/2014\/09\/16-300x187.jpg 300w\" sizes=\"(max-width: 600px) 100vw, 600px\" \/><\/a><\/p>\n<p style=\"text-align: center;\">Entre sus reliquias atesora esta cazadora de cuero de los 80 que compr\u00f3 su madre en <strong>Pinsapo<\/strong>, clave en su fondo de armario.<\/p>\n<p style=\"text-align: center;\"><span style=\"text-decoration: underline;\">SUS COMPLEMENTOS<\/span><\/p>\n<p style=\"text-align: center;\"><a href=\"\/pasarelaurbana\/wp-content\/uploads\/sites\/49\/2014\/09\/17.jpg\"><img loading=\"lazy\" class=\"aligncenter size-full wp-image-7555\" title=\"17\" src=\"\/pasarelaurbana\/wp-content\/uploads\/sites\/49\/2014\/09\/17.jpg\" alt=\"\" width=\"600\" height=\"399\" srcset=\"https:\/\/static-blogs.diariosur.es\/wp-content\/uploads\/sites\/49\/2014\/09\/17.jpg 600w, https:\/\/static-blogs.diariosur.es\/wp-content\/uploads\/sites\/49\/2014\/09\/17-300x200.jpg 300w\" sizes=\"(max-width: 600px) 100vw, 600px\" \/><\/a><\/p>\n<p style=\"text-align: center;\">Las gafas son su gran debilidad. Arriba, las <strong>Arnette<\/strong> de su juventud junto a modelos de<strong> Ray-Ban, Prada<\/strong> (las de aviador), <strong>Miu Miu, Swatch o Armani<\/strong>.<\/p>\n<p style=\"text-align: center;\"><a href=\"\/pasarelaurbana\/wp-content\/uploads\/sites\/49\/2014\/09\/18.jpg\"><img loading=\"lazy\" class=\"aligncenter size-full wp-image-7556\" title=\"18\" src=\"\/pasarelaurbana\/wp-content\/uploads\/sites\/49\/2014\/09\/18.jpg\" alt=\"\" width=\"600\" height=\"327\" srcset=\"https:\/\/static-blogs.diariosur.es\/wp-content\/uploads\/sites\/49\/2014\/09\/18.jpg 600w, https:\/\/static-blogs.diariosur.es\/wp-content\/uploads\/sites\/49\/2014\/09\/18-300x164.jpg 300w\" sizes=\"(max-width: 600px) 100vw, 600px\" \/><\/a><\/p>\n<p style=\"text-align: center;\">Los broches son una de sus se\u00f1as de identidad. De hecho, rara vez sale de casa sin uno. La mayor\u00eda proceden de alguno de<strong> sus viajes<\/strong>.<\/p>\n<p style=\"text-align: center;\"><a href=\"\/pasarelaurbana\/wp-content\/uploads\/sites\/49\/2014\/09\/19.jpg\"><img loading=\"lazy\" class=\"aligncenter size-full wp-image-7553\" title=\"19\" src=\"\/pasarelaurbana\/wp-content\/uploads\/sites\/49\/2014\/09\/19.jpg\" alt=\"\" width=\"600\" height=\"400\" srcset=\"https:\/\/static-blogs.diariosur.es\/wp-content\/uploads\/sites\/49\/2014\/09\/19.jpg 600w, https:\/\/static-blogs.diariosur.es\/wp-content\/uploads\/sites\/49\/2014\/09\/19-300x200.jpg 300w\" sizes=\"(max-width: 600px) 100vw, 600px\" \/><\/a><\/p>\n<p style=\"text-align: center;\">Y me despido como simpre con una imagen del shooting. El viento no nos lo puso nada f\u00e1cil. Agradecer a Carolina su amabilidad -incluso se trajo de atrezzo unas preciosas sillas y mesa forradas de tela por su madre. Para la ocasi\u00f3n, ella eligi\u00f3 uno de sus looks de trabajo: camisa vaporosa de Shana, pantalones entubados en beige de Zara y sandalias negras tambi\u00e9n de Zara. En mi caso opt\u00e9 por un total look de Zara: camisa azul marino con cuello beb\u00e9 de perlas y pantalones entubados celestes. Las cu\u00f1as que llev\u00e9 son de Bershka.<\/p>\n<p style=\"text-align: center;\"><span style=\"text-decoration: underline;\">SU RUTA DE TIENDAS<\/span><\/p>\n<p style=\"text-align: center;\">1.<strong> Zara<\/strong>. La joya de la corona de Inditex es una de sus paradas obligatorias.<br \/>\n2. <strong>H&#038;M.<\/strong>\u00a0 En esta firma \u2018low cost\u2019 busca camisetas y blusas de tendencia.<br \/>\n3. <strong>Shana<\/strong>. &#8220;Para b\u00e1sicos de fondo de armario buceo entre sus percheros&#8221;.<br \/>\n4. <strong>Pull&#038;Bear<\/strong>. \u00abAll\u00ed compro pa\u00f1uelos, chaquetas, camisas&#8230;\u00bb, enumera.<br \/>\n5. <strong>Firmas locales<\/strong>. Flumen&#038;Pepe, Jes\u00fas Segado e Hilario Caruana le pierden.<\/p>\n<p style=\"text-align: center;\">\u00a1Espero que os haya gustado el reportaje! \u00a1<strong>Os espero por aqu\u00ed dentro de dos semanas<\/strong>!<\/p>\n<p style=\"text-align: center;\">\u00a1Feliz fin de semana!<\/p>\n<p style=\"text-align: center;\">\n","protected":false},"excerpt":{"rendered":"<p>Entre los recuerdos de su ni\u00f1ez guarda aquellas tardes que pasaba correteando con su hermano por los jardines de la escuela de Bellas Artes, donde su madre estudiaba por entonces Dise\u00f1o de Interiores. Los desfiles de la \u00e9poca, con aquellas hombreras gigantes y esas poses exageradas, fueron forjando su amor por la moda, hoy convertida [&hellip;]<\/p>\n","protected":false},"author":54,"featured_media":0,"comment_status":"open","ping_status":"open","sticky":false,"template":"","format":"standard","meta":[],"categories":[2],"tags":[],"_links":{"self":[{"href":"https:\/\/blogs.diariosur.es\/pasarelaurbana\/wp-json\/wp\/v2\/posts\/7536"}],"collection":[{"href":"https:\/\/blogs.diariosur.es\/pasarelaurbana\/wp-json\/wp\/v2\/posts"}],"about":[{"href":"https:\/\/blogs.diariosur.es\/pasarelaurbana\/wp-json\/wp\/v2\/types\/post"}],"author":[{"embeddable":true,"href":"https:\/\/blogs.diariosur.es\/pasarelaurbana\/wp-json\/wp\/v2\/users\/54"}],"replies":[{"embeddable":true,"href":"https:\/\/blogs.diariosur.es\/pasarelaurbana\/wp-json\/wp\/v2\/comments?post=7536"}],"version-history":[{"count":0,"href":"https:\/\/blogs.diariosur.es\/pasarelaurbana\/wp-json\/wp\/v2\/posts\/7536\/revisions"}],"wp:attachment":[{"href":"https:\/\/blogs.diariosur.es\/pasarelaurbana\/wp-json\/wp\/v2\/media?parent=7536"}],"wp:term":[{"taxonomy":"category","embeddable":true,"href":"https:\/\/blogs.diariosur.es\/pasarelaurbana\/wp-json\/wp\/v2\/categories?post=7536"},{"taxonomy":"post_tag","embeddable":true,"href":"https:\/\/blogs.diariosur.es\/pasarelaurbana\/wp-json\/wp\/v2\/tags?post=7536"}],"curies":[{"name":"wp","href":"https:\/\/api.w.org\/{rel}","templated":true}]}}