{"id":7558,"date":"2014-09-14T21:06:15","date_gmt":"2014-09-14T19:06:15","guid":{"rendered":"http:\/\/blogs.diariosur.es\/pasarelaurbana\/?p=7558"},"modified":"2014-09-14T21:06:15","modified_gmt":"2014-09-14T19:06:15","slug":"la-moda-malaguena-hila-cada-vez-mas-fino","status":"publish","type":"post","link":"https:\/\/blogs.diariosur.es\/pasarelaurbana\/2014\/09\/14\/la-moda-malaguena-hila-cada-vez-mas-fino\/","title":{"rendered":"La moda malague\u00f1a hila cada vez m\u00e1s fino"},"content":{"rendered":"<p style=\"text-align: center;\">Dice el refr\u00e1n que a la tercera va la vencida. Pero hay cuartas partes sublimes que desbancan por completo a todas las anteriores. Y eso, precisamente, es lo que sucedi\u00f3 ayer viernes en la imponente Pasarela Larios. La cuarta edici\u00f3n de la que es ya por m\u00e9ritos propios la gran cita con la moda malague\u00f1a no solo no defraud\u00f3 sino que demostr\u00f3 que las agujas locales hilan cada vez m\u00e1s fino. A lo largo de los 300 metros de la alfombra azul los dise\u00f1adores de alta costura regalaron a un p\u00fablico entregado aut\u00e9nticas puntadas de espect\u00e1culo elevadas a arte que superaron en calidad y puesta en escena a todo lo visto en a\u00f1os anteriores. Once grandes creadores con propuestas para todos los gustos y un denominador com\u00fan: la reivindicaci\u00f3n a la puesta en valor de una costura artesanal y la apuesta por una mujer hiperfemenina con la elegancia y la sofisticaci\u00f3n como principales cartas de presentaci\u00f3n.<\/p>\n<p style=\"text-align: center;\"><strong>Jote Mart\u00ednez <\/strong>fue esta vez el encargado de abrir fuego. Era su primera vez y estuvo m\u00e1s que a la altura con una colecci\u00f3n fiel a sus ra\u00edces flamencas que sorprendi\u00f3 gratamente. El joven dise\u00f1ador de Alameda trajo el soplo de aire fresco y energ\u00edas renovada a la cita con looks creados para marcar la silueta de la mujer e interesantes juegos de vol\u00famenes. Me gust\u00f3 much\u00edsimo su mono en blanco roto con retales de tela superpuestos en la cintura y su novia, con cuerpo de plumeti (espectacular). Muy acertados tambi\u00e9n sus dos dise\u00f1os en rosa y azul klein con los que demostr\u00f3 que las nuevas generaciones tienen mucho que decir. Desde aqu\u00ed, pues, mi m\u00e1s sincera enhorabuena a Jote, porque me consta que iba hecho un flan, con lo que impone Larios, y super\u00f3 el ex\u00e1men muy dignamente, as\u00ed que ol\u00e9 maestro.<\/p>\n<p style=\"text-align: center;\"><a href=\"\/pasarelaurbana\/wp-content\/uploads\/sites\/49\/2014\/09\/jotebuena.jpg\"><img loading=\"lazy\" class=\"aligncenter size-full wp-image-7560\" title=\"jotebuena\" src=\"\/pasarelaurbana\/wp-content\/uploads\/sites\/49\/2014\/09\/jotebuena.jpg\" alt=\"\" width=\"600\" height=\"800\" srcset=\"https:\/\/static-blogs.diariosur.es\/wp-content\/uploads\/sites\/49\/2014\/09\/jotebuena.jpg 600w, https:\/\/static-blogs.diariosur.es\/wp-content\/uploads\/sites\/49\/2014\/09\/jotebuena-225x300.jpg 225w\" sizes=\"(max-width: 600px) 100vw, 600px\" \/><\/a><\/p>\n<p style=\"text-align: center;\">Sobre estas l\u00edneas el dise\u00f1o de Jote que m\u00e1s me gust\u00f3. Pod\u00e9is ver <a href=\"http:\/\/www.diariosur.es\/fotos\/gente-estilo\/201409\/13\/jote-martinez-309893072723-mm.html?edition=\" rel=\"external nofollow\">m\u00e1s fotas suyas AQU\u00cd<\/a><\/p>\n<p style=\"text-align: center;\">Otra cara nueva, eso s\u00ed mucho m\u00e1s veterana, la del maestro <strong>Paco Ruiz<\/strong>. El que fuera Alfiler de Oro en la primera edici\u00f3n debut\u00f3 en Larios tras 11 a\u00f1os apartado de la pasarela con looks bicolor y cl\u00e1sicos renovados. Crop tops, faldas l\u00e1piz y solapas XL fueron sus propuestas m\u00e1s repetidas. Pod\u00e9is ver<a href=\"http:\/\/www.diariosur.es\/fotos\/gente-estilo\/201409\/13\/paco-ruiz-309894060942-mm.html\" rel=\"external nofollow\"> las fotos AQUI.<\/a><\/p>\n<p style=\"text-align: center;\">\n<p style=\"text-align: center;\"><a href=\"\/pasarelaurbana\/wp-content\/uploads\/sites\/49\/2014\/09\/pacoruizok.jpg\"><img loading=\"lazy\" class=\"aligncenter size-full wp-image-7562\" title=\"pacoruizok\" src=\"\/pasarelaurbana\/wp-content\/uploads\/sites\/49\/2014\/09\/pacoruizok.jpg\" alt=\"\" width=\"468\" height=\"707\" srcset=\"https:\/\/static-blogs.diariosur.es\/wp-content\/uploads\/sites\/49\/2014\/09\/pacoruizok.jpg 468w, https:\/\/static-blogs.diariosur.es\/wp-content\/uploads\/sites\/49\/2014\/09\/pacoruizok-199x300.jpg 199w\" sizes=\"(max-width: 468px) 100vw, 468px\" \/><\/a><\/p>\n<p style=\"text-align: center;\">\n<p style=\"text-align: center;\">Con <strong>Montesco<\/strong> lleg\u00f3 un a\u00f1o m\u00e1s el lujo en may\u00fasculas. <strong>Mario Camino y Carlos Aguirre<\/strong> conquistaron con sus l\u00edneas arquitect\u00f3nicas y sus regios dise\u00f1os escult\u00f3ricos inspirados en la figura de Eugenia de Montijo, esposa de Napole\u00f3n III, Emperatriz de Francia y toda una it girl en su tiempo.\u00a0Los tejidos de tart\u00e1n -muy british-, el estilo h\u00edpico chic y las capas figuran entre sus imprescindibles para la pr\u00f3xima temporada. Sus\u00a0dise\u00f1os vuelven la mirada hacia un modo artesanal de entender la costura con un trabajo que se detiene en los detalles y busca siempre la exaltaci\u00f3n de la feminidad. \u00a0Chaquetas de silueta &#8216;bar&#8217;, drapeados, faldas de vuelo, vol\u00famenes traseros y detalles bordados de forma sutil son los elementos estrella de la nueva colecci\u00f3n de los modistos malague\u00f1os cuajada de pieles, mosqueros y elementos propios de\u00a0la tradici\u00f3n brit\u00e1nica ecuestre con el refinado toque franc\u00e9s que la Condesa de Montijo sol\u00eda imprimir a sus looks. De sobresaliente. Dejaron al p\u00fablico de Larios impresionado, \u00a1enhorabuena tambi\u00e9n!<\/p>\n<p style=\"text-align: center;\"><a href=\"\/pasarelaurbana\/wp-content\/uploads\/sites\/49\/2014\/09\/montesco.jpg\"><img loading=\"lazy\" class=\"aligncenter size-full wp-image-7563\" title=\"montesco\" src=\"\/pasarelaurbana\/wp-content\/uploads\/sites\/49\/2014\/09\/montesco.jpg\" alt=\"\" width=\"468\" height=\"707\" srcset=\"https:\/\/static-blogs.diariosur.es\/wp-content\/uploads\/sites\/49\/2014\/09\/montesco.jpg 468w, https:\/\/static-blogs.diariosur.es\/wp-content\/uploads\/sites\/49\/2014\/09\/montesco-199x300.jpg 199w\" sizes=\"(max-width: 468px) 100vw, 468px\" \/><\/a><\/p>\n<p style=\"text-align: center;\">Sobre estas l\u00edneas una de las propuestas de Montesco que me rob\u00f3 el coraz\u00f3n. <a href=\"http:\/\/www.diariosur.es\/fotos\/gente-estilo\/201409\/13\/montesco-309893584312-mm.html\" rel=\"external nofollow\">M\u00e1s fotos AQUI\u00a0<\/a><\/p>\n<p style=\"text-align: center;\"><strong>Rafael Urquizar<\/strong>, por su parte, enamor\u00f3 con sus delicadas \u2018Puntadas de amor\u2019, toda una oda a las tradiciones andaluzas con los pantalones como absolutos protagonistas. El que es actualmente el dise\u00f1ador malague\u00f1o con m\u00e1s proyecci\u00f3n nacional tambi\u00e9n reivindic\u00f3 con su colecci\u00f3n el trabajo artesanal que hay detr\u00e1s de cada costura y detalle. Dise\u00f1os que ponen el foco de atenci\u00f3n en la cintura femenina, casi siempre ce\u00f1ida por cinturones esculturales o bordados con t\u00e9cnicas de aplicaci\u00f3n en oro y cristal. \u00a0Un juego con las siluetas en dos vertientes: una de ellas con efectos esculturales (conseguidos a base de plegados y volantes) y otra muy fluida con drapeados y efectos capa te\u00f1idas de\u00a0rosa jade, rojo sangre,oro, azul noche y negro profundo aliados en perfecta armon\u00eda. Urqu\u00edzar siempre sorprende y enamora, y en mi caso un a\u00f1o m\u00e1s lo consigui\u00f3.<\/p>\n<p style=\"text-align: center;\"><a href=\"\/pasarelaurbana\/wp-content\/uploads\/sites\/49\/2014\/09\/urquizar.jpeg\"><img loading=\"lazy\" class=\"aligncenter size-full wp-image-7564\" title=\"urquizar\" src=\"\/pasarelaurbana\/wp-content\/uploads\/sites\/49\/2014\/09\/urquizar.jpeg\" alt=\"\" width=\"468\" height=\"707\" srcset=\"https:\/\/static-blogs.diariosur.es\/wp-content\/uploads\/sites\/49\/2014\/09\/urquizar.jpeg 468w, https:\/\/static-blogs.diariosur.es\/wp-content\/uploads\/sites\/49\/2014\/09\/urquizar-199x300.jpeg 199w\" sizes=\"(max-width: 468px) 100vw, 468px\" \/><\/a><\/p>\n<p style=\"text-align: center;\">Arriba, traje de fiesta de Urquizar. <a href=\"http:\/\/www.diariosur.es\/fotos\/listado.html?pag=&#038;indiceResultados=17S\" rel=\"external nofollow\">M\u00e1s fotos AQUI.\u00a0<\/a><\/p>\n<p style=\"text-align: center;\">La delicadeza rein\u00f3 un a\u00f1o m\u00e1s con los rom\u00e1nticos dise\u00f1os de <strong>Jes\u00fas Segado,<\/strong> uno de los grandes triunfadores de la noche con sus terminaciones mimadas al m\u00ednimo detalle. A destacar, sus collages de tejidos, sus elementos tridimensionales, sus acertados vol\u00famenes -le espantan las prendas ce\u00f1idas- y sus flores de porcelana. \u00bfQu\u00e9 decir de Jes\u00fas? Que lo borda en cada colecci\u00f3n con ese halo parisino que tanto me recuerda -aunque siempre se lo digo y ya estoy pesada- \u00a0a mi idolatrado Josep Font y me deja sin palabras. Hace unos d\u00edas tuve la oportunidad de colarme en su atelier y ver de cerca sus \u00faltimas creaciones y son aut\u00e9nticas obras de arte. Se empe\u00f1\u00f3 durante meses por crear un top 3D con cubos y con la cabezoner\u00eda que lo caracteriza cuando se trata de la aguja, lo consigui\u00f3. \u00bfEl resultado? Espectacular. Una obra de ingenier\u00eda a base de estudiados cruces de tejidos en dorado y rosa fucsia que combinada con un vestido en seda r\u00fastica crearon a mi juicio uno de los modelos m\u00e1s bonitos de los que enfilaron el viernes calle Larios. \u00a0Me quito el sombrero maestro con cada una de tus propuestas porque son adem\u00e1s s\u00faper ponibles.<\/p>\n<p style=\"text-align: center;\"><a href=\"\/pasarelaurbana\/wp-content\/uploads\/sites\/49\/2014\/09\/segado.jpg\"><img loading=\"lazy\" class=\"aligncenter size-full wp-image-7565\" title=\"segado\" src=\"\/pasarelaurbana\/wp-content\/uploads\/sites\/49\/2014\/09\/segado.jpg\" alt=\"\" width=\"468\" height=\"707\" srcset=\"https:\/\/static-blogs.diariosur.es\/wp-content\/uploads\/sites\/49\/2014\/09\/segado.jpg 468w, https:\/\/static-blogs.diariosur.es\/wp-content\/uploads\/sites\/49\/2014\/09\/segado-199x300.jpg 199w\" sizes=\"(max-width: 468px) 100vw, 468px\" \/><\/a><\/p>\n<p style=\"text-align: center;\">Dise\u00f1o de Jes\u00fas Segado con crop de efecto 3D. <a href=\"http:\/\/www.diariosur.es\/fotos\/gente-estilo\/201409\/13\/jesus-segado-309895005956-mm.html\" rel=\"external nofollow\">M\u00e1s fotos de su desfile, AQUI<\/a><\/p>\n<p style=\"text-align: center;\"><strong>Miguel \u00c1ngel Ruiz y \u00c1ngel Palazuelos <\/strong>firmaron las colecciones m\u00e1s arriesgadas. El primero con su apuesta de todo el rojo (<a href=\"http:\/\/www.diariosur.es\/fotos\/gente-estilo\/201409\/13\/miguel-angel-ruiz-309894345472-mm.html\" rel=\"external nofollow\">Fotos aqui)<\/a> y el segundo con su innovadora l\u00ednea de alta costura masculina, con el terciopelo y las pailletes protagonistas. <strong>Palazuelos\u00a0<\/strong>se meti\u00f3 a las f\u00e9minas en el bolsillo con la elecci\u00f3n de los protagonistas de su puesta en escena. Silbidos, gritos y piropos desatados (bastante fuera de lugar todo sea dicho porque lleg\u00f3 a ser bochornoso) fueron de lo m\u00e1s comentado de la noche. El dise\u00f1ador fue adem\u00e1s el \u00fanico que recorri\u00f3 de lado a lado la pasarela para saludar de la mano de Stella Rittwagen, ambos vestidos a juego con un conjunto en tonos azul klein. De \u00e9l, decir que hubo varios looks que me encantaron, como el lima con lentejuelas multicolor que luci\u00f3 con la maestr\u00eda que la caracteriza la modelo malague\u00f1a Andrea Cascales o el traje en print animal. Igualmente, me gust\u00f3 su concepto -apostando por la alta costura para ellos- y el buen rollo que traslad\u00f3 sobre la pasarela as\u00ed que igualmente, enhorabuena.<\/p>\n<p style=\"text-align: center;\"><a href=\"\/pasarelaurbana\/wp-content\/uploads\/sites\/49\/2014\/09\/palazuelos.jpg\"><img loading=\"lazy\" class=\"aligncenter size-full wp-image-7559\" title=\"palazuelos\" src=\"\/pasarelaurbana\/wp-content\/uploads\/sites\/49\/2014\/09\/palazuelos.jpg\" alt=\"\" width=\"595\" height=\"900\" srcset=\"https:\/\/static-blogs.diariosur.es\/wp-content\/uploads\/sites\/49\/2014\/09\/palazuelos.jpg 595w, https:\/\/static-blogs.diariosur.es\/wp-content\/uploads\/sites\/49\/2014\/09\/palazuelos-198x300.jpg 198w\" sizes=\"(max-width: 595px) 100vw, 595px\" \/><\/a><\/p>\n<p style=\"text-align: center;\">Arriba, Andrea Cascales con traje de pailletes de Palazuelos, <a href=\"http:\/\/www.diariosur.es\/fotos\/gente-estilo\/201409\/13\/palazuelos-309898730500-mm.html\" rel=\"external nofollow\">m\u00e1s fotos AQUI<\/a><\/p>\n<p style=\"text-align: center;\">Buen trabajo igualmente el de <strong>Javier Alc\u00e1ntara<\/strong>, que viaj\u00f3 al antiguo egipto con \u2018Luxor\u2019. Los plisados de sus faldas, sus capas o sus terminaciones en pu\u00f1os y bajos me fascinaron. Su modelo de novia -con un buen gusto exquisito- fue a mi juicio el m\u00e1s bonito de las propuestas nupciales de la noche junto a la de Segado mientras que <strong><a href=\"http:\/\/www.diariosur.es\/fotos\/gente-estilo\/201409\/13\/gemma-mele-309894172209-mm.html\" rel=\"external nofollow\">Gemma Mel\u00e9<\/a>, <a href=\"http:\/\/www.diariosur.es\/fotos\/gente-estilo\/201409\/13\/ikram-louah-309895462581-mm.html\" rel=\"external nofollow\">Susana Hidalgo<\/a><\/strong> (que se super\u00f3 respecto a otros a\u00f1os) e<strong> I<a href=\"http:\/\/www.diariosur.es\/fotos\/gente-estilo\/201409\/13\/ikram-louah-309899181933-mm.html\" rel=\"external nofollow\">kram El Louah<\/a><\/strong>llevaron a pasarela dise\u00f1os 100% femeninos que exaltan la silueta de la mujer.<\/p>\n<p style=\"text-align: center;\"><a href=\"\/pasarelaurbana\/wp-content\/uploads\/sites\/49\/2014\/09\/alcantara.jpg\"><img loading=\"lazy\" class=\"aligncenter size-full wp-image-7566\" title=\"alcantara\" src=\"\/pasarelaurbana\/wp-content\/uploads\/sites\/49\/2014\/09\/alcantara.jpg\" alt=\"\" width=\"600\" height=\"800\" srcset=\"https:\/\/static-blogs.diariosur.es\/wp-content\/uploads\/sites\/49\/2014\/09\/alcantara.jpg 600w, https:\/\/static-blogs.diariosur.es\/wp-content\/uploads\/sites\/49\/2014\/09\/alcantara-225x300.jpg 225w\" sizes=\"(max-width: 600px) 100vw, 600px\" \/><\/a><\/p>\n<p style=\"text-align: center;\">Sobre estas l\u00edneas, la propuesta nupcial de Javier Alc\u00e1ntara (<a href=\"http:\/\/www.diariosur.es\/fotos\/gente-estilo\/201409\/13\/javier-alcantara-309899136169-mm.html\" rel=\"external nofollow\">m\u00e1s fotos aqui)<\/a><\/p>\n<p style=\"text-align: center;\">Nivelazo el de la moda malague\u00f1a. Y el de las firmas de complementos que arropan el trabajo de los protagonistas de la Pasarela Larios, genial como siempre <strong>Laura Olea<\/strong>, cuyo toque maestro siempre se convierte en la guinda de los estilismos, <strong>Rosario Berrocal<\/strong> o <strong>Bel\u00e9n Zotano,<\/strong> cuyos pendientes acompa\u00f1aron los dise\u00f1os de Gemma Mel\u00e9.<\/p>\n<p style=\"text-align: center;\">\u00a1Espero que os haya gustado el resumen! \u00a1El a\u00f1o que viene m\u00e1s&#8230;y seguramente mejor!<\/p>\n<p style=\"text-align: center;\">Sigo de vacaciones, as\u00ed que os espero por aqu\u00ed a partir del d\u00eda 22. \u00a1A disfrutar de los \u00faltimos coletazos del verano!<\/p>\n","protected":false},"excerpt":{"rendered":"<p>Dice el refr\u00e1n que a la tercera va la vencida. Pero hay cuartas partes sublimes que desbancan por completo a todas las anteriores. Y eso, precisamente, es lo que sucedi\u00f3 ayer viernes en la imponente Pasarela Larios. La cuarta edici\u00f3n de la que es ya por m\u00e9ritos propios la gran cita con la moda malague\u00f1a [&hellip;]<\/p>\n","protected":false},"author":54,"featured_media":0,"comment_status":"open","ping_status":"open","sticky":false,"template":"","format":"standard","meta":[],"categories":[2],"tags":[],"_links":{"self":[{"href":"https:\/\/blogs.diariosur.es\/pasarelaurbana\/wp-json\/wp\/v2\/posts\/7558"}],"collection":[{"href":"https:\/\/blogs.diariosur.es\/pasarelaurbana\/wp-json\/wp\/v2\/posts"}],"about":[{"href":"https:\/\/blogs.diariosur.es\/pasarelaurbana\/wp-json\/wp\/v2\/types\/post"}],"author":[{"embeddable":true,"href":"https:\/\/blogs.diariosur.es\/pasarelaurbana\/wp-json\/wp\/v2\/users\/54"}],"replies":[{"embeddable":true,"href":"https:\/\/blogs.diariosur.es\/pasarelaurbana\/wp-json\/wp\/v2\/comments?post=7558"}],"version-history":[{"count":0,"href":"https:\/\/blogs.diariosur.es\/pasarelaurbana\/wp-json\/wp\/v2\/posts\/7558\/revisions"}],"wp:attachment":[{"href":"https:\/\/blogs.diariosur.es\/pasarelaurbana\/wp-json\/wp\/v2\/media?parent=7558"}],"wp:term":[{"taxonomy":"category","embeddable":true,"href":"https:\/\/blogs.diariosur.es\/pasarelaurbana\/wp-json\/wp\/v2\/categories?post=7558"},{"taxonomy":"post_tag","embeddable":true,"href":"https:\/\/blogs.diariosur.es\/pasarelaurbana\/wp-json\/wp\/v2\/tags?post=7558"}],"curies":[{"name":"wp","href":"https:\/\/api.w.org\/{rel}","templated":true}]}}