{"id":7569,"date":"2014-09-26T16:01:02","date_gmt":"2014-09-26T14:01:02","guid":{"rendered":"http:\/\/blogs.diariosur.es\/pasarelaurbana\/?p=7569"},"modified":"2014-09-26T16:01:02","modified_gmt":"2014-09-26T14:01:02","slug":"tres-looks-muy-salvajes","status":"publish","type":"post","link":"https:\/\/blogs.diariosur.es\/pasarelaurbana\/2014\/09\/26\/tres-looks-muy-salvajes\/","title":{"rendered":"Tres looks muy salvajes"},"content":{"rendered":"<p style=\"text-align: center;\"><a href=\"\/pasarelaurbana\/wp-content\/uploads\/sites\/49\/2014\/09\/montaje1.jpg\"><img loading=\"lazy\" class=\"aligncenter  wp-image-7574\" title=\"montaje\" src=\"\/pasarelaurbana\/wp-content\/uploads\/sites\/49\/2014\/09\/montaje1.jpg\" alt=\"\" width=\"600\" height=\"600\" srcset=\"https:\/\/static-blogs.diariosur.es\/wp-content\/uploads\/sites\/49\/2014\/09\/montaje1.jpg 600w, https:\/\/static-blogs.diariosur.es\/wp-content\/uploads\/sites\/49\/2014\/09\/montaje1-150x150.jpg 150w, https:\/\/static-blogs.diariosur.es\/wp-content\/uploads\/sites\/49\/2014\/09\/montaje1-300x300.jpg 300w\" sizes=\"(max-width: 600px) 100vw, 600px\" \/><\/a>Si hay un estampado incombustible, de esos que vuelven a la carga temporada tras temporada -da igual que sea invierno o verano- ese es el de \u2018print animal\u2019. Cl\u00e1sico y eterno, en cualquiera de sus variantes, se reinventa este oto\u00f1o en su formato m\u00e1s tradicional y con combinaciones de colores sorprendentes (como rojo, gris, el mostaza o tonos pasteles). La fiebre animal seguir\u00e1 siendo, pues, la reina de la selva -y de nuestros armarios a tenor de\u00a0 las nuevas colecciones que ya cuelgan en las principales tiendas \u2018low cost\u2019<br \/>\nAbrigos, kimonos, camisetas, camisas,\u00a0 shorts, sofisticados vestidos vaporosos para ir a la oficina, bolsos\u2026el repertorio donde elegir es ampl\u00edsimo.\u00a0 Las m\u00e1s atrevidas pueden arriesgar y lucirlo en \u2018total look\u2019, buscarle atrevidas parejas -como shorts con camisetas en blanco y negro con mensaje- o aliar estas prendas con complementos en colores m\u00e1s llamativos como frambuesa o mostaza, tan de tendencia este oto\u00f1o. Para las m\u00e1s discretas, existe una gran variedad de complementos con este print que permiten incorporar una pincelada de tendencia sin llamar mucho la atenci\u00f3n.<br \/>\nEl estampado de leopardo ha sido el motivo animal m\u00e1s empleado en la moda occidental. Ya triunf\u00f3 en la Francia del XVIII, donde se usaba en accesorios y remates, y ahora pide paso en el \u2018street style\u2019 convertido en un nuevo \u2018must have\u2019. Sandra Castillo apuesta por integrarlo a su estilismo en un llamativo clutch, mientras que Silvia Escribano lo luce en motas XXL -tendencia clave. Gabriela Merino sorprende por su parte marid\u00e1ndolo con rosa pastel.<\/p>\n<p style=\"text-align: center;\">Os dejo con tres propuestas de looks felinos fichados en las calles de M\u00e1laga. \u00a1Hasta el lunes!<\/p>\n<p style=\"text-align: center;\"><!--more--><\/p>\n<p style=\"text-align: center;\"><a href=\"\/pasarelaurbana\/wp-content\/uploads\/sites\/49\/2014\/09\/lunares.jpg\"><img loading=\"lazy\" class=\"aligncenter size-full wp-image-7573\" title=\"lunares\" src=\"\/pasarelaurbana\/wp-content\/uploads\/sites\/49\/2014\/09\/lunares.jpg\" alt=\"\" width=\"600\" height=\"800\" srcset=\"https:\/\/static-blogs.diariosur.es\/wp-content\/uploads\/sites\/49\/2014\/09\/lunares.jpg 600w, https:\/\/static-blogs.diariosur.es\/wp-content\/uploads\/sites\/49\/2014\/09\/lunares-225x300.jpg 225w\" sizes=\"(max-width: 600px) 100vw, 600px\" \/><\/a><\/p>\n<p style=\"text-align: center;\"><a href=\"\/pasarelaurbana\/wp-content\/uploads\/sites\/49\/2014\/09\/espalda.jpg\"><img loading=\"lazy\" class=\"aligncenter size-full wp-image-7571\" title=\"espalda\" src=\"\/pasarelaurbana\/wp-content\/uploads\/sites\/49\/2014\/09\/espalda.jpg\" alt=\"\" width=\"600\" height=\"800\" srcset=\"https:\/\/static-blogs.diariosur.es\/wp-content\/uploads\/sites\/49\/2014\/09\/espalda.jpg 600w, https:\/\/static-blogs.diariosur.es\/wp-content\/uploads\/sites\/49\/2014\/09\/espalda-225x300.jpg 225w\" sizes=\"(max-width: 600px) 100vw, 600px\" \/><\/a><\/p>\n<p style=\"text-align: center;\"><strong>Sandra Castillo<\/strong>. 35 a\u00f1os. Asesora de Imagen y personal shopper. 35 a\u00f1os. Autora del blog <a href=\"http:\/\/mislunares.es\/\" rel=\"external nofollow\">Mis lunares<\/a><\/p>\n<p style=\"text-align: center;\"><span style=\"text-decoration: underline;\">Un outfit de prendas b\u00e1sicas con la espalda protagonista<\/span><br \/>\nSandra Castillo, una asesora de imagen y personal shopper de 35 a\u00f1os, apuesta por el estampado de moda para realzar un look construido a base de prendas b\u00e1sicas. En su caso, reserva el toque de print animal para el bolso, una maxi cartera de mano de Lefties con el que consigue imprimir un aire de sofisticaci\u00f3n al resultado final. La espalda es la gran protagonista de su estilismo. Y es que el escotazo de v\u00e9rtigo de su camiseta negra -con preciosos remates de madro\u00f1os- la deja totalmente al descubierto. Completa el look con unos shorts vaqueros, cu\u00f1as negras y unas gafas redondas polarizadas (un must de la \u00faltima temporada que sigue pisando fuerte). Unos brazaletes de inspiraci\u00f3n azteca ponen la guinda. \u00abEl animal print es una tendencia que ha pasado a convertirse en un fondo de armario, ya sea en pinceladas en complementos o en prendas protagonistas para las m\u00e1s arriesgadas. Se trata de un estampado con estilo que merece la pena incorporar a los \u2018outfits\u2019, ya que combinado con b\u00e1sicos realza cualquier look. A mi me gusta mezclado con negro, blanco o con tonos m\u00e1s llamativos como el rosa o el rojo\u00bb, destaca.<\/p>\n<p style=\"text-align: center;\">Top: Sabina. Tienda local.<\/p>\n<p style=\"text-align: center;\"> Shorts: Blanco.  Cu\u00f1as: Zara.<\/p>\n<p style=\"text-align: center;\">Clutch: Lefties.<\/p>\n<p style=\"text-align: center;\">Brazaletes: Bershka.<\/p>\n<p style=\"text-align: center;\">Gafas: Zara.<\/p>\n<p style=\"text-align: center;\"><a href=\"\/pasarelaurbana\/wp-content\/uploads\/sites\/49\/2014\/09\/gabrielauno.jpg\"><img loading=\"lazy\" class=\"aligncenter size-full wp-image-7572\" title=\"gabrielauno\" src=\"\/pasarelaurbana\/wp-content\/uploads\/sites\/49\/2014\/09\/gabrielauno.jpg\" alt=\"\" width=\"600\" height=\"900\" srcset=\"https:\/\/static-blogs.diariosur.es\/wp-content\/uploads\/sites\/49\/2014\/09\/gabrielauno.jpg 600w, https:\/\/static-blogs.diariosur.es\/wp-content\/uploads\/sites\/49\/2014\/09\/gabrielauno-200x300.jpg 200w\" sizes=\"(max-width: 600px) 100vw, 600px\" \/><\/a><\/p>\n<p style=\"text-align: center;\"><strong>Gabriela Merino<\/strong>. Graduada en Turismo y editora del <a href=\"http:\/\/www.gabrielamerinoblog.com\/\" rel=\"external nofollow\">blog que lleva su nombre<\/a>. 23 a\u00f1os<\/p>\n<p style=\"text-align: center;\"><span style=\"text-decoration: underline;\">Leopardo con rosa pastel, una dulce combinaci\u00f3n<\/span><br \/>\nUna de las bazas del estampado con m\u00e1s garra es su sinf\u00edn de posibilidades de combinaci\u00f3n, ya que marida bien con todos los colores de la paleta. \u00a1Es solo cuesti\u00f3n pues de echarle imaginaci\u00f3n y atreverse a probar nuevas mezclas! Nos gusta la que propone Gabriela Merino. Esta malague\u00f1a, graduada en Turismo y editora del blog que lleva su nombre, logra un interesante look de contrastes casando en un mismo estilismo una camisa vaporosa de estampado animal con una mini falda asim\u00e9trica de vuelo en rosa pastel a la que da fuerza y resta dulzura consiguiendo un equilibrio perfecto. Esta joven de\u00a0 23 a\u00f1os completa el \u2018outfit\u2019 con cu\u00f1as negras, bandolera nude y gargantilla con pieza XL de cristal.<\/p>\n<p style=\"text-align: center;\">Blusa, falda y gargantilla: Zara.<\/p>\n<p style=\"text-align: center;\"> Cu\u00f1as: Pull&#038;Bear.<\/p>\n<p style=\"text-align: center;\">Pulseras: Joyer\u00edas Hago.<\/p>\n<p style=\"text-align: center;\"><a href=\"\/pasarelaurbana\/wp-content\/uploads\/sites\/49\/2014\/09\/silvia.jpg\"><img loading=\"lazy\" class=\"aligncenter size-full wp-image-7570\" title=\"silvia\" src=\"\/pasarelaurbana\/wp-content\/uploads\/sites\/49\/2014\/09\/silvia.jpg\" alt=\"\" width=\"600\" height=\"802\" srcset=\"https:\/\/static-blogs.diariosur.es\/wp-content\/uploads\/sites\/49\/2014\/09\/silvia.jpg 600w, https:\/\/static-blogs.diariosur.es\/wp-content\/uploads\/sites\/49\/2014\/09\/silvia-224x300.jpg 224w\" sizes=\"(max-width: 600px) 100vw, 600px\" \/><\/a><\/p>\n<p style=\"text-align: center;\"><strong>Silvia Escribano<\/strong>. Estudiante de Derecho. 19 a\u00f1os<\/p>\n<p style=\"text-align: center;\"><span style=\"text-decoration: underline;\">\u00bfLas motas? Esta temporada se llevan en tama\u00f1o maxi<\/span><br \/>\nUna de las novedades del regreso este oto\u00f1o del estampado m\u00e1s salvaje es el tama\u00f1o que dictan los nuevos c\u00e1nones de la moda. Las motas reivindican protagonismo y se imponen en formato XXL, dispuestas a hacerse. Zara es una de las tiendas \u2018low cost\u2019 que abandera esta nueva tendencia, muy presente en su nueva colecci\u00f3n. Silvia Escribano, una estudiante de Derecho malague\u00f1a de 19 a\u00f1os, la incorpora a su look de d\u00eda en una sofisticada camisa que combina con shorts negros, gafas retro Ray-Ban y bolso bandolera en camel con tachuelas. \u00a1Una fant\u00e1stica opci\u00f3n para recorrer la ciudad!<\/p>\n<p style=\"text-align: center;\">Camisa, shorts y bolso: Zara.  <\/p>\n<p style=\"text-align: center;\">Gafas: Ray-Ban.<\/p>\n<p style=\"text-align: center;\">Perdonad mi ausencia esta semana pero el trabajo me ha impedido actualizar el blog, he estado liad\u00edsima. El lunes prometo intentar volver a las actualizaciones diarias. Feliz fin de semana!<\/p>\n<p style=\"text-align: center;\">\n","protected":false},"excerpt":{"rendered":"<p>Si hay un estampado incombustible, de esos que vuelven a la carga temporada tras temporada -da igual que sea invierno o verano- ese es el de \u2018print animal\u2019. Cl\u00e1sico y eterno, en cualquiera de sus variantes, se reinventa este oto\u00f1o en su formato m\u00e1s tradicional y con combinaciones de colores sorprendentes (como rojo, gris, el [&hellip;]<\/p>\n","protected":false},"author":54,"featured_media":0,"comment_status":"open","ping_status":"open","sticky":false,"template":"","format":"standard","meta":[],"categories":[2],"tags":[],"_links":{"self":[{"href":"https:\/\/blogs.diariosur.es\/pasarelaurbana\/wp-json\/wp\/v2\/posts\/7569"}],"collection":[{"href":"https:\/\/blogs.diariosur.es\/pasarelaurbana\/wp-json\/wp\/v2\/posts"}],"about":[{"href":"https:\/\/blogs.diariosur.es\/pasarelaurbana\/wp-json\/wp\/v2\/types\/post"}],"author":[{"embeddable":true,"href":"https:\/\/blogs.diariosur.es\/pasarelaurbana\/wp-json\/wp\/v2\/users\/54"}],"replies":[{"embeddable":true,"href":"https:\/\/blogs.diariosur.es\/pasarelaurbana\/wp-json\/wp\/v2\/comments?post=7569"}],"version-history":[{"count":0,"href":"https:\/\/blogs.diariosur.es\/pasarelaurbana\/wp-json\/wp\/v2\/posts\/7569\/revisions"}],"wp:attachment":[{"href":"https:\/\/blogs.diariosur.es\/pasarelaurbana\/wp-json\/wp\/v2\/media?parent=7569"}],"wp:term":[{"taxonomy":"category","embeddable":true,"href":"https:\/\/blogs.diariosur.es\/pasarelaurbana\/wp-json\/wp\/v2\/categories?post=7569"},{"taxonomy":"post_tag","embeddable":true,"href":"https:\/\/blogs.diariosur.es\/pasarelaurbana\/wp-json\/wp\/v2\/tags?post=7569"}],"curies":[{"name":"wp","href":"https:\/\/api.w.org\/{rel}","templated":true}]}}