{"id":7576,"date":"2014-09-30T16:14:49","date_gmt":"2014-09-30T14:14:49","guid":{"rendered":"http:\/\/blogs.diariosur.es\/pasarelaurbana\/?p=7576"},"modified":"2014-09-30T16:14:49","modified_gmt":"2014-09-30T14:14:49","slug":"los-colores-de-moda-de-este-otono","status":"publish","type":"post","link":"https:\/\/blogs.diariosur.es\/pasarelaurbana\/2014\/09\/30\/los-colores-de-moda-de-este-otono\/","title":{"rendered":"Los colores de moda de este oto\u00f1o"},"content":{"rendered":"<p style=\"text-align: center;\"><a href=\"\/pasarelaurbana\/wp-content\/uploads\/sites\/49\/2014\/09\/pantone.jpg\"><img loading=\"lazy\" class=\"aligncenter  wp-image-7577\" title=\"pantone\" src=\"\/pasarelaurbana\/wp-content\/uploads\/sites\/49\/2014\/09\/pantone.jpg\" alt=\"\" width=\"600\" height=\"415\" srcset=\"https:\/\/static-blogs.diariosur.es\/wp-content\/uploads\/sites\/49\/2014\/09\/pantone.jpg 600w, https:\/\/static-blogs.diariosur.es\/wp-content\/uploads\/sites\/49\/2014\/09\/pantone-300x208.jpg 300w\" sizes=\"(max-width: 600px) 100vw, 600px\" \/><\/a><\/p>\n<p style=\"text-align: center;\">Llega el oto\u00f1o. Y con \u00e9l nuevos colores con los que te\u00f1ir nuestros armarios (toca ir pensando en hacer el cambio, por muy tedioso que sea). La paleta se renueva bajo el dictamen de las tendencias, que imponen sus favoritos. \u00bfLos elegidos? Pues como manda cada temporada, el<strong> Instituto Pantone<\/strong> ya ha dado su veredicto. Los tonos que veis en la foto que encabeza este post ser\u00e1n los que veremos hasta la saciedad en los percheros de las tiendas. El mostaza ya apuntaba maneras este verano y se quedar\u00e1 con nosotros, al igual que el orqu\u00eddea radiante (lo confieso, me encanta este nombre, suena taaaan aristocr\u00e1tico jajajaja. Por cierto es el tono que est\u00e1 a caballo entre el rosa y el malva ). Y del rosa&#8230;al rojo, que llega pisando fuerte. Eso s\u00ed, nada de rojo Valentino. Este est\u00edo triunfar\u00e1 un tono que suena a &#8216;tipical spanish&#8217;: <strong>el rojo sangr\u00eda<\/strong>. Ojo con \u00e9l porque ser\u00e1 uno de los reyes del oto\u00f1o (fue utilizado por el 15,82 % de los dise\u00f1adores de la Semana de la Moda de Nueva York entronado por firmas como Chanel, Elie Saab, Nina Ricci o Phillip Lim). Muy de cerca le seguir\u00e1 el bautizado como<strong> Aurora Red<\/strong> (un rojo m\u00e1s apagado) que tambi\u00e9n promete. Dolce &#038; Gabbana, Victoria Beckham, Carolina Herrera o Vivienne Westwood son algunas de las marcas que han apostado fuerte por \u00e9l en pasarela.<!--more--><\/p>\n<p style=\"text-align: center;\">Junto a ellos, una delicada paleta de tonalidades malvas, grises, azules y verdes que reivindican <strong>un oto\u00f1o rom\u00e1ntico y femenino<\/strong> lejos de temporadas pasadas en las que burdeos, negros, cremas o marrones llevaban una aburrida batuta. Inspirada en campos tan variados como son la literatura, la artesan\u00eda, la fotograf\u00eda, la arquitectura retro, los paisajes ex\u00f3ticos o las leyendas del rock ,la nueva carta carta de 10 colores imprescindibles de Pantone nos acerca a una aventura que abarca 100 a\u00f1os. <strong>\u00abEsta es una temporada de colores at\u00edpicos\u00bb<\/strong>, explic\u00f3 Leatrice Eiseman, directora ejecutiva de Pantone Color Institute. &#8220;Es una colecci\u00f3n art\u00edstica con combinaciones poco habituales a lo que estamos acostumbrados dentro del oto\u00f1o\u00bb, subray\u00f3.<\/p>\n<p style=\"text-align: center;\">As\u00ed, en la familia p\u00farpura destacan colores que inspiran la imaginaci\u00f3n y despiertan intriga como el<strong> Mauve Mis<\/strong>t, un tono rom\u00e1ntico y elegante que recuerda a la era del d\u00e9co. En la gama de verdes encontramos el <strong>Cypress,<\/strong> un verde suave pero que a su vez \u2013como su nombre indica\u2013 tiene una sombra majestuosa y poderosa que le da una presencia imponente. Con su tono ligeramente verde, el denominado <strong>Bright Cobalt<\/strong> ofrece un toque sutil sobre el azul cobalto tradicional, que unifica los azules de esta temporada. Otro color clave: el\u00a0<strong> Royal Blue,<\/strong> sugerente y m\u00e1s brillante que el azul marino medio sin dejar de ser vers\u00e1til. Triunfar\u00e1 igualmente el <strong>Aluminum<\/strong>, un tono acero inoxidable futuristaque reivindica su sitio en el fondo de armario junto al color <strong>Cognac<\/strong>, que salta los c\u00e1nones cl\u00e1sicos del marr\u00f3n t\u00edpico de oto\u00f1o para ofrecer\u00a0 estilo y clase a los colores de la noche.<\/p>\n<p style=\"text-align: center;\">\u00a1Ojo con todos ellos!<\/p>\n","protected":false},"excerpt":{"rendered":"<p>Llega el oto\u00f1o. Y con \u00e9l nuevos colores con los que te\u00f1ir nuestros armarios (toca ir pensando en hacer el cambio, por muy tedioso que sea). La paleta se renueva bajo el dictamen de las tendencias, que imponen sus favoritos. \u00bfLos elegidos? Pues como manda cada temporada, el Instituto Pantone ya ha dado su veredicto. [&hellip;]<\/p>\n","protected":false},"author":54,"featured_media":0,"comment_status":"open","ping_status":"open","sticky":false,"template":"","format":"standard","meta":[],"categories":[2],"tags":[],"_links":{"self":[{"href":"https:\/\/blogs.diariosur.es\/pasarelaurbana\/wp-json\/wp\/v2\/posts\/7576"}],"collection":[{"href":"https:\/\/blogs.diariosur.es\/pasarelaurbana\/wp-json\/wp\/v2\/posts"}],"about":[{"href":"https:\/\/blogs.diariosur.es\/pasarelaurbana\/wp-json\/wp\/v2\/types\/post"}],"author":[{"embeddable":true,"href":"https:\/\/blogs.diariosur.es\/pasarelaurbana\/wp-json\/wp\/v2\/users\/54"}],"replies":[{"embeddable":true,"href":"https:\/\/blogs.diariosur.es\/pasarelaurbana\/wp-json\/wp\/v2\/comments?post=7576"}],"version-history":[{"count":0,"href":"https:\/\/blogs.diariosur.es\/pasarelaurbana\/wp-json\/wp\/v2\/posts\/7576\/revisions"}],"wp:attachment":[{"href":"https:\/\/blogs.diariosur.es\/pasarelaurbana\/wp-json\/wp\/v2\/media?parent=7576"}],"wp:term":[{"taxonomy":"category","embeddable":true,"href":"https:\/\/blogs.diariosur.es\/pasarelaurbana\/wp-json\/wp\/v2\/categories?post=7576"},{"taxonomy":"post_tag","embeddable":true,"href":"https:\/\/blogs.diariosur.es\/pasarelaurbana\/wp-json\/wp\/v2\/tags?post=7576"}],"curies":[{"name":"wp","href":"https:\/\/api.w.org\/{rel}","templated":true}]}}