{"id":7587,"date":"2014-10-04T05:07:06","date_gmt":"2014-10-04T03:07:06","guid":{"rendered":"http:\/\/blogs.diariosur.es\/pasarelaurbana\/?p=7587"},"modified":"2014-10-04T05:07:06","modified_gmt":"2014-10-04T03:07:06","slug":"el-armario-de-rocio-lopez","status":"publish","type":"post","link":"https:\/\/blogs.diariosur.es\/pasarelaurbana\/2014\/10\/04\/el-armario-de-rocio-lopez\/","title":{"rendered":"El armario de Roc\u00edo L\u00f3pez"},"content":{"rendered":"<p style=\"text-align: center;\"><a href=\"\/pasarelaurbana\/wp-content\/uploads\/sites\/49\/2014\/10\/19.jpg\"><img loading=\"lazy\" class=\"aligncenter size-full wp-image-7606\" title=\"1\" src=\"\/pasarelaurbana\/wp-content\/uploads\/sites\/49\/2014\/10\/19.jpg\" alt=\"\" width=\"600\" height=\"397\" srcset=\"https:\/\/static-blogs.diariosur.es\/wp-content\/uploads\/sites\/49\/2014\/10\/19.jpg 600w, https:\/\/static-blogs.diariosur.es\/wp-content\/uploads\/sites\/49\/2014\/10\/19-300x199.jpg 300w\" sizes=\"(max-width: 600px) 100vw, 600px\" \/><\/a><\/p>\n<p style=\"text-align: center;\">\u00abYa ha llegado el glamour al centro de salud\u00bb. Roc\u00edo L\u00f3pez cuenta entre risas la bienvenida que le dan ciertos compa\u00f1eros a la llegada a su centro de trabajo. Y  es que los modelitos diarios de esta m\u00e9dico de familia malague\u00f1a no pasan desapercibidos. Presumida de nacimiento -\u00abya de peque\u00f1a me colgaba mis bolsos y mis pulseras\u00bb, bromea- para Roc\u00edo la moda es una medicina contra la rutina diaria. Una forma de divertirse y de expresarse que comparte con el mundo desde su ventana en Instagram (<a href=\"http:\/\/instagram.com\/rolito81\" rel=\"external nofollow\">@rolito81<\/a>), a la que se asoman m\u00e1s de 18.000 seguidores. Una cifra que le ha valido para convertirse en una de las malague\u00f1as con mayor repercusi\u00f3n en esta red social en la que la imagen manda.<br \/>\n\u00abComo no tengo tiempo de tener un blog al d\u00eda -porque para mi esto es una mera afici\u00f3n- empec\u00e9 a subir fotos para saciar ese gusanillo de la moda que siempre me ha picado, pero sin ninguna pretensi\u00f3n. No esperaba esta repercusi\u00f3n la verdad, me ha sorprendido. Lo mejor es el cari\u00f1o de la gente tan estupenda que he conocido\u00bb, sostiene.<br \/>\nDe gustos minimalista -apenas usa estampados estridentes ni recarga sus \u2018outfits\u2019- en los estilismos de L\u00f3pez -que tras su paso por las Urgencias del Hospital de la Axarqu\u00eda se est\u00e1 preparando el MIR de nuevo- no faltan las camisas blancas (\u00abuna obsesi\u00f3n\u00bb, confiesa), los jerseys \u2018oversize\u2019 de aires masculinos o las botas moteras, siempre con la funcionalidad y la comodidad por bandera. \u00bfRiesgos? Los m\u00ednimos. \u00abNo soy de forzar mezclas atrevidas para parecer s\u00faper moderna o llamar la atenci\u00f3n, ante todo busco looks con los que me identifiquen, sin extravagancias\u00bb, nos explic\u00f3 entre foto y foto en la tienda \u2018Opalo 55\u2019, en Sancha de Lara. \u00abSoy m\u00e1s de tonos neutros y de prendas b\u00e1sicas aderezadas con algunos complementos especiales que aporten un toque de tendencia, pero sin seguir la moda a ciegas, solo incorporo lo que se adapta a mi estilo\u00bb.<br \/>\nLos vaqueros pitillo o desgastados tipo \u2018boyfriend\u2019, las camisetas de algod\u00f3n con mensaje y las deportivas son otras de las se\u00f1as de identidad de esta m\u00e9dico, en cuyo armario priman las prendas vers\u00e1tiles y camale\u00f3nicas sin fecha de caducidad. \u00abMe gusta la ropa atemporal que se que me voy a poder poner dentro de cinco a\u00f1os sin sentirme desfasada\u00bb, nos cont\u00f3.<br \/>\nEn materia de accesorios, los sombreros son su debilidad &#8211; \u00abaunque por desgracia aqu\u00ed en M\u00e1laga te siguen mirando de reojo cuando te ven con uno\u00bb. \u00bfSu mejor inversi\u00f3n? Un buen bolso de firma. \u00abPrefiero uno que dure a diez malos\u00bb.<\/p>\n<p style=\"text-align: center;\">Os dejo con sus estilismos al detalle con fotos de Mari Carmen S\u00e1nchez. \u00a1Feliz fin de semana!<\/p>\n<p style=\"text-align: center;\"><!--more--><\/p>\n<p style=\"text-align: center;\"><strong>LOOK DE D\u00cdA<\/strong>: <span style=\"text-decoration: underline;\">Camiseta con mensaje, blazer masculina, vaqueros y deportivas<\/span><\/p>\n<p style=\"text-align: center;\"><a href=\"\/pasarelaurbana\/wp-content\/uploads\/sites\/49\"><img loading=\"lazy\" class=\"aligncenter size-full wp-image-7589\" title=\"2\" src=\"\/pasarelaurbana\/wp-content\/uploads\/sites\/49\" alt=\"\" width=\"600\" height=\"906\" \/><\/a><\/p>\n<p style=\"text-align: center;\"><a href=\"\/pasarelaurbana\/wp-content\/uploads\/sites\/49\"><img loading=\"lazy\" class=\"aligncenter size-full wp-image-7591\" title=\"3\" src=\"\/pasarelaurbana\/wp-content\/uploads\/sites\/49\" alt=\"\" width=\"600\" height=\"398\" \/><\/a><\/p>\n<p style=\"text-align: center;\"><a href=\"\/pasarelaurbana\/wp-content\/uploads\/sites\/49\"><img loading=\"lazy\" class=\"aligncenter size-full wp-image-7592\" title=\"4\" src=\"\/pasarelaurbana\/wp-content\/uploads\/sites\/49\" alt=\"\" width=\"600\" height=\"397\" \/><\/a><\/p>\n<p style=\"text-align: center;\"><a href=\"\/pasarelaurbana\/wp-content\/uploads\/sites\/49\"><img loading=\"lazy\" class=\"aligncenter size-full wp-image-7593\" title=\"5\" src=\"\/pasarelaurbana\/wp-content\/uploads\/sites\/49\" alt=\"\" width=\"600\" height=\"397\" \/><\/a><\/p>\n<p style=\"text-align: center;\">\u00bfSu apuesta para diario? Camiseta con mensaje de <strong>Slim<\/strong>, vaqueros y blazer de<strong> Zara<\/strong> y deportivas de \u2018print\u2019 animal de <strong>H&#038;M<\/strong>.El shopping bag es de<strong> Louis Vuitton<\/strong>.<\/p>\n<p style=\"text-align: center;\"><strong>PARA SALIR A CENAR<\/strong>: <span style=\"text-decoration: underline;\">Vestido camisero, chaqueta de cuero, bandolera negra y sandalias de print animal<\/span><\/p>\n<p style=\"text-align: center;\"><a href=\"\/pasarelaurbana\/wp-content\/uploads\/sites\/49\"><img loading=\"lazy\" class=\"aligncenter size-full wp-image-7594\" title=\"6\" src=\"\/pasarelaurbana\/wp-content\/uploads\/sites\/49\" alt=\"\" width=\"600\" height=\"906\" \/><\/a><\/p>\n<p style=\"text-align: center;\"><a href=\"\/pasarelaurbana\/wp-content\/uploads\/sites\/49\"><img loading=\"lazy\" class=\"aligncenter size-full wp-image-7595\" title=\"7\" src=\"\/pasarelaurbana\/wp-content\/uploads\/sites\/49\" alt=\"\" width=\"600\" height=\"906\" \/><\/a><\/p>\n<p style=\"text-align: center;\"><a href=\"\/pasarelaurbana\/wp-content\/uploads\/sites\/49\/2014\/10\/11.jpg\"><img loading=\"lazy\" class=\"aligncenter size-full wp-image-7599\" title=\"11\" src=\"\/pasarelaurbana\/wp-content\/uploads\/sites\/49\/2014\/10\/11.jpg\" alt=\"\" width=\"600\" height=\"397\" srcset=\"https:\/\/static-blogs.diariosur.es\/wp-content\/uploads\/sites\/49\/2014\/10\/11.jpg 600w, https:\/\/static-blogs.diariosur.es\/wp-content\/uploads\/sites\/49\/2014\/10\/11-300x199.jpg 300w\" sizes=\"(max-width: 600px) 100vw, 600px\" \/><\/a><\/p>\n<p style=\"text-align: center;\"><a href=\"\/pasarelaurbana\/wp-content\/uploads\/sites\/49\/2014\/10\/17.jpg\"><img loading=\"lazy\" class=\"aligncenter size-full wp-image-7605\" title=\"17\" src=\"\/pasarelaurbana\/wp-content\/uploads\/sites\/49\/2014\/10\/17.jpg\" alt=\"\" width=\"600\" height=\"450\" srcset=\"https:\/\/static-blogs.diariosur.es\/wp-content\/uploads\/sites\/49\/2014\/10\/17.jpg 600w, https:\/\/static-blogs.diariosur.es\/wp-content\/uploads\/sites\/49\/2014\/10\/17-300x225.jpg 300w\" sizes=\"(max-width: 600px) 100vw, 600px\" \/><\/a><\/p>\n<p style=\"text-align: center;\">Un vestido camisero blanco con chaqueta de cuero con cuello joya (ambos de <strong>Zara<\/strong>) es su propuesta para salir a cenar. Remata el \u2018outfit\u2019 con sandalias de leopardo de<strong> Zara<\/strong> y bolso <strong>Gucci.<\/strong><\/p>\n<p style=\"text-align: center;\"><strong>PARA UN EVENTO<\/strong>:<span style=\"text-decoration: underline;\"> Camisa con falda de tul y collar joya<\/span><\/p>\n<p style=\"text-align: center;\"><a href=\"\/pasarelaurbana\/wp-content\/uploads\/sites\/49\/2014\/10\/16.jpg\"><img loading=\"lazy\" class=\"aligncenter size-full wp-image-7604\" title=\"16\" src=\"\/pasarelaurbana\/wp-content\/uploads\/sites\/49\/2014\/10\/16.jpg\" alt=\"\" width=\"600\" height=\"800\" srcset=\"https:\/\/static-blogs.diariosur.es\/wp-content\/uploads\/sites\/49\/2014\/10\/16.jpg 600w, https:\/\/static-blogs.diariosur.es\/wp-content\/uploads\/sites\/49\/2014\/10\/16-225x300.jpg 225w\" sizes=\"(max-width: 600px) 100vw, 600px\" \/><\/a><\/p>\n<p style=\"text-align: center;\"><a href=\"\/pasarelaurbana\/wp-content\/uploads\/sites\/49\/2014\/10\/14.jpg\"><img loading=\"lazy\" class=\"aligncenter size-full wp-image-7602\" title=\"14\" src=\"\/pasarelaurbana\/wp-content\/uploads\/sites\/49\/2014\/10\/14.jpg\" alt=\"\" width=\"600\" height=\"800\" srcset=\"https:\/\/static-blogs.diariosur.es\/wp-content\/uploads\/sites\/49\/2014\/10\/14.jpg 600w, https:\/\/static-blogs.diariosur.es\/wp-content\/uploads\/sites\/49\/2014\/10\/14-225x300.jpg 225w\" sizes=\"(max-width: 600px) 100vw, 600px\" \/><\/a><\/p>\n<p style=\"text-align: center;\"><a href=\"\/pasarelaurbana\/wp-content\/uploads\/sites\/49\/2014\/10\/151.jpg\"><img loading=\"lazy\" class=\"aligncenter size-full wp-image-7607\" title=\"15\" src=\"\/pasarelaurbana\/wp-content\/uploads\/sites\/49\/2014\/10\/151.jpg\" alt=\"\" width=\"600\" height=\"800\" srcset=\"https:\/\/static-blogs.diariosur.es\/wp-content\/uploads\/sites\/49\/2014\/10\/151.jpg 600w, https:\/\/static-blogs.diariosur.es\/wp-content\/uploads\/sites\/49\/2014\/10\/151-225x300.jpg 225w\" sizes=\"(max-width: 600px) 100vw, 600px\" \/><\/a><\/p>\n<p style=\"text-align: center;\"><a href=\"\/pasarelaurbana\/wp-content\/uploads\/sites\/49\/2014\/10\/10.jpg\"><img loading=\"lazy\" class=\"aligncenter size-full wp-image-7598\" title=\"10\" src=\"\/pasarelaurbana\/wp-content\/uploads\/sites\/49\/2014\/10\/10.jpg\" alt=\"\" width=\"600\" height=\"397\" srcset=\"https:\/\/static-blogs.diariosur.es\/wp-content\/uploads\/sites\/49\/2014\/10\/10.jpg 600w, https:\/\/static-blogs.diariosur.es\/wp-content\/uploads\/sites\/49\/2014\/10\/10-300x199.jpg 300w\" sizes=\"(max-width: 600px) 100vw, 600px\" \/><\/a><\/p>\n<p style=\"text-align: center;\"><a href=\"\/pasarelaurbana\/wp-content\/uploads\/sites\/49\"><img loading=\"lazy\" class=\"aligncenter size-full wp-image-7596\" title=\"8\" src=\"\/pasarelaurbana\/wp-content\/uploads\/sites\/49\" alt=\"\" width=\"600\" height=\"397\" \/><\/a><\/p>\n<p style=\"text-align: center;\"><a href=\"\/pasarelaurbana\/wp-content\/uploads\/sites\/49\"><img loading=\"lazy\" class=\"aligncenter size-full wp-image-7597\" title=\"9\" src=\"\/pasarelaurbana\/wp-content\/uploads\/sites\/49\" alt=\"\" width=\"600\" height=\"906\" \/><\/a><\/p>\n<p style=\"text-align: center;\">Para acudir a un evento, Roc\u00edo elige un look rom\u00e1ntico compuesto por camisa celeste de <strong>Zara<\/strong> y falta de tul crema de <strong>Momo Shop<\/strong>. Completa el estilismo con bolso de est\u00e9tica retro de <strong>Zara<\/strong>, collar joya de <strong>Mango<\/strong> y salones de <strong>Uterq\u00fce<\/strong>.<\/p>\n<p style=\"text-align: center;\"><a href=\"\/pasarelaurbana\/wp-content\/uploads\/sites\/49\/2014\/10\/vestido.jpg\"><img loading=\"lazy\" class=\"aligncenter size-full wp-image-7608\" title=\"vestido\" src=\"\/pasarelaurbana\/wp-content\/uploads\/sites\/49\/2014\/10\/vestido.jpg\" alt=\"\" width=\"600\" height=\"800\" srcset=\"https:\/\/static-blogs.diariosur.es\/wp-content\/uploads\/sites\/49\/2014\/10\/vestido.jpg 600w, https:\/\/static-blogs.diariosur.es\/wp-content\/uploads\/sites\/49\/2014\/10\/vestido-225x300.jpg 225w\" sizes=\"(max-width: 600px) 100vw, 600px\" \/><\/a><\/p>\n<p style=\"text-align: center;\">Este vestido color vainilla con mangas globo es una de las estrellas de su fondo de armario. Lo adquiri\u00f3 en el <strong>mercadillo de Portobello<\/strong>, en Londres.<\/p>\n<p style=\"text-align: center;\"><span style=\"text-decoration: underline;\">SUS COMPLEMENTOS<\/span><\/p>\n<p style=\"text-align: center;\"><a href=\"\/pasarelaurbana\/wp-content\/uploads\/sites\/49\/2014\/10\/12.jpg\"><img loading=\"lazy\" class=\"aligncenter size-full wp-image-7600\" title=\"12\" src=\"\/pasarelaurbana\/wp-content\/uploads\/sites\/49\/2014\/10\/12.jpg\" alt=\"\" width=\"600\" height=\"397\" srcset=\"https:\/\/static-blogs.diariosur.es\/wp-content\/uploads\/sites\/49\/2014\/10\/12.jpg 600w, https:\/\/static-blogs.diariosur.es\/wp-content\/uploads\/sites\/49\/2014\/10\/12-300x199.jpg 300w\" sizes=\"(max-width: 600px) 100vw, 600px\" \/><\/a><\/p>\n<p style=\"text-align: center;\">Algunos de sus bolsos favoritos: de <strong>Purificaci\u00f3n Garc\u00eda, Carolina Herrera, Eme Ele, Stella Rittwagen, Blanco y Uterq\u00fce<\/strong>.<\/p>\n<p style=\"text-align: center;\"><a href=\"\/pasarelaurbana\/wp-content\/uploads\/sites\/49\/2014\/10\/13.jpg\"><img loading=\"lazy\" class=\"aligncenter size-full wp-image-7601\" title=\"13\" src=\"\/pasarelaurbana\/wp-content\/uploads\/sites\/49\/2014\/10\/13.jpg\" alt=\"\" width=\"600\" height=\"397\" srcset=\"https:\/\/static-blogs.diariosur.es\/wp-content\/uploads\/sites\/49\/2014\/10\/13.jpg 600w, https:\/\/static-blogs.diariosur.es\/wp-content\/uploads\/sites\/49\/2014\/10\/13-300x199.jpg 300w\" sizes=\"(max-width: 600px) 100vw, 600px\" \/><\/a><\/p>\n<p style=\"text-align: center;\">Los sombreros son su debilidad. Los de la foto, de su colecci\u00f3n, son (de izda a drcha) de <strong>Zara, Stradivarius, A\u00efta y H&#038;M<\/strong>.<\/p>\n<p style=\"text-align: center;\"><a href=\"\/pasarelaurbana\/wp-content\/uploads\/sites\/49\/2014\/10\/18.jpg\"><img loading=\"lazy\" class=\"aligncenter size-full wp-image-7603\" title=\"18\" src=\"\/pasarelaurbana\/wp-content\/uploads\/sites\/49\/2014\/10\/18.jpg\" alt=\"\" width=\"600\" height=\"398\" srcset=\"https:\/\/static-blogs.diariosur.es\/wp-content\/uploads\/sites\/49\/2014\/10\/18.jpg 600w, https:\/\/static-blogs.diariosur.es\/wp-content\/uploads\/sites\/49\/2014\/10\/18-300x199.jpg 300w\" sizes=\"(max-width: 600px) 100vw, 600px\" \/><\/a><\/p>\n<p style=\"text-align: center;\">Y terminamos como siempre con una foto del shooting. Para la ocasi\u00f3n, Roc\u00edo llev\u00f3 vestido camisero dePull&#038;Bear y botas moteras de Zara. En mi caso, opt\u00e9 por una camisa de la nueva colecci\u00f3n de Zara Trafaluc y falda tambi\u00e9n de Zara del pasado oto\u00f1o. Desde aqu\u00ed mil gracias a \u00d3palo 55 por prestarnos su preciosa tienda para hacer el reportaje.<\/p>\n<p style=\"text-align: center;\"><span style=\"text-decoration: underline;\">SU RUTA DE TIENDAS<\/span><\/p>\n<p style=\"text-align: center;\">1. <strong>Zara<\/strong>. Es su principal parada. All\u00ed busca b\u00e1sicos y prendas de tendencia.<br \/>\n2. <strong>Stradivarius<\/strong>. Esta franquicia es otra de sus imprescindibles.<br \/>\n3. <strong>Uterq\u00fce<\/strong>. Le encantan sus abrigos y chaquetas y sus complementos.<br \/>\n4. <strong>Asos<\/strong>. Las tiendas on line cada vez tienen m\u00e1s peso en su armario.<br \/>\n5. <strong>H&#038;M<\/strong>. Otro de sus templos \u2018low cost\u2019 favoritos para ropa de diario.<\/p>\n<p style=\"text-align: center;\">\u00a1Espero que os haya gustado!<\/p>\n<p>&nbsp;<\/p>\n","protected":false},"excerpt":{"rendered":"<p>\u00abYa ha llegado el glamour al centro de salud\u00bb. Roc\u00edo L\u00f3pez cuenta entre risas la bienvenida que le dan ciertos compa\u00f1eros a la llegada a su centro de trabajo. Y es que los modelitos diarios de esta m\u00e9dico de familia malague\u00f1a no pasan desapercibidos. Presumida de nacimiento -\u00abya de peque\u00f1a me colgaba mis bolsos y [&hellip;]<\/p>\n","protected":false},"author":54,"featured_media":0,"comment_status":"open","ping_status":"open","sticky":false,"template":"","format":"standard","meta":[],"categories":[2],"tags":[],"_links":{"self":[{"href":"https:\/\/blogs.diariosur.es\/pasarelaurbana\/wp-json\/wp\/v2\/posts\/7587"}],"collection":[{"href":"https:\/\/blogs.diariosur.es\/pasarelaurbana\/wp-json\/wp\/v2\/posts"}],"about":[{"href":"https:\/\/blogs.diariosur.es\/pasarelaurbana\/wp-json\/wp\/v2\/types\/post"}],"author":[{"embeddable":true,"href":"https:\/\/blogs.diariosur.es\/pasarelaurbana\/wp-json\/wp\/v2\/users\/54"}],"replies":[{"embeddable":true,"href":"https:\/\/blogs.diariosur.es\/pasarelaurbana\/wp-json\/wp\/v2\/comments?post=7587"}],"version-history":[{"count":0,"href":"https:\/\/blogs.diariosur.es\/pasarelaurbana\/wp-json\/wp\/v2\/posts\/7587\/revisions"}],"wp:attachment":[{"href":"https:\/\/blogs.diariosur.es\/pasarelaurbana\/wp-json\/wp\/v2\/media?parent=7587"}],"wp:term":[{"taxonomy":"category","embeddable":true,"href":"https:\/\/blogs.diariosur.es\/pasarelaurbana\/wp-json\/wp\/v2\/categories?post=7587"},{"taxonomy":"post_tag","embeddable":true,"href":"https:\/\/blogs.diariosur.es\/pasarelaurbana\/wp-json\/wp\/v2\/tags?post=7587"}],"curies":[{"name":"wp","href":"https:\/\/api.w.org\/{rel}","templated":true}]}}