{"id":7610,"date":"2014-10-06T14:09:06","date_gmt":"2014-10-06T12:09:06","guid":{"rendered":"http:\/\/blogs.diariosur.es\/pasarelaurbana\/?p=7610"},"modified":"2014-10-06T14:09:06","modified_gmt":"2014-10-06T12:09:06","slug":"cats-vintage-estrena-web-y-coleccion-el-jueves-desfile","status":"publish","type":"post","link":"https:\/\/blogs.diariosur.es\/pasarelaurbana\/2014\/10\/06\/cats-vintage-estrena-web-y-coleccion-el-jueves-desfile\/","title":{"rendered":"CATs Vintage estrena web y colecci\u00f3n, \u00a1el jueves, desfile!"},"content":{"rendered":"<p style=\"text-align: center;\"><a href=\"\/pasarelaurbana\/wp-content\/uploads\/sites\/49\/2014\/10\/catsdos.jpg\"><img loading=\"lazy\" class=\"aligncenter  wp-image-7613\" title=\"catsdos\" src=\"\/pasarelaurbana\/wp-content\/uploads\/sites\/49\/2014\/10\/catsdos.jpg\" alt=\"\" width=\"600\" height=\"399\" srcset=\"https:\/\/static-blogs.diariosur.es\/wp-content\/uploads\/sites\/49\/2014\/10\/catsdos.jpg 600w, https:\/\/static-blogs.diariosur.es\/wp-content\/uploads\/sites\/49\/2014\/10\/catsdos-300x200.jpg 300w\" sizes=\"(max-width: 600px) 100vw, 600px\" \/><\/a><\/p>\n<p style=\"text-align: center;\">\u00a1Feliz lunes! Hoy os traigo una de esas noticias que obligan a retirarse de la pantalla del ordenador y coger un rotulador rojo para apuntar en la agenda. La cita es el <strong>pr\u00f3ximo jueves 9 de octubre a las 19.00 horas en Il Laboratorio<\/strong> (calle Carreter\u00eda, 92). Una vez m\u00e1s, la firma malague\u00f1a <strong>CATs Vintage<\/strong> elige este escenario para presentar su nueva colecci\u00f3n de oto\u00f1o, cargada de cosas bonitas. Pero no ser\u00e1 el \u00fanico estreno. <strong>Mayi Montes<\/strong>, responsable de la firma y cuyo armario pod\u00e9is ver <a href=\"http:\/\/www.diariosur.es\/malagatrend\/noticias\/armario-mayi-montes-201311272147.html\" rel=\"external nofollow\">AQUI)<\/a>, aprovechar\u00e1 la ocasi\u00f3n para hacer la puesta de largo de su reci\u00e9n estrenada<a href=\"http:\/\/catsvintage.es\/\" rel=\"external nofollow\"><strong> tienda on line<\/strong><\/a>, donde pod\u00e9is encontrar tesoros de otras d\u00e9cadas a buen\u00edsimos precios. Tras el desfile, habr\u00e1 una fiesta con c\u00f3cteles y picoteo gratis amenizada con la m\u00fasica en directo del Dj <strong>Paco Casa\u00f1o,<\/strong> que\u00a0 transportar\u00e1 a los asistentes a otras \u00e9pocas con sus sonidos de los 60, 70 y 80, y la actuaci\u00f3n de la bailaora<strong> Ximena Carnevale<\/strong> \u00a1Un plan genial para final de semana con buen ambiente asegurado!<\/p>\n<p style=\"text-align: center;\">\u00a0Durante el desfile -tras el que habr\u00e1 sorteos- se podr\u00e1n ver todas las<strong> tendencias vintage para este oto\u00f1o 2014<\/strong> (en los que este tipo de ropa vuelve a ser un &#8216;must&#8217;) , as\u00ed como adquirir cualquiera de las prendas de la colecci\u00f3n de CATs Vintage con descuentos especiales. Adem\u00e1s, la firma malague\u00f1a de<strong> complementos Adaluc<\/strong>, especializada en bolsos de piel y tocados hechos a mano, pondr\u00e1 la guinda a los estiismos subiendo a pasarela sus \u00faltimas propuestas.<\/p>\n<p style=\"text-align: center;\">La filosof\u00eda de CATs Vintage pasa por ofrecer ropa vintage de calidad de las d\u00e9cadas de los 60, 70, 80 y 90 procedente de Europa, principalmente <strong>de Londres y Amsterdam y de Jap\u00f3n<\/strong>. &#8220;Cada prenda est\u00e1 cuidadosamente seleccionada y revisada ofreciendo al p\u00fablico s\u00f3lo las piezas que pasan nuestros controles de calidad&#8221; destaca Montes. Entre sus productos m\u00e1s demandados se encuentran los <strong>vestidos a\u00f1os 70 y 80, los kimonos japoneses de seda<\/strong> (estrellas de la casa) <strong>y las faldas midi<\/strong>, imprescindibles esta temporada.<\/p>\n<p style=\"text-align: center;\">Os dejo con algunas fotos de su \u00faltimo desfile (<span style=\"font-family: Courier New;\"><a href=\"http:\/\/caffotografia.com\" target=\"_blank\" rel=\"external nofollow\">de caffotografia.com<\/a>)<\/span>, con el cartel del evento y con <strong>una selecci\u00f3n personal de cinco tesoros fichados en su nueva web<\/strong> que os enamorar\u00e1n. \u00a1Espero que os guste!<\/p>\n<p style=\"text-align: center;\"><!--more--><\/p>\n<p style=\"text-align: center;\"><a href=\"\/pasarelaurbana\/wp-content\/uploads\/sites\/49\/2014\/10\/catsuno.jpg\"><img loading=\"lazy\" title=\"catsuno\" src=\"\/pasarelaurbana\/wp-content\/uploads\/sites\/49\/2014\/10\/catsuno.jpg\" alt=\"\" width=\"600\" height=\"852\" \/><\/a><\/p>\n<p style=\"text-align: center;\"><a href=\"\/pasarelaurbana\/wp-content\/uploads\/sites\/49\/2014\/10\/catstres.jpg\"><img loading=\"lazy\" class=\"aligncenter size-full wp-image-7614\" title=\"catstres\" src=\"\/pasarelaurbana\/wp-content\/uploads\/sites\/49\/2014\/10\/catstres.jpg\" alt=\"\" width=\"600\" height=\"901\" srcset=\"https:\/\/static-blogs.diariosur.es\/wp-content\/uploads\/sites\/49\/2014\/10\/catstres.jpg 600w, https:\/\/static-blogs.diariosur.es\/wp-content\/uploads\/sites\/49\/2014\/10\/catstres-200x300.jpg 200w\" sizes=\"(max-width: 600px) 100vw, 600px\" \/><\/a><\/p>\n<p style=\"text-align: center;\"><a href=\"\/pasarelaurbana\/wp-content\/uploads\/sites\/49\/2014\/10\/catscinco.jpg\"><img loading=\"lazy\" class=\"aligncenter size-full wp-image-7611\" title=\"catscinco\" src=\"\/pasarelaurbana\/wp-content\/uploads\/sites\/49\/2014\/10\/catscinco.jpg\" alt=\"\" width=\"600\" height=\"399\" srcset=\"https:\/\/static-blogs.diariosur.es\/wp-content\/uploads\/sites\/49\/2014\/10\/catscinco.jpg 600w, https:\/\/static-blogs.diariosur.es\/wp-content\/uploads\/sites\/49\/2014\/10\/catscinco-300x200.jpg 300w\" sizes=\"(max-width: 600px) 100vw, 600px\" \/><\/a><\/p>\n<p style=\"text-align: center;\"><a href=\"\/pasarelaurbana\/wp-content\/uploads\/sites\/49\/2014\/10\/catscuatro.jpg\"><img loading=\"lazy\" class=\"aligncenter size-full wp-image-7612\" title=\"catscuatro\" src=\"\/pasarelaurbana\/wp-content\/uploads\/sites\/49\/2014\/10\/catscuatro.jpg\" alt=\"\" width=\"600\" height=\"901\" srcset=\"https:\/\/static-blogs.diariosur.es\/wp-content\/uploads\/sites\/49\/2014\/10\/catscuatro.jpg 600w, https:\/\/static-blogs.diariosur.es\/wp-content\/uploads\/sites\/49\/2014\/10\/catscuatro-200x300.jpg 200w\" sizes=\"(max-width: 600px) 100vw, 600px\" \/><\/a><\/p>\n<p style=\"text-align: center;\">Sobre estas l\u00edneas, algunos de los momentos de su <strong>\u00faltimo desfile.<\/strong><\/p>\n<p style=\"text-align: center;\"><a href=\"\/pasarelaurbana\/wp-content\/uploads\/sites\/49\/2014\/10\/cats-tienda.jpg\"><img loading=\"lazy\" class=\"aligncenter size-full wp-image-7616\" title=\"cats-tienda\" src=\"\/pasarelaurbana\/wp-content\/uploads\/sites\/49\/2014\/10\/cats-tienda.jpg\" alt=\"\" width=\"600\" height=\"392\" srcset=\"https:\/\/static-blogs.diariosur.es\/wp-content\/uploads\/sites\/49\/2014\/10\/cats-tienda.jpg 600w, https:\/\/static-blogs.diariosur.es\/wp-content\/uploads\/sites\/49\/2014\/10\/cats-tienda-300x196.jpg 300w\" sizes=\"(max-width: 600px) 100vw, 600px\" \/><\/a><\/p>\n<p style=\"text-align: center;\">Detalle de <strong>su nueva web<\/strong>:<a href=\"http:\/\/catsvintage.es\/\" rel=\"external nofollow\"> http:\/\/catsvintage.es\/<\/a><\/p>\n<p style=\"text-align: center;\"><span style=\"text-decoration: underline;\">5 FLECHAZOS DE SU TIENDA ON LINE<\/span><\/p>\n<p style=\"text-align: center;\"><a href=\"\/pasarelaurbana\/wp-content\/uploads\/sites\/49\/2014\/10\/vestido-geometrico.jpg\"><img loading=\"lazy\" class=\"aligncenter size-full wp-image-7618\" title=\"vestido-geometrico\" src=\"\/pasarelaurbana\/wp-content\/uploads\/sites\/49\/2014\/10\/vestido-geometrico.jpg\" alt=\"\" width=\"600\" height=\"800\" srcset=\"https:\/\/static-blogs.diariosur.es\/wp-content\/uploads\/sites\/49\/2014\/10\/vestido-geometrico.jpg 600w, https:\/\/static-blogs.diariosur.es\/wp-content\/uploads\/sites\/49\/2014\/10\/vestido-geometrico-225x300.jpg 225w\" sizes=\"(max-width: 600px) 100vw, 600px\" \/><\/a><\/p>\n<p style=\"text-align: center;\">Este vestido de <strong>print geom\u00e9trico<\/strong> (tendencia clave este oto\u00f1o) me parece una maravilla. 100% favorecedor con su corte lady.<\/p>\n<p style=\"text-align: center;\"><a href=\"\/pasarelaurbana\/wp-content\/uploads\/sites\/49\/2014\/10\/vichy-rosa.jpg\"><img loading=\"lazy\" class=\"aligncenter size-full wp-image-7620\" title=\"vichy-rosa\" src=\"\/pasarelaurbana\/wp-content\/uploads\/sites\/49\/2014\/10\/vichy-rosa.jpg\" alt=\"\" width=\"600\" height=\"959\" srcset=\"https:\/\/static-blogs.diariosur.es\/wp-content\/uploads\/sites\/49\/2014\/10\/vichy-rosa.jpg 600w, https:\/\/static-blogs.diariosur.es\/wp-content\/uploads\/sites\/49\/2014\/10\/vichy-rosa-188x300.jpg 188w\" sizes=\"(max-width: 600px) 100vw, 600px\" \/><\/a><\/p>\n<p style=\"text-align: center;\">Los c<strong>uadros vichy<\/strong> son mi debilidad. Y este vestido en rosa, tan coqueto y rom\u00e1ntico, me ha cautivado.<\/p>\n<p style=\"text-align: center;\"><a href=\"\/pasarelaurbana\/wp-content\/uploads\/sites\/49\/2014\/10\/vestido-rosa.jpg\"><img loading=\"lazy\" class=\"aligncenter size-full wp-image-7619\" title=\"vestido-rosa\" src=\"\/pasarelaurbana\/wp-content\/uploads\/sites\/49\/2014\/10\/vestido-rosa.jpg\" alt=\"\" width=\"600\" height=\"959\" srcset=\"https:\/\/static-blogs.diariosur.es\/wp-content\/uploads\/sites\/49\/2014\/10\/vestido-rosa.jpg 600w, https:\/\/static-blogs.diariosur.es\/wp-content\/uploads\/sites\/49\/2014\/10\/vestido-rosa-188x300.jpg 188w\" sizes=\"(max-width: 600px) 100vw, 600px\" \/><\/a><\/p>\n<p style=\"text-align: center;\">Otro vestido precioso para tener de fondo de armario. Perfecto para lucir co complementos protagonistas.<\/p>\n<p style=\"text-align: center;\"><a href=\"\/pasarelaurbana\/wp-content\/uploads\/sites\/49\/2014\/10\/kimono.jpg\"><img loading=\"lazy\" class=\"aligncenter size-full wp-image-7621\" title=\"kimono\" src=\"\/pasarelaurbana\/wp-content\/uploads\/sites\/49\/2014\/10\/kimono.jpg\" alt=\"\" width=\"600\" height=\"800\" srcset=\"https:\/\/static-blogs.diariosur.es\/wp-content\/uploads\/sites\/49\/2014\/10\/kimono.jpg 600w, https:\/\/static-blogs.diariosur.es\/wp-content\/uploads\/sites\/49\/2014\/10\/kimono-225x300.jpg 225w\" sizes=\"(max-width: 600px) 100vw, 600px\" \/><\/a><\/p>\n<p style=\"text-align: center;\">Espectacular este<strong> kimono de flores<\/strong> en crema y negro. Vers\u00e1til y s\u00faper combinable.<\/p>\n<p style=\"text-align: center;\"><a href=\"\/pasarelaurbana\/wp-content\/uploads\/sites\/49\/2014\/10\/shortsrayas.jpg\"><img loading=\"lazy\" class=\"aligncenter size-full wp-image-7617\" title=\"shortsrayas\" src=\"\/pasarelaurbana\/wp-content\/uploads\/sites\/49\/2014\/10\/shortsrayas.jpg\" alt=\"\" width=\"600\" height=\"800\" srcset=\"https:\/\/static-blogs.diariosur.es\/wp-content\/uploads\/sites\/49\/2014\/10\/shortsrayas.jpg 600w, https:\/\/static-blogs.diariosur.es\/wp-content\/uploads\/sites\/49\/2014\/10\/shortsrayas-225x300.jpg 225w\" sizes=\"(max-width: 600px) 100vw, 600px\" \/><\/a><\/p>\n<p style=\"text-align: center;\">Y, por \u00faltimo, me quedo con estas<strong> bermudas de rayas bicolor de talle alto<\/strong>, ideales para llevar con camiseta con mensaje, deportivas o botas moteras. \u00a1Son ideales!<\/p>\n<p style=\"text-align: center;\">\u00a1Ya sab\u00e9is, nos vemos el jueves en Il Laboratorio!<\/p>\n","protected":false},"excerpt":{"rendered":"<p>\u00a1Feliz lunes! Hoy os traigo una de esas noticias que obligan a retirarse de la pantalla del ordenador y coger un rotulador rojo para apuntar en la agenda. La cita es el pr\u00f3ximo jueves 9 de octubre a las 19.00 horas en Il Laboratorio (calle Carreter\u00eda, 92). Una vez m\u00e1s, la firma malague\u00f1a CATs Vintage [&hellip;]<\/p>\n","protected":false},"author":54,"featured_media":0,"comment_status":"open","ping_status":"open","sticky":false,"template":"","format":"standard","meta":[],"categories":[2],"tags":[],"_links":{"self":[{"href":"https:\/\/blogs.diariosur.es\/pasarelaurbana\/wp-json\/wp\/v2\/posts\/7610"}],"collection":[{"href":"https:\/\/blogs.diariosur.es\/pasarelaurbana\/wp-json\/wp\/v2\/posts"}],"about":[{"href":"https:\/\/blogs.diariosur.es\/pasarelaurbana\/wp-json\/wp\/v2\/types\/post"}],"author":[{"embeddable":true,"href":"https:\/\/blogs.diariosur.es\/pasarelaurbana\/wp-json\/wp\/v2\/users\/54"}],"replies":[{"embeddable":true,"href":"https:\/\/blogs.diariosur.es\/pasarelaurbana\/wp-json\/wp\/v2\/comments?post=7610"}],"version-history":[{"count":0,"href":"https:\/\/blogs.diariosur.es\/pasarelaurbana\/wp-json\/wp\/v2\/posts\/7610\/revisions"}],"wp:attachment":[{"href":"https:\/\/blogs.diariosur.es\/pasarelaurbana\/wp-json\/wp\/v2\/media?parent=7610"}],"wp:term":[{"taxonomy":"category","embeddable":true,"href":"https:\/\/blogs.diariosur.es\/pasarelaurbana\/wp-json\/wp\/v2\/categories?post=7610"},{"taxonomy":"post_tag","embeddable":true,"href":"https:\/\/blogs.diariosur.es\/pasarelaurbana\/wp-json\/wp\/v2\/tags?post=7610"}],"curies":[{"name":"wp","href":"https:\/\/api.w.org\/{rel}","templated":true}]}}