{"id":7624,"date":"2014-10-11T00:55:51","date_gmt":"2014-10-10T22:55:51","guid":{"rendered":"http:\/\/blogs.diariosur.es\/pasarelaurbana\/?p=7624"},"modified":"2014-10-11T00:55:51","modified_gmt":"2014-10-10T22:55:51","slug":"a-la-oficina-con-estilo","status":"publish","type":"post","link":"https:\/\/blogs.diariosur.es\/pasarelaurbana\/2014\/10\/11\/a-la-oficina-con-estilo\/","title":{"rendered":"A la oficina, con estilo"},"content":{"rendered":"<p><a href=\"\/pasarelaurbana\/wp-content\/uploads\/sites\/49\/2014\/10\/montaje.jpg\"><img loading=\"lazy\" class=\"aligncenter size-full wp-image-7640\" title=\"montaje\" src=\"\/pasarelaurbana\/wp-content\/uploads\/sites\/49\/2014\/10\/montaje.jpg\" alt=\"\" width=\"600\" height=\"600\" srcset=\"https:\/\/static-blogs.diariosur.es\/wp-content\/uploads\/sites\/49\/2014\/10\/montaje.jpg 600w, https:\/\/static-blogs.diariosur.es\/wp-content\/uploads\/sites\/49\/2014\/10\/montaje-150x150.jpg 150w, https:\/\/static-blogs.diariosur.es\/wp-content\/uploads\/sites\/49\/2014\/10\/montaje-300x300.jpg 300w\" sizes=\"(max-width: 600px) 100vw, 600px\" \/><\/a><\/p>\n<p style=\"text-align: center;\">La pregunta surge a diario tras el molesto timbre del despertador. \u00bfQu\u00e9 ropa elegir para acudir a la oficina? La respuesta se complica si la salida de casa se hace demasiado temprano -los madrugones estimulan poco- si el tiempo no acompa\u00f1a o si la jornada se presenta maratoniana. Para acertar no hay reglas establecidas. Sin embargo, y pese a que cada trabajo impone su peculiar \u2018dress code\u2019, s\u00ed existen unas pautas que ayudan a conseguir el resultado perfecto, ese que nace del equilibrio entre naturalidad, sencillez y elegancia. \u00bfLos mejores aliados del \u00e9xito? Los estampados lisos (cuantas menos estridencias, mejor), las americanas, las camisas vaporosas (las blancas, celestes o a rayas son un b\u00e1sico) y los tacones medios.<br \/>\nEl pasado martes SUR despleg\u00f3 la pasarela urbana por el Centro para fichar las mejores propuestas de \u2018street style\u2019 vistas en las calles de M\u00e1laga. Unos estilismos en los que los vestidos sueltos de seda (precioso el de May Ram\u00edrez , de \u00d3palo), los pantalones entubados (como el de color sangr\u00eda de Carmen Garc\u00eda) o los \u2018shopping bag (para llevar encima desde la agenda al kit de emergencia para afrontar las ocho horas fuera de casa) son claros protagonistas (nos gust\u00f3 el dorado de Eloisa Urdiales).<br \/>\nEn materia de colores, la mejor alternativa es optar por tonos tierra o neutros oto\u00f1ales tales como azules, marrones o grises. Igual de acertadas son las pinceladas en los incombustibles blanco y negro. El minimal es el mejor atajo para triunfar como \u2018working girl\u2019, por el camino de menos es m\u00e1s. El truco pasa por elegir prendas de fondo de armario y aderezarlas con toques de tendencia, bien en los complementos -que admiten mayores licencias- bien en los detalles: un cuello especial, por ejemplo, o unos pu\u00f1os diferentes, ayudar\u00e1n a marcar la diferencia.<\/p>\n<p style=\"text-align: center;\"><!--more--><\/p>\n<p style=\"text-align: center;\"><a href=\"\/pasarelaurbana\/wp-content\/uploads\/sites\/49\/2014\/10\/110.jpg\"><img loading=\"lazy\" class=\"aligncenter size-full wp-image-7626\" title=\"1\" src=\"\/pasarelaurbana\/wp-content\/uploads\/sites\/49\/2014\/10\/110.jpg\" alt=\"\" width=\"600\" height=\"800\" srcset=\"https:\/\/static-blogs.diariosur.es\/wp-content\/uploads\/sites\/49\/2014\/10\/110.jpg 600w, https:\/\/static-blogs.diariosur.es\/wp-content\/uploads\/sites\/49\/2014\/10\/110-225x300.jpg 225w\" sizes=\"(max-width: 600px) 100vw, 600px\" \/><\/a><\/p>\n<p style=\"text-align: center;\"><a href=\"\/pasarelaurbana\/wp-content\/uploads\/sites\/49\/2014\/10\/4bis.jpg\"><img loading=\"lazy\" class=\"aligncenter size-full wp-image-7630\" title=\"4bis\" src=\"\/pasarelaurbana\/wp-content\/uploads\/sites\/49\/2014\/10\/4bis.jpg\" alt=\"\" width=\"600\" height=\"800\" srcset=\"https:\/\/static-blogs.diariosur.es\/wp-content\/uploads\/sites\/49\/2014\/10\/4bis.jpg 600w, https:\/\/static-blogs.diariosur.es\/wp-content\/uploads\/sites\/49\/2014\/10\/4bis-225x300.jpg 225w\" sizes=\"(max-width: 600px) 100vw, 600px\" \/><\/a><\/p>\n<p style=\"text-align: center;\"><a href=\"\/pasarelaurbana\/wp-content\/uploads\/sites\/49\/2014\/10\/21.jpg\"><img loading=\"lazy\" class=\"aligncenter size-full wp-image-7627\" title=\"2\" src=\"\/pasarelaurbana\/wp-content\/uploads\/sites\/49\/2014\/10\/21.jpg\" alt=\"\" width=\"600\" height=\"800\" srcset=\"https:\/\/static-blogs.diariosur.es\/wp-content\/uploads\/sites\/49\/2014\/10\/21.jpg 600w, https:\/\/static-blogs.diariosur.es\/wp-content\/uploads\/sites\/49\/2014\/10\/21-225x300.jpg 225w\" sizes=\"(max-width: 600px) 100vw, 600px\" \/><\/a><\/p>\n<p style=\"text-align: center;\"><a href=\"\/pasarelaurbana\/wp-content\/uploads\/sites\/49\/2014\/10\/31.jpg\"><img loading=\"lazy\" class=\"aligncenter size-full wp-image-7628\" title=\"3\" src=\"\/pasarelaurbana\/wp-content\/uploads\/sites\/49\/2014\/10\/31.jpg\" alt=\"\" width=\"600\" height=\"800\" srcset=\"https:\/\/static-blogs.diariosur.es\/wp-content\/uploads\/sites\/49\/2014\/10\/31.jpg 600w, https:\/\/static-blogs.diariosur.es\/wp-content\/uploads\/sites\/49\/2014\/10\/31-225x300.jpg 225w\" sizes=\"(max-width: 600px) 100vw, 600px\" \/><\/a><\/p>\n<p style=\"text-align: center;\"><a href=\"\/pasarelaurbana\/wp-content\/uploads\/sites\/49\/2014\/10\/4bisdos.jpg\"><img loading=\"lazy\" class=\"aligncenter size-full wp-image-7631\" title=\"4bisdos\" src=\"\/pasarelaurbana\/wp-content\/uploads\/sites\/49\/2014\/10\/4bisdos.jpg\" alt=\"\" width=\"600\" height=\"800\" srcset=\"https:\/\/static-blogs.diariosur.es\/wp-content\/uploads\/sites\/49\/2014\/10\/4bisdos.jpg 600w, https:\/\/static-blogs.diariosur.es\/wp-content\/uploads\/sites\/49\/2014\/10\/4bisdos-225x300.jpg 225w\" sizes=\"(max-width: 600px) 100vw, 600px\" \/><\/a><\/p>\n<p style=\"text-align: center;\"><a href=\"\/pasarelaurbana\/wp-content\/uploads\/sites\/49\/2014\/10\/41.jpg\"><img loading=\"lazy\" class=\"aligncenter size-full wp-image-7629\" title=\"4\" src=\"\/pasarelaurbana\/wp-content\/uploads\/sites\/49\/2014\/10\/41.jpg\" alt=\"\" width=\"600\" height=\"800\" srcset=\"https:\/\/static-blogs.diariosur.es\/wp-content\/uploads\/sites\/49\/2014\/10\/41.jpg 600w, https:\/\/static-blogs.diariosur.es\/wp-content\/uploads\/sites\/49\/2014\/10\/41-225x300.jpg 225w\" sizes=\"(max-width: 600px) 100vw, 600px\" \/><\/a><\/p>\n<p style=\"text-align: center;\"><strong>Inma Azqueta<\/strong>. Administrativa. 36 a\u00f1os<\/p>\n<p style=\"text-align: center;\"><span style=\"text-decoration: underline;\">Un mono con cintur\u00f3n joya ideal para el entretiempo<\/span><br \/>\nEn los \u00faltimos a\u00f1os el mono se ha logrado hacer un importante sitio en los armarios. Temporada tras temporada vuelve a la carga reivindicando su espacio, aunque es en estos d\u00edas de entretiempo cuando saborea su mejor momento. Y es que esta prenda es perfecta para lucir en esta \u00e9poca del a\u00f1o, con o sin chaqueta. Inma Azqueta, una administrativa de 36 a\u00f1os apuesta por ella para un look de batalla de diario. En su caso elige un mono negro de Mango que realza con acierto con un cintur\u00f3n joya rojo con hoja dorada que compr\u00f3 en la tienda local de San Pedro de Alc\u00e1ntara \u2018La casa de Caty\u2019. El rojo (un color que ser\u00e1 imprescindible este oto\u00f1o\/invierno) ti\u00f1e tambi\u00e9n sus cu\u00f1as y su \u2018shopping bag\u2019, ambos de Bimba y Lola, logrando un resultado sofisticado y muy favorecedor, ideal tanto para salir de paseo por la ciudad como para ir a la oficina. \u00abPara trabajar uso mucho blazers con pantalones o faldas l\u00e1piz\u00bb, nos explic\u00f3 Inma cuando la paramos por calle Larios. \u00bfSu \u00faltima adquisici\u00f3n? \u00abUna camisa de cuadros vichy y una falda tubo de polipiel\u00bb. Otra pareja ideal para una jornada laboral.<\/p>\n<p style=\"text-align: center;\">Mono: Mango.  <\/p>\n<p style=\"text-align: center;\">Cintur\u00f3n: La casa de Caty.<\/p>\n<p style=\"text-align: center;\"> Sandalias y bolso: Bimba y Lola.<\/p>\n<p style=\"text-align: center;\"><a href=\"\/pasarelaurbana\/wp-content\/uploads\/sites\/49\/2014\/10\/61.jpg\"><img loading=\"lazy\" class=\"aligncenter size-full wp-image-7633\" title=\"6\" src=\"\/pasarelaurbana\/wp-content\/uploads\/sites\/49\/2014\/10\/61.jpg\" alt=\"\" width=\"600\" height=\"800\" srcset=\"https:\/\/static-blogs.diariosur.es\/wp-content\/uploads\/sites\/49\/2014\/10\/61.jpg 600w, https:\/\/static-blogs.diariosur.es\/wp-content\/uploads\/sites\/49\/2014\/10\/61-225x300.jpg 225w\" sizes=\"(max-width: 600px) 100vw, 600px\" \/><\/a><\/p>\n<p style=\"text-align: center;\"><a href=\"\/pasarelaurbana\/wp-content\/uploads\/sites\/49\/2014\/10\/51.jpg\"><img loading=\"lazy\" class=\"aligncenter size-full wp-image-7632\" title=\"5\" src=\"\/pasarelaurbana\/wp-content\/uploads\/sites\/49\/2014\/10\/51.jpg\" alt=\"\" width=\"600\" height=\"800\" srcset=\"https:\/\/static-blogs.diariosur.es\/wp-content\/uploads\/sites\/49\/2014\/10\/51.jpg 600w, https:\/\/static-blogs.diariosur.es\/wp-content\/uploads\/sites\/49\/2014\/10\/51-225x300.jpg 225w\" sizes=\"(max-width: 600px) 100vw, 600px\" \/><\/a><\/p>\n<p style=\"text-align: center;\"><a href=\"\/pasarelaurbana\/wp-content\/uploads\/sites\/49\/2014\/10\/71.jpg\"><img loading=\"lazy\" class=\"aligncenter size-full wp-image-7634\" title=\"7\" src=\"\/pasarelaurbana\/wp-content\/uploads\/sites\/49\/2014\/10\/71.jpg\" alt=\"\" width=\"600\" height=\"800\" srcset=\"https:\/\/static-blogs.diariosur.es\/wp-content\/uploads\/sites\/49\/2014\/10\/71.jpg 600w, https:\/\/static-blogs.diariosur.es\/wp-content\/uploads\/sites\/49\/2014\/10\/71-225x300.jpg 225w\" sizes=\"(max-width: 600px) 100vw, 600px\" \/><\/a><\/p>\n<p style=\"text-align: center;\"><a href=\"\/pasarelaurbana\/wp-content\/uploads\/sites\/49\/2014\/10\/7bis.jpg\"><img loading=\"lazy\" class=\"aligncenter size-full wp-image-7635\" title=\"7bis\" src=\"\/pasarelaurbana\/wp-content\/uploads\/sites\/49\/2014\/10\/7bis.jpg\" alt=\"\" width=\"600\" height=\"800\" srcset=\"https:\/\/static-blogs.diariosur.es\/wp-content\/uploads\/sites\/49\/2014\/10\/7bis.jpg 600w, https:\/\/static-blogs.diariosur.es\/wp-content\/uploads\/sites\/49\/2014\/10\/7bis-225x300.jpg 225w\" sizes=\"(max-width: 600px) 100vw, 600px\" \/><\/a><\/p>\n<p style=\"text-align: center;\"><strong>Eloisa Urdiales<\/strong>. Funcionaria. 34 \u00f1os<\/p>\n<p style=\"text-align: center;\"><span style=\"text-decoration: underline;\">Una buena camisa blanca, la mejor baza de fondo de armario<\/span><br \/>\nNo hay \u2018it girl\u2019 que no haya soltado alguna vez la respuesta al ser preguntada por su estilismo infalible: \u00abUna buena camisa blanca y unos vaqueros\u00bb. Este d\u00fao no pasa de moda ni entiende de calendario, as\u00ed que resulta el atajo ideal para aquellos d\u00edas en los que falta inspiraci\u00f3n frente al armario. Eloisa Urdiales, una funcionaria mlaague\u00f1a de 34 a\u00f1os con la que nos encontramos durante nuestra \u00faltima sesi\u00f3n de \u2018street style\u2019 por el Centro de M\u00e1laga, apuesta a caballo ganador por este cl\u00e1sico con una bonita camisa de Pedro del Hierro de aires \u2018boho chic\u2019 y unos vaqueros pitillo de efecto lavado que luce con los bajos remangados para darle mayor protagonismo a sus preciosas sandalias de flecos de Hispanitas.<\/p>\n<p style=\"text-align: center;\">Camisa: Pedro del Hierro.  <\/p>\n<p style=\"text-align: center;\">Pantal\u00f3n: Blanco.<\/p>\n<p style=\"text-align: center;\">Sandalias y bolso: Hispanitas.<\/p>\n<p style=\"text-align: center;\">Gafas: Carrera.<\/p>\n<p style=\"text-align: center;\"><a href=\"\/pasarelaurbana\/wp-content\/uploads\/sites\/49\/2014\/10\/11bis.jpg\"><img loading=\"lazy\" class=\"aligncenter size-full wp-image-7625\" title=\"11bis\" src=\"\/pasarelaurbana\/wp-content\/uploads\/sites\/49\/2014\/10\/11bis.jpg\" alt=\"\" width=\"600\" height=\"800\" srcset=\"https:\/\/static-blogs.diariosur.es\/wp-content\/uploads\/sites\/49\/2014\/10\/11bis.jpg 600w, https:\/\/static-blogs.diariosur.es\/wp-content\/uploads\/sites\/49\/2014\/10\/11bis-225x300.jpg 225w\" sizes=\"(max-width: 600px) 100vw, 600px\" \/><\/a><\/p>\n<p style=\"text-align: center;\"><a href=\"\/pasarelaurbana\/wp-content\/uploads\/sites\/49\/2014\/10\/81.jpg\"><img loading=\"lazy\" class=\"aligncenter size-full wp-image-7636\" title=\"8\" src=\"\/pasarelaurbana\/wp-content\/uploads\/sites\/49\/2014\/10\/81.jpg\" alt=\"\" width=\"600\" height=\"800\" srcset=\"https:\/\/static-blogs.diariosur.es\/wp-content\/uploads\/sites\/49\/2014\/10\/81.jpg 600w, https:\/\/static-blogs.diariosur.es\/wp-content\/uploads\/sites\/49\/2014\/10\/81-225x300.jpg 225w\" sizes=\"(max-width: 600px) 100vw, 600px\" \/><\/a><\/p>\n<p style=\"text-align: center;\"><a href=\"\/pasarelaurbana\/wp-content\/uploads\/sites\/49\/2014\/10\/111.jpg\"><img loading=\"lazy\" class=\"aligncenter size-full wp-image-7639\" title=\"11\" src=\"\/pasarelaurbana\/wp-content\/uploads\/sites\/49\/2014\/10\/111.jpg\" alt=\"\" width=\"600\" height=\"800\" srcset=\"https:\/\/static-blogs.diariosur.es\/wp-content\/uploads\/sites\/49\/2014\/10\/111.jpg 600w, https:\/\/static-blogs.diariosur.es\/wp-content\/uploads\/sites\/49\/2014\/10\/111-225x300.jpg 225w\" sizes=\"(max-width: 600px) 100vw, 600px\" \/><\/a><\/p>\n<p style=\"text-align: center;\"><a href=\"\/pasarelaurbana\/wp-content\/uploads\/sites\/49\/2014\/10\/91.jpg\"><img loading=\"lazy\" class=\"aligncenter size-full wp-image-7637\" title=\"9\" src=\"\/pasarelaurbana\/wp-content\/uploads\/sites\/49\/2014\/10\/91.jpg\" alt=\"\" width=\"600\" height=\"800\" srcset=\"https:\/\/static-blogs.diariosur.es\/wp-content\/uploads\/sites\/49\/2014\/10\/91.jpg 600w, https:\/\/static-blogs.diariosur.es\/wp-content\/uploads\/sites\/49\/2014\/10\/91-225x300.jpg 225w\" sizes=\"(max-width: 600px) 100vw, 600px\" \/><\/a><\/p>\n<p style=\"text-align: center;\"><a href=\"\/pasarelaurbana\/wp-content\/uploads\/sites\/49\/2014\/10\/11bisdos.jpg\"><img loading=\"lazy\" class=\"aligncenter size-full wp-image-7642\" title=\"11bisdos\" src=\"\/pasarelaurbana\/wp-content\/uploads\/sites\/49\/2014\/10\/11bisdos.jpg\" alt=\"\" width=\"600\" height=\"800\" srcset=\"https:\/\/static-blogs.diariosur.es\/wp-content\/uploads\/sites\/49\/2014\/10\/11bisdos.jpg 600w, https:\/\/static-blogs.diariosur.es\/wp-content\/uploads\/sites\/49\/2014\/10\/11bisdos-225x300.jpg 225w\" sizes=\"(max-width: 600px) 100vw, 600px\" \/><\/a><\/p>\n<p style=\"text-align: center;\"><strong>May Ram\u00edrez<\/strong>. Responsable de la firma de complementos Annette &#038; Mimi. 50 a\u00f1os<\/p>\n<p style=\"text-align: center;\"><span style=\"text-decoration: underline;\">Vestido de seda y salones metalizados, una pareja de \u00e9xito<\/span><br \/>\nHay parejas que siempre son bien avenidas. Y la que propone May Ram\u00edrez es una de ellas. El d\u00fao vestido t\u00fanica de seda con salones metalizados es un valor seguro que garantiza un buen look a quien lo lleve. May Ram\u00edrez, representante en M\u00e1laga de la firma Annette &#038; Mimi, acierta con esta estilosa combinaci\u00f3n tan femenina y delicada. Precioso su vestido con estampado de cashmere de \u00d3palo. Remata el \u2018outfit\u2019 con maxi bolso dorado con un sutil \u2018print animal\u2019 de Armani, tambi\u00e9n para \u00d3palo. Un rom\u00e1ntico brazalete cuajado de pedrer\u00eda de su firma pone la guinda a su propuesta.<\/p>\n<p style=\"text-align: center;\">Vestido y zapatos metalizados: \u00d3palo.  <\/p>\n<p style=\"text-align: center;\">Bolso: Armani.<\/p>\n<p style=\"text-align: center;\">Brazalete: Annette &#038; Mimi.<\/p>\n<p style=\"text-align: center;\"><a href=\"\/pasarelaurbana\/wp-content\/uploads\/sites\/49\/2014\/10\/121.jpg\"><img loading=\"lazy\" class=\"aligncenter size-full wp-image-7643\" title=\"12\" src=\"\/pasarelaurbana\/wp-content\/uploads\/sites\/49\/2014\/10\/121.jpg\" alt=\"\" width=\"600\" height=\"800\" srcset=\"https:\/\/static-blogs.diariosur.es\/wp-content\/uploads\/sites\/49\/2014\/10\/121.jpg 600w, https:\/\/static-blogs.diariosur.es\/wp-content\/uploads\/sites\/49\/2014\/10\/121-225x300.jpg 225w\" sizes=\"(max-width: 600px) 100vw, 600px\" \/><\/a><\/p>\n<p style=\"text-align: center;\"><a href=\"\/pasarelaurbana\/wp-content\/uploads\/sites\/49\/2014\/10\/12bis.jpg\"><img loading=\"lazy\" class=\"aligncenter size-full wp-image-7644\" title=\"12bis\" src=\"\/pasarelaurbana\/wp-content\/uploads\/sites\/49\/2014\/10\/12bis.jpg\" alt=\"\" width=\"600\" height=\"800\" srcset=\"https:\/\/static-blogs.diariosur.es\/wp-content\/uploads\/sites\/49\/2014\/10\/12bis.jpg 600w, https:\/\/static-blogs.diariosur.es\/wp-content\/uploads\/sites\/49\/2014\/10\/12bis-225x300.jpg 225w\" sizes=\"(max-width: 600px) 100vw, 600px\" \/><\/a><\/p>\n<p style=\"text-align: center;\"><a href=\"\/pasarelaurbana\/wp-content\/uploads\/sites\/49\/2014\/10\/141.jpg\"><img loading=\"lazy\" class=\"aligncenter size-full wp-image-7646\" title=\"14\" src=\"\/pasarelaurbana\/wp-content\/uploads\/sites\/49\/2014\/10\/141.jpg\" alt=\"\" width=\"600\" height=\"800\" srcset=\"https:\/\/static-blogs.diariosur.es\/wp-content\/uploads\/sites\/49\/2014\/10\/141.jpg 600w, https:\/\/static-blogs.diariosur.es\/wp-content\/uploads\/sites\/49\/2014\/10\/141-225x300.jpg 225w\" sizes=\"(max-width: 600px) 100vw, 600px\" \/><\/a><\/p>\n<p style=\"text-align: center;\"><a href=\"\/pasarelaurbana\/wp-content\/uploads\/sites\/49\/2014\/10\/131.jpg\"><img loading=\"lazy\" class=\"aligncenter size-full wp-image-7645\" title=\"13\" src=\"\/pasarelaurbana\/wp-content\/uploads\/sites\/49\/2014\/10\/131.jpg\" alt=\"\" width=\"600\" height=\"800\" srcset=\"https:\/\/static-blogs.diariosur.es\/wp-content\/uploads\/sites\/49\/2014\/10\/131.jpg 600w, https:\/\/static-blogs.diariosur.es\/wp-content\/uploads\/sites\/49\/2014\/10\/131-225x300.jpg 225w\" sizes=\"(max-width: 600px) 100vw, 600px\" \/><\/a><\/p>\n<p style=\"text-align: center;\"><strong>Carmen Garc\u00eda<\/strong>. Graduada en Turismo. 23 a\u00f1os<\/p>\n<p style=\"text-align: center;\"><span style=\"text-decoration: underline;\">El tono \u2018sangr\u00eda\u2019, el gran protagonista de la temporada<\/span><br \/>\nEn oto\u00f1o la paleta se renueva bajo el dictamen de nuevas tendencias, que imponen sus c\u00e1nones. \u00bfLos elegidos? El Instituto Pantone ha dado su veredicto: este est\u00edo triunfar\u00e1 el rojo sangr\u00eda, usado por el 15,82 % de los dise\u00f1adores de la Semana de la Moda de Nueva York. Carmen Garc\u00eda, una graduada en Turismo de 23 a\u00f1os, luce este tono en un pantal\u00f3n entubado que mezcla con camiseta de \u2018print\u2019 animal y slippers consiguiendo un \u2018outfit\u2019 juvenil e informal, ideal para acudir a la oficina.<\/p>\n<p style=\"text-align: center;\">Camiseta: H&#038;M.<\/p>\n<p style=\"text-align: center;\"> Pantal\u00f3n: Sfera.<\/p>\n<p style=\"text-align: center;\">Slippers: Lefties.<\/p>\n<p style=\"text-align: center;\">Bandolera: Blanco.<\/p>\n<p style=\"text-align: center;\">\n","protected":false},"excerpt":{"rendered":"<p>La pregunta surge a diario tras el molesto timbre del despertador. \u00bfQu\u00e9 ropa elegir para acudir a la oficina? La respuesta se complica si la salida de casa se hace demasiado temprano -los madrugones estimulan poco- si el tiempo no acompa\u00f1a o si la jornada se presenta maratoniana. Para acertar no hay reglas establecidas. Sin [&hellip;]<\/p>\n","protected":false},"author":54,"featured_media":0,"comment_status":"open","ping_status":"open","sticky":false,"template":"","format":"standard","meta":[],"categories":[2],"tags":[],"_links":{"self":[{"href":"https:\/\/blogs.diariosur.es\/pasarelaurbana\/wp-json\/wp\/v2\/posts\/7624"}],"collection":[{"href":"https:\/\/blogs.diariosur.es\/pasarelaurbana\/wp-json\/wp\/v2\/posts"}],"about":[{"href":"https:\/\/blogs.diariosur.es\/pasarelaurbana\/wp-json\/wp\/v2\/types\/post"}],"author":[{"embeddable":true,"href":"https:\/\/blogs.diariosur.es\/pasarelaurbana\/wp-json\/wp\/v2\/users\/54"}],"replies":[{"embeddable":true,"href":"https:\/\/blogs.diariosur.es\/pasarelaurbana\/wp-json\/wp\/v2\/comments?post=7624"}],"version-history":[{"count":0,"href":"https:\/\/blogs.diariosur.es\/pasarelaurbana\/wp-json\/wp\/v2\/posts\/7624\/revisions"}],"wp:attachment":[{"href":"https:\/\/blogs.diariosur.es\/pasarelaurbana\/wp-json\/wp\/v2\/media?parent=7624"}],"wp:term":[{"taxonomy":"category","embeddable":true,"href":"https:\/\/blogs.diariosur.es\/pasarelaurbana\/wp-json\/wp\/v2\/categories?post=7624"},{"taxonomy":"post_tag","embeddable":true,"href":"https:\/\/blogs.diariosur.es\/pasarelaurbana\/wp-json\/wp\/v2\/tags?post=7624"}],"curies":[{"name":"wp","href":"https:\/\/api.w.org\/{rel}","templated":true}]}}