{"id":7652,"date":"2014-10-15T19:38:39","date_gmt":"2014-10-15T17:38:39","guid":{"rendered":"http:\/\/blogs.diariosur.es\/pasarelaurbana\/?p=7652"},"modified":"2014-10-15T19:38:39","modified_gmt":"2014-10-15T17:38:39","slug":"mostaza-y-verde-militar-una-pareja-otonal-bien-avenida","status":"publish","type":"post","link":"https:\/\/blogs.diariosur.es\/pasarelaurbana\/2014\/10\/15\/mostaza-y-verde-militar-una-pareja-otonal-bien-avenida\/","title":{"rendered":"Mostaza y verde militar, una pareja oto\u00f1al bien avenida"},"content":{"rendered":"<p><a href=\"\/pasarelaurbana\/wp-content\/uploads\/sites\/49\/2014\/10\/23.jpg\"><img loading=\"lazy\" class=\"aligncenter  wp-image-7655\" title=\"2\" src=\"\/pasarelaurbana\/wp-content\/uploads\/sites\/49\/2014\/10\/23.jpg\" alt=\"\" width=\"600\" height=\"800\" srcset=\"https:\/\/static-blogs.diariosur.es\/wp-content\/uploads\/sites\/49\/2014\/10\/23.jpg 600w, https:\/\/static-blogs.diariosur.es\/wp-content\/uploads\/sites\/49\/2014\/10\/23-225x300.jpg 225w\" sizes=\"(max-width: 600px) 100vw, 600px\" \/><\/a><\/p>\n<p style=\"text-align: center;\">\u00a1Feliz mi\u00e9rcoles! \u00bfC\u00f3mo llev\u00e1is la semana? Yo me he cogido unos d\u00edas libres que me quedaban a cuenta de festivos trabajados, as\u00ed que estar\u00e9 fuera hasta el pr\u00f3ximo lunes y, por tanto, este finde no publicar\u00e9 el habitual especial moda malague\u00f1a. Asimismo, las actualizaciones se reducir\u00e1n a dos post esta semana, el de hoy y uno muy personal el viernes, cuando <strong>compartir\u00e9 con vosotros la decoraci\u00f3n del \u00faltimo cumple de Alejandro<\/strong> para daros ideas. Atentas mam\u00e1s de locos de los coches porque van por ah\u00ed los tiros, jejejeje. Pero eso, como ya os digo, ser\u00e1 a final de semana. Hoy os traigo un nuevo look de street style malague\u00f1o fichado durante mi \u00faltima sesi\u00f3n por el Centro de M\u00e1laga. \u00a0Buscaba estilismos de este entretiempo loco aptos para ir a la oficina. Y entre ellos me encontr\u00e9 con el de <strong>Eva Mart\u00edn, una simp\u00e1tica administrativa de 33 a\u00f1os<\/strong>.<\/p>\n<p style=\"text-align: center;\">Me gust\u00f3 especialmente su propuesta de combinaci\u00f3n de colores. Como os he comentado por aqu\u00ed ya hasta la saciedad, le mostaza es uno de los tonos que reinar\u00e1n en la paleta este oto\u00f1o. Vaya, que lo tendremos hasta en la sopa. Pues mirad qu\u00e9 bien marida con el verde militar, otro de los imprescindibles de esta \u00e9poca del calendario. \u00a1Hacen<strong> una pareja de diez<\/strong>! Eva lleva blusa mostaza de Stradivarius con falda larga de Menta (esta prenda da mucho juego estos meses por su versatilidad). Remata el outfit con un cintur\u00f3n de cadena en plata y <strong>un maxi pa\u00f1uelo que pone la nota oto\u00f1al<\/strong> (es ideal para llevar a primera hora de la ma\u00f1ana o de la tarde que refresca). \u00bfEl resultado? Estiloso y c\u00f3modo, de esos de batalla para pasar un d\u00eda de oficina, \u00bfno os parece?<\/p>\n<p style=\"text-align: center;\">Y termino con<strong> una cita para agenda<\/strong> que pinta bastante bien. Ser\u00e1 este d<strong>omingo 19 de octubre en el Museo del Autom\u00f3vil de M\u00e1laga<\/strong> (un sitio maravilloso que ten\u00e9is que visitar s\u00ed o s\u00ed si os gusta la moda, tienen una colecci\u00f3n de alta costura IMPRESIONANTE de la que os hablar\u00e9 pr\u00f3ximamente en un amplio reportaje). La dise\u00f1adora malague\u00f1a Roc\u00edo Montserrat presentar\u00e1 su nueva colecci\u00f3n -yo ya tuve la oportunidad de verla sobre la pasarela y os aseguro que es una joya, <strong>fundamental para las amantes de los trajes de flamenca<\/strong>-. Adem\u00e1s, la entrada, que cuesta 12 euros, incluye visita al dicho museo, m\u00fasica en directo y una degustaci\u00f3n de productos de Sabor a M\u00e1laga . Y hay m\u00e1s, la entrada incluye la participaci\u00f3n a un sorteo en el que la afortunada se llevar\u00e1 un traje de la colecci\u00f3n de Roc\u00edo. \u00a1Suena bastante bien! Al final del post ten\u00e9is el cartel del evento para m\u00e1s detalles.<\/p>\n<p style=\"text-align: center;\">Me despido por hoy y, lo dicho,<strong> os espero el viernes con un especial DECO cumplea\u00f1os infantil. <\/strong>\u00a1Hasta entonces!<\/p>\n<p style=\"text-align: center;\"><!--more--><\/p>\n<p style=\"text-align: center;\"><a href=\"\/pasarelaurbana\/wp-content\/uploads\/sites\/49\/2014\/10\/113.jpg\"><img loading=\"lazy\" class=\"aligncenter size-full wp-image-7654\" title=\"1\" src=\"\/pasarelaurbana\/wp-content\/uploads\/sites\/49\/2014\/10\/113.jpg\" alt=\"\" width=\"600\" height=\"800\" srcset=\"https:\/\/static-blogs.diariosur.es\/wp-content\/uploads\/sites\/49\/2014\/10\/113.jpg 600w, https:\/\/static-blogs.diariosur.es\/wp-content\/uploads\/sites\/49\/2014\/10\/113-225x300.jpg 225w\" sizes=\"(max-width: 600px) 100vw, 600px\" \/><\/a><\/p>\n<p style=\"text-align: center;\"><a href=\"\/pasarelaurbana\/wp-content\/uploads\/sites\/49\/2014\/10\/33.jpg\"><img loading=\"lazy\" class=\"aligncenter size-full wp-image-7656\" title=\"3\" src=\"\/pasarelaurbana\/wp-content\/uploads\/sites\/49\/2014\/10\/33.jpg\" alt=\"\" width=\"600\" height=\"800\" srcset=\"https:\/\/static-blogs.diariosur.es\/wp-content\/uploads\/sites\/49\/2014\/10\/33.jpg 600w, https:\/\/static-blogs.diariosur.es\/wp-content\/uploads\/sites\/49\/2014\/10\/33-225x300.jpg 225w\" sizes=\"(max-width: 600px) 100vw, 600px\" \/><\/a><\/p>\n<p style=\"text-align: center;\"><a href=\"\/pasarelaurbana\/wp-content\/uploads\/sites\/49\/2014\/10\/62.jpg\"><img loading=\"lazy\" class=\"aligncenter size-full wp-image-7653\" title=\"6\" src=\"\/pasarelaurbana\/wp-content\/uploads\/sites\/49\/2014\/10\/62.jpg\" alt=\"\" width=\"600\" height=\"800\" srcset=\"https:\/\/static-blogs.diariosur.es\/wp-content\/uploads\/sites\/49\/2014\/10\/62.jpg 600w, https:\/\/static-blogs.diariosur.es\/wp-content\/uploads\/sites\/49\/2014\/10\/62-225x300.jpg 225w\" sizes=\"(max-width: 600px) 100vw, 600px\" \/><\/a><\/p>\n<p style=\"text-align: center;\"><a href=\"\/pasarelaurbana\/wp-content\/uploads\/sites\/49\/2014\/10\/42.jpg\"><img loading=\"lazy\" class=\"aligncenter size-full wp-image-7657\" title=\"4\" src=\"\/pasarelaurbana\/wp-content\/uploads\/sites\/49\/2014\/10\/42.jpg\" alt=\"\" width=\"600\" height=\"800\" srcset=\"https:\/\/static-blogs.diariosur.es\/wp-content\/uploads\/sites\/49\/2014\/10\/42.jpg 600w, https:\/\/static-blogs.diariosur.es\/wp-content\/uploads\/sites\/49\/2014\/10\/42-225x300.jpg 225w\" sizes=\"(max-width: 600px) 100vw, 600px\" \/><\/a><\/p>\n<p style=\"text-align: center;\"><a href=\"\/pasarelaurbana\/wp-content\/uploads\/sites\/49\/2014\/10\/52.jpg\"><img loading=\"lazy\" class=\"aligncenter size-full wp-image-7658\" title=\"5\" src=\"\/pasarelaurbana\/wp-content\/uploads\/sites\/49\/2014\/10\/52.jpg\" alt=\"\" width=\"600\" height=\"450\" srcset=\"https:\/\/static-blogs.diariosur.es\/wp-content\/uploads\/sites\/49\/2014\/10\/52.jpg 600w, https:\/\/static-blogs.diariosur.es\/wp-content\/uploads\/sites\/49\/2014\/10\/52-300x225.jpg 300w\" sizes=\"(max-width: 600px) 100vw, 600px\" \/><\/a><\/p>\n<p style=\"text-align: center;\"><strong>Eva Mart\u00edn<\/strong>. Administrativa. 33 a\u00f1os<\/p>\n<p style=\"text-align: center;\">Blusa: Stradivarius<\/p>\n<p style=\"text-align: center;\">Falda: Menta Complementos<\/p>\n<p style=\"text-align: center;\">Sandalias: Chika10 (Plaza Mayor)<\/p>\n<p style=\"text-align: center;\">Bolso: Zara<\/p>\n<p style=\"text-align: center;\"><a href=\"\/pasarelaurbana\/wp-content\/uploads\/sites\/49\/2014\/10\/la-foto-3.jpg\"><img loading=\"lazy\" class=\"aligncenter size-full wp-image-7683\" title=\"la foto (3)\" src=\"\/pasarelaurbana\/wp-content\/uploads\/sites\/49\/2014\/10\/la-foto-3.jpg\" alt=\"\" width=\"600\" height=\"858\" srcset=\"https:\/\/static-blogs.diariosur.es\/wp-content\/uploads\/sites\/49\/2014\/10\/la-foto-3.jpg 600w, https:\/\/static-blogs.diariosur.es\/wp-content\/uploads\/sites\/49\/2014\/10\/la-foto-3-210x300.jpg 210w\" sizes=\"(max-width: 600px) 100vw, 600px\" \/><\/a><\/p>\n<p style=\"text-align: center;\">\n","protected":false},"excerpt":{"rendered":"<p>\u00a1Feliz mi\u00e9rcoles! \u00bfC\u00f3mo llev\u00e1is la semana? Yo me he cogido unos d\u00edas libres que me quedaban a cuenta de festivos trabajados, as\u00ed que estar\u00e9 fuera hasta el pr\u00f3ximo lunes y, por tanto, este finde no publicar\u00e9 el habitual especial moda malague\u00f1a. Asimismo, las actualizaciones se reducir\u00e1n a dos post esta semana, el de hoy y [&hellip;]<\/p>\n","protected":false},"author":54,"featured_media":0,"comment_status":"open","ping_status":"open","sticky":false,"template":"","format":"standard","meta":[],"categories":[2],"tags":[],"_links":{"self":[{"href":"https:\/\/blogs.diariosur.es\/pasarelaurbana\/wp-json\/wp\/v2\/posts\/7652"}],"collection":[{"href":"https:\/\/blogs.diariosur.es\/pasarelaurbana\/wp-json\/wp\/v2\/posts"}],"about":[{"href":"https:\/\/blogs.diariosur.es\/pasarelaurbana\/wp-json\/wp\/v2\/types\/post"}],"author":[{"embeddable":true,"href":"https:\/\/blogs.diariosur.es\/pasarelaurbana\/wp-json\/wp\/v2\/users\/54"}],"replies":[{"embeddable":true,"href":"https:\/\/blogs.diariosur.es\/pasarelaurbana\/wp-json\/wp\/v2\/comments?post=7652"}],"version-history":[{"count":0,"href":"https:\/\/blogs.diariosur.es\/pasarelaurbana\/wp-json\/wp\/v2\/posts\/7652\/revisions"}],"wp:attachment":[{"href":"https:\/\/blogs.diariosur.es\/pasarelaurbana\/wp-json\/wp\/v2\/media?parent=7652"}],"wp:term":[{"taxonomy":"category","embeddable":true,"href":"https:\/\/blogs.diariosur.es\/pasarelaurbana\/wp-json\/wp\/v2\/categories?post=7652"},{"taxonomy":"post_tag","embeddable":true,"href":"https:\/\/blogs.diariosur.es\/pasarelaurbana\/wp-json\/wp\/v2\/tags?post=7652"}],"curies":[{"name":"wp","href":"https:\/\/api.w.org\/{rel}","templated":true}]}}