{"id":7661,"date":"2014-10-17T00:15:27","date_gmt":"2014-10-16T22:15:27","guid":{"rendered":"http:\/\/blogs.diariosur.es\/pasarelaurbana\/?p=7661"},"modified":"2014-10-17T00:15:27","modified_gmt":"2014-10-16T22:15:27","slug":"decoracion-infantil-ideas-para-organizar-un-cumple-de-cars","status":"publish","type":"post","link":"https:\/\/blogs.diariosur.es\/pasarelaurbana\/2014\/10\/17\/decoracion-infantil-ideas-para-organizar-un-cumple-de-cars\/","title":{"rendered":"Decoraci\u00f3n infantil: ideas para organizar un cumple de Cars"},"content":{"rendered":"<p style=\"text-align: center;\"><a href=\"\/pasarelaurbana\/wp-content\/uploads\/sites\/49\/2014\/10\/191.jpg\"><img loading=\"lazy\" title=\"19\" src=\"\/pasarelaurbana\/wp-content\/uploads\/sites\/49\/2014\/10\/191.jpg\" alt=\"\" width=\"600\" height=\"600\" \/><\/a><\/p>\n<p style=\"text-align: center;\">\u00a1Lo prometido es deuda! Os dije que har\u00eda un post con la deco del \u00faltimo cumple de Ale, y aqu\u00ed lo ten\u00e9is. El d\u00eda de octubre es muy especial para mi porque celebro mi cumplea\u00f1os con el mejor regalo del mundo, el poder soplar las velas con mi hijo, que -casualidades de la vida- eligi\u00f3 para nacer el mismo d\u00eda que su mami. Pues bien, Ale es un apasionado de los coches. Cogi\u00f3 el primero con 6 meses&#8230;y desde entonces no los ha soltado. A diario hace carreteras por las superficies m\u00e1s insospechadas, los pasea, los aparca&#8230;no se cansa de ellos vamos! Como imaginar\u00e9is los personajes de Cars son como mi segunda familia, me los conozco a todos despu\u00e9s de haber visto las pelis de <strong>Cars<\/strong> y como mil veces -os aseguro que no os exagero- y claro&#8230;no pod\u00edan faltan en la fiesta del enano. La tem\u00e1tica estaba clara as\u00ed que solo quedaba ponerse manos a la obra. Buscar un poco de inspiraci\u00f3n en<strong> Pinterest<\/strong>, bucear en tiendas extranjeras en <strong>Etsy<\/strong> -que en esto de los cumples infantiles nos llevan a\u00f1os luz por delante- localizar <strong>imprimibles gratis<\/strong> en Internet&#8230;Lo que viene siendo complicarse la vida, vamos, jejeje, pero es que no lo puedo evitar, me encantan los follones. Los que me segu\u00eds por Instagram (<strong>@almudena30<\/strong>) ya sab\u00e9is que la decoraci\u00f3n es mi debilidad (mi coraz\u00f3n est\u00e1 &#8216;part\u00edo&#8217; moda-deco al 50-50%) as\u00ed que ya que me meto en estos l\u00edos, solo me queda compartirlo por si hay por ah\u00ed otras mamis con ganas de complicarse tambi\u00e9n la existencia. Os animo a meteros en faena porque de veras -y no es por marcarme el &#8216;pegote&#8217; como decimos aqu\u00ed en M\u00e1laga- <strong>es f\u00e1cil de copiar y el resultado merece la pena<\/strong>. Lo m\u00e1s farragoso fue hacer la carretera con planchas de goma eva, pero lo dem\u00e1s lo prepar\u00e9 todo en una ma\u00f1ana. \u00bfLa mayor recompensa? Ver la cara de Alejandro cuando se asom\u00f3 al patio y lo vio todo montado, \u00a1se qued\u00f3 alucinado! En ese momento sientes que todo ha merecido la pena. \u00a0<strong>Os dejo con el cumple al detalle, con explicaciones y enlaces.<\/strong> Lo dicho&#8230;\u00a1espero que os sea de utilidad! \u00a1Hasta el lunes!<!--more--><\/p>\n<p style=\"text-align: center;\"><a href=\"\/pasarelaurbana\/wp-content\/uploads\/sites\/49\/2014\/10\/34.jpg\"><img loading=\"lazy\" class=\"aligncenter size-full wp-image-7665\" title=\"\" src=\"\/pasarelaurbana\/wp-content\/uploads\/sites\/49\/2014\/10\/34.jpg\" alt=\"\" width=\"600\" height=\"800\" srcset=\"https:\/\/static-blogs.diariosur.es\/wp-content\/uploads\/sites\/49\/2014\/10\/34.jpg 600w, https:\/\/static-blogs.diariosur.es\/wp-content\/uploads\/sites\/49\/2014\/10\/34-225x300.jpg 225w\" sizes=\"(max-width: 600px) 100vw, 600px\" \/><\/a><\/p>\n<p style=\"text-align: center;\">Arriba, la base de la mesa, sin la comida puesta. A modo de camino hice una peque\u00f1a carretera con <strong>cartulina negra y rayas en blanco<\/strong> (se tarda minutos no mas os lo aseguro). La vajilla de Cars (platos, vasos y servilletas la encontr\u00e9 en <strong>Carrefour<\/strong>). La guirnalda que veis al fondo la compr\u00e9 en una tienda grande de chuches que hay junto a Diario SUR, en <strong>Avda Doctor Mara\u00f1\u00f3n<\/strong>. La pi\u00f1ata (que estaba chul\u00edsima con forma de coche, tambi\u00e9n es de all\u00ed). Tambi\u00e9n encontrar\u00e9is all\u00ed cajitas para las chucher\u00edas.<\/p>\n<p style=\"text-align: center;\"><a href=\"\/pasarelaurbana\/wp-content\/uploads\/sites\/49\/2014\/10\/82.jpg\"><img loading=\"lazy\" class=\"aligncenter size-full wp-image-7670\" title=\"8\" src=\"\/pasarelaurbana\/wp-content\/uploads\/sites\/49\/2014\/10\/82.jpg\" alt=\"\" width=\"600\" height=\"450\" srcset=\"https:\/\/static-blogs.diariosur.es\/wp-content\/uploads\/sites\/49\/2014\/10\/82.jpg 600w, https:\/\/static-blogs.diariosur.es\/wp-content\/uploads\/sites\/49\/2014\/10\/82-300x225.jpg 300w\" sizes=\"(max-width: 600px) 100vw, 600px\" \/><\/a><\/p>\n<p style=\"text-align: center;\"><a href=\"\/pasarelaurbana\/wp-content\/uploads\/sites\/49\/2014\/10\/153.jpg\"><img loading=\"lazy\" class=\"aligncenter size-full wp-image-7677\" title=\"15\" src=\"\/pasarelaurbana\/wp-content\/uploads\/sites\/49\/2014\/10\/153.jpg\" alt=\"\" width=\"600\" height=\"450\" srcset=\"https:\/\/static-blogs.diariosur.es\/wp-content\/uploads\/sites\/49\/2014\/10\/153.jpg 600w, https:\/\/static-blogs.diariosur.es\/wp-content\/uploads\/sites\/49\/2014\/10\/153-300x225.jpg 300w\" sizes=\"(max-width: 600px) 100vw, 600px\" \/><\/a><\/p>\n<p style=\"text-align: center;\"><a href=\"\/pasarelaurbana\/wp-content\/uploads\/sites\/49\/2014\/10\/142.jpg\"><img loading=\"lazy\" class=\"aligncenter size-full wp-image-7676\" title=\"14\" src=\"\/pasarelaurbana\/wp-content\/uploads\/sites\/49\/2014\/10\/142.jpg\" alt=\"\" width=\"600\" height=\"450\" srcset=\"https:\/\/static-blogs.diariosur.es\/wp-content\/uploads\/sites\/49\/2014\/10\/142.jpg 600w, https:\/\/static-blogs.diariosur.es\/wp-content\/uploads\/sites\/49\/2014\/10\/142-300x225.jpg 300w\" sizes=\"(max-width: 600px) 100vw, 600px\" \/><\/a><\/p>\n<p style=\"text-align: center;\">Sobre estas l\u00edneas, la mesa ya terminada. Para clavar las distintas brochetas y las piruletas <strong>decor\u00e9 unos maceteros blancos<\/strong> con bolillos rojos y negro y pegatinas de coches en relieve que compr\u00e9 en un chino que hay por Churriana -supongo que los habr\u00e1 en otros-. Para rematar, compr\u00e9 bolas de poliesp\u00e1n -en otro chino- y las cubr\u00ed con papel de seda en negro y rojo. Para pegar us\u00e9 una pistola de silicona -mi madre fue la artista, jejeje, qu\u00e9 har\u00eda sin ella!!!!-. Abajo, detalle de la merienda. A los ni\u00f1os les encantaron las <strong>brochetas de sem\u00e1foro<\/strong> (quiz\u00e1s por eso de que son llamativas y f\u00e1ciles de comer con el palo para ellos). Son muy sencillas de hacer. Yo us\u00e9 unos bizcochitos rectangulares del Lidl muy esponjosos. derret\u00ed chocolate y con un pincel les pintamos una raya vertical sobre la que pegamos lacasitos rojos, amarillos y verdes a modo de luces.<\/p>\n<p style=\"text-align: center;\"><a href=\"\/pasarelaurbana\/wp-content\/uploads\/sites\/49\/2014\/10\/43.jpg\"><img loading=\"lazy\" class=\"aligncenter size-full wp-image-7666\" title=\"\" src=\"\/pasarelaurbana\/wp-content\/uploads\/sites\/49\/2014\/10\/43.jpg\" alt=\"\" width=\"640\" height=\"480\" srcset=\"https:\/\/static-blogs.diariosur.es\/wp-content\/uploads\/sites\/49\/2014\/10\/43.jpg 640w, https:\/\/static-blogs.diariosur.es\/wp-content\/uploads\/sites\/49\/2014\/10\/43-300x225.jpg 300w\" sizes=\"(max-width: 640px) 100vw, 640px\" \/><\/a><\/p>\n<p style=\"text-align: center;\">Abajo, <strong>sandwiches de coches.<\/strong> Para hacerlos us\u00e9 un molde que compr\u00e9 hace tiempo en <strong>Etsy<\/strong> en una tienda de Jap\u00f3n (<a href=\"https:\/\/www.etsy.com\/es\/listing\/173759133\/1set-cute-coche-forma-sushi-bento-molde?ref=market\" rel=\"external nofollow\">el mio es este<\/a>). Mi madre, que es una ARTISTA en may\u00fascula se encarg\u00f3 de pintarle a cada uno con un pincel ba\u00f1ado en chocolate derretido las ventanas y las ruedas. \u00a1Quedaron genial!<\/p>\n<p style=\"text-align: center;\"><a href=\"\/pasarelaurbana\/wp-content\/uploads\/sites\/49\/2014\/10\/24.jpg\"><img loading=\"lazy\" class=\"aligncenter size-full wp-image-7664\" title=\"\" src=\"\/pasarelaurbana\/wp-content\/uploads\/sites\/49\/2014\/10\/24.jpg\" alt=\"\" width=\"600\" height=\"450\" srcset=\"https:\/\/static-blogs.diariosur.es\/wp-content\/uploads\/sites\/49\/2014\/10\/24.jpg 600w, https:\/\/static-blogs.diariosur.es\/wp-content\/uploads\/sites\/49\/2014\/10\/24-300x225.jpg 300w\" sizes=\"(max-width: 600px) 100vw, 600px\" \/><\/a><\/p>\n<p style=\"text-align: center;\">El <a href=\"http:\/\/www.ikea.com\/es\/es\/catalog\/products\/30245727\/\" rel=\"external nofollow\">puestecillo de Ikea<\/a> es el comod\u00edn perfecto de cualquier cumple infantil. \u00a1A mi me encanta! Por todo: por su precio (no llega a 10 euros), por lo que dura pese a ser de cart\u00f3n (yo era la tercera vez que lo decoraba) y por sus posibilidades. Sirve tanto para colocar sus bebidas y chuches como para que se diviertan. \u00a1En el cumple de Ale los m\u00e1s peques no salieron del puestecillo! Para que combine con el color de la fiesta solo hay que cubrirle la parte de abajo con dos cartulinas grandes del color que se quiera. Yo lo remat\u00e9 haci\u00e9ndole una peque\u00f1a banderola con tri\u00e1ngulos de cartulina en rojo y negro y pegatinas de Cars. Tambi\u00e9n le personalic\u00e9 el cartelito con un coche de Rayo Mcqueen. Abajo veis el resultado&#8230;y lo mal que se lo pas\u00f3 el cumplea\u00f1ero con su primo, al que adora.<\/p>\n<p style=\"text-align: center;\"><a href=\"\/pasarelaurbana\/wp-content\/uploads\/sites\/49\/2014\/10\/102.jpg\"><img loading=\"lazy\" class=\"aligncenter size-full wp-image-7672\" title=\"10\" src=\"\/pasarelaurbana\/wp-content\/uploads\/sites\/49\/2014\/10\/102.jpg\" alt=\"\" width=\"600\" height=\"800\" srcset=\"https:\/\/static-blogs.diariosur.es\/wp-content\/uploads\/sites\/49\/2014\/10\/102.jpg 600w, https:\/\/static-blogs.diariosur.es\/wp-content\/uploads\/sites\/49\/2014\/10\/102-225x300.jpg 225w\" sizes=\"(max-width: 600px) 100vw, 600px\" \/><\/a><\/p>\n<p style=\"text-align: center;\">M\u00e1s rincones: esta peque\u00f1a mesa con nuevos detalles de coches. <a href=\"https:\/\/www.etsy.com\/es\/listing\/150484820\/retro-vintage-classic-rojo-57-chevy?ref=market\" rel=\"external nofollow\">En Etsy <\/a>compr\u00e9 estas <strong>maravillosas cajas de cart\u00f3n duro<\/strong> que veis de coches retro descapotables (no se si le gustan m\u00e1s al ni\u00f1o o a mi porque son una pasada de bien hechas). De Internet me baj\u00e9<a href=\"http:\/\/toplowridersites.com\/dibujos-para-colorear-de-cars\/www.colorear-dibujos.com*dibujos*decars2*dibujocars2colorear6.gif\/www.coloreardibujos.com*dibujosdecar2paracolorearyparaimprimir.html\/\" rel=\"external nofollow\"> <strong>dibujos de coches de Cars para colorear<\/strong> <\/a>y deciros que fue un \u00e9xito. \u00a1No pens\u00e9 que se entretendr\u00edan tant\u00edsimo pint\u00e1ndolas! Adem\u00e1s, compr\u00e9 en Carrefour unas medallas que les repart\u00ed a modo de premio por sus dibujos y por ganar diferentes pruebas, \u00a1y tambi\u00e9n les encantaron!<\/p>\n<p style=\"text-align: center;\"><a href=\"\/pasarelaurbana\/wp-content\/uploads\/sites\/49\/2014\/10\/115.jpg\"><img loading=\"lazy\" class=\"aligncenter size-full wp-image-7673\" title=\"11\" src=\"\/pasarelaurbana\/wp-content\/uploads\/sites\/49\/2014\/10\/115.jpg\" alt=\"\" width=\"600\" height=\"450\" srcset=\"https:\/\/static-blogs.diariosur.es\/wp-content\/uploads\/sites\/49\/2014\/10\/115.jpg 600w, https:\/\/static-blogs.diariosur.es\/wp-content\/uploads\/sites\/49\/2014\/10\/115-300x225.jpg 300w\" sizes=\"(max-width: 600px) 100vw, 600px\" \/><\/a><\/p>\n<p style=\"text-align: center;\"><a href=\"\/pasarelaurbana\/wp-content\/uploads\/sites\/49\/2014\/10\/63.jpg\"><img loading=\"lazy\" class=\"aligncenter size-full wp-image-7668\" title=\"6\" src=\"\/pasarelaurbana\/wp-content\/uploads\/sites\/49\/2014\/10\/63.jpg\" alt=\"\" width=\"600\" height=\"450\" srcset=\"https:\/\/static-blogs.diariosur.es\/wp-content\/uploads\/sites\/49\/2014\/10\/63.jpg 600w, https:\/\/static-blogs.diariosur.es\/wp-content\/uploads\/sites\/49\/2014\/10\/63-300x225.jpg 300w\" sizes=\"(max-width: 600px) 100vw, 600px\" \/><\/a><\/p>\n<p style=\"text-align: center;\">Sobre estas l\u00edneas otra mesa donde aparecen de nuevo las <a href=\"https:\/\/www.etsy.com\/es\/listing\/150484820\/retro-vintage-classic-rojo-57-chevy?ref=market\" rel=\"external nofollow\">cajas de coche<\/a>, chuches y las <a href=\"http:\/\/quetarta.es\/\" rel=\"external nofollow\"><strong>galletas de Cars<\/strong> que encargu\u00e9 a Mar\u00eda Jos\u00e9 de Qu\u00e9 tarta<\/a> con los personajes favoritos de Ale.<\/p>\n<p style=\"text-align: center;\"><a href=\"\/pasarelaurbana\/wp-content\/uploads\/sites\/49\/2014\/10\/122.jpg\"><img loading=\"lazy\" class=\"aligncenter size-full wp-image-7674\" title=\"12\" src=\"\/pasarelaurbana\/wp-content\/uploads\/sites\/49\/2014\/10\/122.jpg\" alt=\"\" width=\"600\" height=\"800\" srcset=\"https:\/\/static-blogs.diariosur.es\/wp-content\/uploads\/sites\/49\/2014\/10\/122.jpg 600w, https:\/\/static-blogs.diariosur.es\/wp-content\/uploads\/sites\/49\/2014\/10\/122-225x300.jpg 225w\" sizes=\"(max-width: 600px) 100vw, 600px\" \/><\/a><\/p>\n<p style=\"text-align: center;\"><a href=\"\/pasarelaurbana\/wp-content\/uploads\/sites\/49\/2014\/10\/72.jpg\"><img loading=\"lazy\" class=\"aligncenter size-full wp-image-7669\" title=\"7\" src=\"\/pasarelaurbana\/wp-content\/uploads\/sites\/49\/2014\/10\/72.jpg\" alt=\"\" width=\"600\" height=\"450\" srcset=\"https:\/\/static-blogs.diariosur.es\/wp-content\/uploads\/sites\/49\/2014\/10\/72.jpg 600w, https:\/\/static-blogs.diariosur.es\/wp-content\/uploads\/sites\/49\/2014\/10\/72-300x225.jpg 300w\" sizes=\"(max-width: 600px) 100vw, 600px\" \/><\/a><\/p>\n<p style=\"text-align: center;\">M\u00e1s detalles de la deco, con im\u00e1genes de coches que pegu\u00e9 en las paredes y en diferentes sitios como maceteros.<\/p>\n<p style=\"text-align: center;\"><a href=\"\/pasarelaurbana\/wp-content\/uploads\/sites\/49\/2014\/10\/53.jpg\"><img loading=\"lazy\" class=\"aligncenter size-full wp-image-7667\" title=\"\" src=\"\/pasarelaurbana\/wp-content\/uploads\/sites\/49\/2014\/10\/53.jpg\" alt=\"\" width=\"600\" height=\"800\" srcset=\"https:\/\/static-blogs.diariosur.es\/wp-content\/uploads\/sites\/49\/2014\/10\/53.jpg 600w, https:\/\/static-blogs.diariosur.es\/wp-content\/uploads\/sites\/49\/2014\/10\/53-225x300.jpg 225w\" sizes=\"(max-width: 600px) 100vw, 600px\" \/><\/a><\/p>\n<p style=\"text-align: center;\">Arriba se ve mejor la <strong>carretera de goma eva<\/strong> que hicimos uniendo distintas planchas negras con silicona caliente. Las rayas blanca tambi\u00e9n eran de goma eva.<\/p>\n<p style=\"text-align: center;\"><a href=\"\/pasarelaurbana\/wp-content\/uploads\/sites\/49\/2014\/10\/114.jpg\"><img loading=\"lazy\" class=\"aligncenter size-full wp-image-7663\" title=\"\" src=\"\/pasarelaurbana\/wp-content\/uploads\/sites\/49\/2014\/10\/114.jpg\" alt=\"\" width=\"600\" height=\"600\" srcset=\"https:\/\/static-blogs.diariosur.es\/wp-content\/uploads\/sites\/49\/2014\/10\/114.jpg 600w, https:\/\/static-blogs.diariosur.es\/wp-content\/uploads\/sites\/49\/2014\/10\/114-150x150.jpg 150w, https:\/\/static-blogs.diariosur.es\/wp-content\/uploads\/sites\/49\/2014\/10\/114-300x300.jpg 300w\" sizes=\"(max-width: 600px) 100vw, 600px\" \/><\/a><\/p>\n<p style=\"text-align: center;\"><a href=\"\/pasarelaurbana\/wp-content\/uploads\/sites\/49\/2014\/10\/20.jpg\"><img loading=\"lazy\" class=\"aligncenter size-full wp-image-7662\" title=\"20\" src=\"\/pasarelaurbana\/wp-content\/uploads\/sites\/49\/2014\/10\/20.jpg\" alt=\"\" width=\"600\" height=\"800\" srcset=\"https:\/\/static-blogs.diariosur.es\/wp-content\/uploads\/sites\/49\/2014\/10\/20.jpg 600w, https:\/\/static-blogs.diariosur.es\/wp-content\/uploads\/sites\/49\/2014\/10\/20-225x300.jpg 225w\" sizes=\"(max-width: 600px) 100vw, 600px\" \/><\/a><\/p>\n<p style=\"text-align: center;\"><a href=\"\/pasarelaurbana\/wp-content\/uploads\/sites\/49\/2014\/10\/171.jpg\"><img loading=\"lazy\" class=\"aligncenter size-full wp-image-7678\" title=\"17\" src=\"\/pasarelaurbana\/wp-content\/uploads\/sites\/49\/2014\/10\/171.jpg\" alt=\"\" width=\"600\" height=\"450\" srcset=\"https:\/\/static-blogs.diariosur.es\/wp-content\/uploads\/sites\/49\/2014\/10\/171.jpg 600w, https:\/\/static-blogs.diariosur.es\/wp-content\/uploads\/sites\/49\/2014\/10\/171-300x225.jpg 300w\" sizes=\"(max-width: 600px) 100vw, 600px\" \/><\/a><\/p>\n<p style=\"text-align: center;\">Y termino subiendo <strong>unas fotos de mi fiesta<\/strong>. Fue un sorpres\u00f3n que disfrut\u00e9 al m\u00e1ximo y en el que recib\u00ed much\u00edsimas muestras de cari\u00f1o de la gente tan maravillosa que me rodea (sin palabras me dejaron). Uno de los regalos estrella fue esta maravilla de tarta de <strong><a href=\"http:\/\/www.martapinopostres.es\/\" rel=\"external nofollow\">Marta Pino<\/a><\/strong>\u00a0 que era una aut\u00e9ntica obra de arte. No solo preciosa por fuera -delicada, rom\u00e1ntica y elegant\u00edsima- sino que estaba buen\u00edsima. La capa de fondant era la justa y no le quitaba esponjosidad ni sabor al relleno que estaba espectacular.<\/p>\n<p style=\"text-align: center;\"><a href=\"\/pasarelaurbana\/wp-content\/uploads\/sites\/49\/2014\/10\/16.jpf_.jpg\"><img loading=\"lazy\" class=\"aligncenter size-full wp-image-7679\" title=\"16.jpf\" src=\"\/pasarelaurbana\/wp-content\/uploads\/sites\/49\/2014\/10\/16.jpf_.jpg\" alt=\"\" width=\"600\" height=\"600\" srcset=\"https:\/\/static-blogs.diariosur.es\/wp-content\/uploads\/sites\/49\/2014\/10\/16.jpf_.jpg 600w, https:\/\/static-blogs.diariosur.es\/wp-content\/uploads\/sites\/49\/2014\/10\/16.jpf_-150x150.jpg 150w, https:\/\/static-blogs.diariosur.es\/wp-content\/uploads\/sites\/49\/2014\/10\/16.jpf_-300x300.jpg 300w\" sizes=\"(max-width: 600px) 100vw, 600px\" \/><\/a><\/p>\n<p style=\"text-align: center;\">Para la ocasi\u00f3n estren\u00e9 esta bonita camisa de seda en rosa palo de lunaritos Zara que llev\u00e9 con falda tableada negra y collar de osito de vichy negro de No me llames mu\u00f1eca (me encanta!). La corona que me colocaron -de princesita total- es de H&#038;M.<\/p>\n<p style=\"text-align: center;\">\u00a1Espero que os haya gustado! Estoy apurando unos d\u00edas libres que me deb\u00edan, el lunes estoy de vuelta y os espero con nuevos contenidos.<\/p>\n<p style=\"text-align: center;\">\u00a1Hasta entonces!<\/p>\n<p>&nbsp;<\/p>\n","protected":false},"excerpt":{"rendered":"<p>\u00a1Lo prometido es deuda! Os dije que har\u00eda un post con la deco del \u00faltimo cumple de Ale, y aqu\u00ed lo ten\u00e9is. El d\u00eda de octubre es muy especial para mi porque celebro mi cumplea\u00f1os con el mejor regalo del mundo, el poder soplar las velas con mi hijo, que -casualidades de la vida- eligi\u00f3 [&hellip;]<\/p>\n","protected":false},"author":54,"featured_media":0,"comment_status":"open","ping_status":"open","sticky":false,"template":"","format":"standard","meta":[],"categories":[2],"tags":[],"_links":{"self":[{"href":"https:\/\/blogs.diariosur.es\/pasarelaurbana\/wp-json\/wp\/v2\/posts\/7661"}],"collection":[{"href":"https:\/\/blogs.diariosur.es\/pasarelaurbana\/wp-json\/wp\/v2\/posts"}],"about":[{"href":"https:\/\/blogs.diariosur.es\/pasarelaurbana\/wp-json\/wp\/v2\/types\/post"}],"author":[{"embeddable":true,"href":"https:\/\/blogs.diariosur.es\/pasarelaurbana\/wp-json\/wp\/v2\/users\/54"}],"replies":[{"embeddable":true,"href":"https:\/\/blogs.diariosur.es\/pasarelaurbana\/wp-json\/wp\/v2\/comments?post=7661"}],"version-history":[{"count":0,"href":"https:\/\/blogs.diariosur.es\/pasarelaurbana\/wp-json\/wp\/v2\/posts\/7661\/revisions"}],"wp:attachment":[{"href":"https:\/\/blogs.diariosur.es\/pasarelaurbana\/wp-json\/wp\/v2\/media?parent=7661"}],"wp:term":[{"taxonomy":"category","embeddable":true,"href":"https:\/\/blogs.diariosur.es\/pasarelaurbana\/wp-json\/wp\/v2\/categories?post=7661"},{"taxonomy":"post_tag","embeddable":true,"href":"https:\/\/blogs.diariosur.es\/pasarelaurbana\/wp-json\/wp\/v2\/tags?post=7661"}],"curies":[{"name":"wp","href":"https:\/\/api.w.org\/{rel}","templated":true}]}}