{"id":7690,"date":"2014-10-23T01:25:03","date_gmt":"2014-10-22T23:25:03","guid":{"rendered":"http:\/\/blogs.diariosur.es\/pasarelaurbana\/?p=7690"},"modified":"2014-10-23T01:25:03","modified_gmt":"2014-10-22T23:25:03","slug":"carducci-echa-el-cierre-adios-a-la-zapateria-de-las-plataformas-de-drag-queens","status":"publish","type":"post","link":"https:\/\/blogs.diariosur.es\/pasarelaurbana\/2014\/10\/23\/carducci-echa-el-cierre-adios-a-la-zapateria-de-las-plataformas-de-drag-queens\/","title":{"rendered":"Carducci echa el cierre: adi\u00f3s a la zapater\u00eda &#039;de las plataformas de drag queens&#039;"},"content":{"rendered":"<p><a href=\"\/pasarelaurbana\/wp-content\/uploads\/sites\/49\/2014\/10\/carduccitres.jpg\"><img loading=\"lazy\" class=\"aligncenter size-full wp-image-7698\" title=\"carduccitres\" src=\"\/pasarelaurbana\/wp-content\/uploads\/sites\/49\/2014\/10\/carduccitres.jpg\" alt=\"\" width=\"600\" height=\"450\" srcset=\"https:\/\/static-blogs.diariosur.es\/wp-content\/uploads\/sites\/49\/2014\/10\/carduccitres.jpg 600w, https:\/\/static-blogs.diariosur.es\/wp-content\/uploads\/sites\/49\/2014\/10\/carduccitres-300x225.jpg 300w\" sizes=\"(max-width: 600px) 100vw, 600px\" \/><\/a><\/p>\n<p style=\"text-align: center;\">Corr\u00eda el a\u00f1o 1981. Dispuesta a no pasar desapercibida, con la locura de la d\u00e9cada de los 80 como tel\u00f3n de fondo, Mar\u00eda Ponce Cueto -una empresaria valiente- desembarcaba en M\u00e1laga con la transgresi\u00f3n por bandera. Sus zapatos de plataformas imposibles -hasta entonces in\u00e9ditos en la capital- se convirtieron en aquel momento en los absolutos protagonistas de su escaparate con vistas a la Catedral. Y fue as\u00ed, a sabiendas y a posta, como se gan\u00f3 el sambenito de\u00a0 &#8220;la tienda rara de los zapatos de drag queens&#8221;. Hoy, 33 a\u00f1os despu\u00e9s, Ponce recuerda aquellos inicios entre risas, con un sabor agridulce. El que da el saber que dentro de 9 d\u00edas echar\u00e1 la persiana de su negocio para siempre.Ser\u00e1 el pr\u00f3ximo 31 de octubre. Ese d\u00eda Carducci se despedir\u00e1 de Molina Lario 14.<\/p>\n<p>&#8220;Hay mucha gente que se ha interesado por seguir con el concepto de tienda y con el nombre, pero los precios de hoy d\u00eda son prohibitivos as\u00ed que al final el local se lo queda la propiedad, y ya veremos qu\u00e9 abren, a\u00fan ni lo se&#8221;. Mar\u00eda lo cuenta visiblemente apenada porque, como confiesa, tiene la misma sensaci\u00f3n de si se le muriera un hijo. &#8220;Llevo dos a\u00f1os plante\u00e1ndome la retirada, pero me daba tanta l\u00e1stima que no me decid\u00eda a dar el paso. Es como criar a un ni\u00f1o con tanto cari\u00f1o y abandonarlo con 33 a\u00f1os, as\u00ed que estoy triste, me est\u00e1 costando asimilarlo&#8221;, explica la empresaria. Como a todos, reconoce que la crisis le ha afectado. Pero insiste en que no ha sido la raz\u00f3n que le ha empujado a echar el cierre. En su caso el motivo es la jubilaci\u00f3n. &#8220;Tengo ya 70 a\u00f1os y al no tener relevo no me queda otra&#8221;.<\/p>\n<p style=\"text-align: center;\">En estas tres d\u00e9cadas, Carducci ha sido testigo del despegue de la zona. &#8220;Cuando abrimos este entorno era oscuro y ten\u00edamos muy poco paso. Poco a poco los alrededores de la Catedral han ido ganando mucho y hoy da gusto el ambiente que hay en la plaza del Obispo y la cantidad de turistas que pasan por aqu\u00ed. Cuando cerr\u00f3 Telef\u00f3nica vivimos un declive y, del mismo modo, la iluminaci\u00f3n de la Catedral fue un punto de inflexi\u00f3n para nosotros en positivo&#8221;, sostiene. \u00bfLo que peor lleva de la inminente despedida? El adi\u00f3s a su clientela, mucha de la cual lleva tres d\u00e9cadas siendo fiel a su calzado, &#8220;drigido a una mujer moderna, atrevida y divertida, con un punto de locura&#8221;, bromea. Los tacones de v\u00e9rtigo son la se\u00f1a de identidad de la casa, aunque en estos a\u00f1os ha ido evolucionando para dar cabida a otros modelos m\u00e1s ponibles en los looks de diario. Por aquello de renovarse o morir. La calidad de los dise\u00f1os -&#8220;todos de marcas espa\u00f1olas y de piel, me resisto a traer de China&#8221;- y la personalizaci\u00f3n de los zapatos han sido otros de sus puntos fuertes estos a\u00f1os. &#8220;Nunca traigo los muestrarios tal cual. Ped\u00eda los zapatos con modificaciones a mi gusto pensando siempre en mi p\u00fablico&#8221;, revela Ponce.<\/p>\n<p style=\"text-align: center;\">Por liquidaci\u00f3n, la tienda ofrece hasta el pr\u00f3ximo d\u00eda 31 todo su stock con rebajas de hasta el 70%. &#8220;Tenemos todos los modelos que nos quedan a 30 y 50 euros, hay pares incre\u00edbles que antes costaban 200 euros y ahora 30, lo cual es una oportunidad&#8221;, advierte la due\u00f1a de Carducci. En 9 d\u00edas se quitar\u00e1 los zapatos de empresaria y con \u00e9l el estr\u00e9s que implica llevar el tim\u00f3n de un negocio en plena crisis. Eso s\u00ed, su pasi\u00f3n por los taconazos la acompa\u00f1ar\u00e1 en su retiro.<\/p>\n<p style=\"text-align: center;\"><!--more--><\/p>\n<p style=\"text-align: center;\"><a href=\"\/pasarelaurbana\/wp-content\/uploads\/sites\/49\/2014\/10\/carduccidos.jpg\"><img loading=\"lazy\" class=\"aligncenter size-full wp-image-7695\" title=\"carduccidos\" src=\"\/pasarelaurbana\/wp-content\/uploads\/sites\/49\/2014\/10\/carduccidos.jpg\" alt=\"\" width=\"600\" height=\"450\" srcset=\"https:\/\/static-blogs.diariosur.es\/wp-content\/uploads\/sites\/49\/2014\/10\/carduccidos.jpg 600w, https:\/\/static-blogs.diariosur.es\/wp-content\/uploads\/sites\/49\/2014\/10\/carduccidos-300x225.jpg 300w\" sizes=\"(max-width: 600px) 100vw, 600px\" \/><\/a><\/p>\n<p style=\"text-align: center;\"><a href=\"\/pasarelaurbana\/wp-content\/uploads\/sites\/49\/2014\/10\/carduccicuatro.jpg\"><img loading=\"lazy\" class=\"aligncenter size-full wp-image-7694\" title=\"carduccicuatro\" src=\"\/pasarelaurbana\/wp-content\/uploads\/sites\/49\/2014\/10\/carduccicuatro.jpg\" alt=\"\" width=\"600\" height=\"450\" srcset=\"https:\/\/static-blogs.diariosur.es\/wp-content\/uploads\/sites\/49\/2014\/10\/carduccicuatro.jpg 600w, https:\/\/static-blogs.diariosur.es\/wp-content\/uploads\/sites\/49\/2014\/10\/carduccicuatro-300x225.jpg 300w\" sizes=\"(max-width: 600px) 100vw, 600px\" \/><\/a><\/p>\n<p style=\"text-align: center;\"><a href=\"\/pasarelaurbana\/wp-content\/uploads\/sites\/49\/2014\/10\/carducciseis.jpg\"><img loading=\"lazy\" class=\"aligncenter size-full wp-image-7696\" title=\"carducciseis\" src=\"\/pasarelaurbana\/wp-content\/uploads\/sites\/49\/2014\/10\/carducciseis.jpg\" alt=\"\" width=\"600\" height=\"800\" srcset=\"https:\/\/static-blogs.diariosur.es\/wp-content\/uploads\/sites\/49\/2014\/10\/carducciseis.jpg 600w, https:\/\/static-blogs.diariosur.es\/wp-content\/uploads\/sites\/49\/2014\/10\/carducciseis-225x300.jpg 225w\" sizes=\"(max-width: 600px) 100vw, 600px\" \/><\/a><\/p>\n<p style=\"text-align: center;\">\n","protected":false},"excerpt":{"rendered":"<p>Corr\u00eda el a\u00f1o 1981. Dispuesta a no pasar desapercibida, con la locura de la d\u00e9cada de los 80 como tel\u00f3n de fondo, Mar\u00eda Ponce Cueto -una empresaria valiente- desembarcaba en M\u00e1laga con la transgresi\u00f3n por bandera. Sus zapatos de plataformas imposibles -hasta entonces in\u00e9ditos en la capital- se convirtieron en aquel momento en los absolutos [&hellip;]<\/p>\n","protected":false},"author":54,"featured_media":0,"comment_status":"open","ping_status":"open","sticky":false,"template":"","format":"standard","meta":[],"categories":[2],"tags":[],"_links":{"self":[{"href":"https:\/\/blogs.diariosur.es\/pasarelaurbana\/wp-json\/wp\/v2\/posts\/7690"}],"collection":[{"href":"https:\/\/blogs.diariosur.es\/pasarelaurbana\/wp-json\/wp\/v2\/posts"}],"about":[{"href":"https:\/\/blogs.diariosur.es\/pasarelaurbana\/wp-json\/wp\/v2\/types\/post"}],"author":[{"embeddable":true,"href":"https:\/\/blogs.diariosur.es\/pasarelaurbana\/wp-json\/wp\/v2\/users\/54"}],"replies":[{"embeddable":true,"href":"https:\/\/blogs.diariosur.es\/pasarelaurbana\/wp-json\/wp\/v2\/comments?post=7690"}],"version-history":[{"count":0,"href":"https:\/\/blogs.diariosur.es\/pasarelaurbana\/wp-json\/wp\/v2\/posts\/7690\/revisions"}],"wp:attachment":[{"href":"https:\/\/blogs.diariosur.es\/pasarelaurbana\/wp-json\/wp\/v2\/media?parent=7690"}],"wp:term":[{"taxonomy":"category","embeddable":true,"href":"https:\/\/blogs.diariosur.es\/pasarelaurbana\/wp-json\/wp\/v2\/categories?post=7690"},{"taxonomy":"post_tag","embeddable":true,"href":"https:\/\/blogs.diariosur.es\/pasarelaurbana\/wp-json\/wp\/v2\/tags?post=7690"}],"curies":[{"name":"wp","href":"https:\/\/api.w.org\/{rel}","templated":true}]}}