{"id":7742,"date":"2014-10-27T13:02:22","date_gmt":"2014-10-27T12:02:22","guid":{"rendered":"http:\/\/blogs.diariosur.es\/pasarelaurbana\/?p=7742"},"modified":"2014-10-27T13:02:22","modified_gmt":"2014-10-27T12:02:22","slug":"oysho-vuelve-a-rendirse-a-los-pijamas-molones","status":"publish","type":"post","link":"https:\/\/blogs.diariosur.es\/pasarelaurbana\/2014\/10\/27\/oysho-vuelve-a-rendirse-a-los-pijamas-molones\/","title":{"rendered":"Oysho vuelve a rendirse a los pijamas &#039;molones&#039;"},"content":{"rendered":"<p><a href=\"\/pasarelaurbana\/wp-content\/uploads\/sites\/49\/2014\/10\/montaje1.jpg\"><img loading=\"lazy\" class=\"aligncenter size-full wp-image-7750\" title=\"montaje\" src=\"\/pasarelaurbana\/wp-content\/uploads\/sites\/49\/2014\/10\/montaje1.jpg\" alt=\"\" width=\"600\" height=\"600\" srcset=\"https:\/\/static-blogs.diariosur.es\/wp-content\/uploads\/sites\/49\/2014\/10\/montaje1.jpg 600w, https:\/\/static-blogs.diariosur.es\/wp-content\/uploads\/sites\/49\/2014\/10\/montaje1-150x150.jpg 150w, https:\/\/static-blogs.diariosur.es\/wp-content\/uploads\/sites\/49\/2014\/10\/montaje1-300x300.jpg 300w\" sizes=\"(max-width: 600px) 100vw, 600px\" \/><\/a><\/p>\n<p style=\"text-align: center;\">\u00bfSegundas partes nunca fueron buenas? \u00a1No con la colecci\u00f3n de <strong>Mr Wonderful para Oysho<\/strong>! La firma catalana ha vuelto a aliarse con la ense\u00f1a de moda \u00edntima del grupo Inditex para crear una nueva colecci\u00f3n de pijamas &#8216;molones&#8217; que supera con creces a la lanzada el a\u00f1o pasado por estas fechas (una buena forma de calentar la campa\u00f1a navide\u00f1a). Este nueva entrega del trabajo en equipo con los creativos m\u00e1s famosos de la Red ofrece m\u00e1s variedad de dise\u00f1os y, a mi juicio, un resultado mucho m\u00e1s logrado y apetecible.<strong> Ropa de casa cargada de buen rollo y positivismo<\/strong> con los simp\u00e1ticos mensajes que ya son sello de la casa Wonder (una gallina de los huevos de oro que convierten en \u00e9xito todo lo que tocan) por bandera. En concreto, la colecci\u00f3n se compone de 5 camisetas, 4 pantalones y una sudadera, dise\u00f1adas con el mimo y cari\u00f1o que caracteriza a los creativos catalanes y aptas para combinar perfectamente entre s\u00ed a gusto de cada cual. Adem\u00e1s, <strong>como novedad, en esta ocasi\u00f3n -con acierto- han incluido complementos para andar por casa<\/strong>: una manta gustosa (\u00a1preciosa y con una pinta de calentita tremenda! yo ya la tengo en mi &#8216;wish list&#8217;), un neceser, un juego de zapatillas, unos calcetines mon\u00edsimos con alas de coraz\u00f3n y unas braguitas (a\u00fan no disponibles pero que lanzar\u00e1n en breve).<\/p>\n<p style=\"text-align: center;\">Desde elpasado s\u00e1bado se puede comprar la colecci\u00f3n en exclusiva en la<strong><a href=\"http:\/\/www.oysho.com\/es\/es\/mr.-wonderful-c1203004.html\" rel=\"external nofollow\"> tienda on line de Oysho<\/a><\/strong> y a partir del lunes <strong>3 de noviembre<\/strong> estar\u00e1 disponible en todos los puntos de venta de Oysho. Una l\u00ednea que le declara la guerra a los pijamas aburridos y que llega dispuesta a transmitir alegr\u00eda y mensajes positivos. Os dejo con un resumen de la misma en im\u00e1genes, \u00a1feliz lunes!<\/p>\n<p><!--more--><\/p>\n<p>&nbsp;<\/p>\n<p><a href=\"\/pasarelaurbana\/wp-content\/uploads\/sites\/49\/2014\/10\/oyuno.jpg\"><img loading=\"lazy\" class=\"aligncenter size-full wp-image-7743\" title=\"oyuno\" src=\"\/pasarelaurbana\/wp-content\/uploads\/sites\/49\/2014\/10\/oyuno.jpg\" alt=\"\" width=\"600\" height=\"725\" srcset=\"https:\/\/static-blogs.diariosur.es\/wp-content\/uploads\/sites\/49\/2014\/10\/oyuno.jpg 600w, https:\/\/static-blogs.diariosur.es\/wp-content\/uploads\/sites\/49\/2014\/10\/oyuno-248x300.jpg 248w\" sizes=\"(max-width: 600px) 100vw, 600px\" \/><\/a><\/p>\n<p><a href=\"\/pasarelaurbana\/wp-content\/uploads\/sites\/49\/2014\/10\/oysiete1.jpg\"><img loading=\"lazy\" class=\"aligncenter size-full wp-image-7749\" title=\"oysiete\" src=\"\/pasarelaurbana\/wp-content\/uploads\/sites\/49\/2014\/10\/oysiete1.jpg\" alt=\"\" width=\"600\" height=\"725\" srcset=\"https:\/\/static-blogs.diariosur.es\/wp-content\/uploads\/sites\/49\/2014\/10\/oysiete1.jpg 600w, https:\/\/static-blogs.diariosur.es\/wp-content\/uploads\/sites\/49\/2014\/10\/oysiete1-248x300.jpg 248w\" sizes=\"(max-width: 600px) 100vw, 600px\" \/><\/a><\/p>\n<p><a href=\"\/pasarelaurbana\/wp-content\/uploads\/sites\/49\/2014\/10\/oyseis1.jpg\"><img loading=\"lazy\" class=\"aligncenter size-full wp-image-7748\" title=\"oyseis\" src=\"\/pasarelaurbana\/wp-content\/uploads\/sites\/49\/2014\/10\/oyseis1.jpg\" alt=\"\" width=\"600\" height=\"725\" srcset=\"https:\/\/static-blogs.diariosur.es\/wp-content\/uploads\/sites\/49\/2014\/10\/oyseis1.jpg 600w, https:\/\/static-blogs.diariosur.es\/wp-content\/uploads\/sites\/49\/2014\/10\/oyseis1-248x300.jpg 248w\" sizes=\"(max-width: 600px) 100vw, 600px\" \/><\/a><\/p>\n<p><a href=\"\/pasarelaurbana\/wp-content\/uploads\/sites\/49\/2014\/10\/oydos1.jpg\"><img loading=\"lazy\" class=\"aligncenter size-full wp-image-7746\" title=\"oydos\" src=\"\/pasarelaurbana\/wp-content\/uploads\/sites\/49\/2014\/10\/oydos1.jpg\" alt=\"\" width=\"600\" height=\"725\" srcset=\"https:\/\/static-blogs.diariosur.es\/wp-content\/uploads\/sites\/49\/2014\/10\/oydos1.jpg 600w, https:\/\/static-blogs.diariosur.es\/wp-content\/uploads\/sites\/49\/2014\/10\/oydos1-248x300.jpg 248w\" sizes=\"(max-width: 600px) 100vw, 600px\" \/><\/a><\/p>\n<p><a href=\"\/pasarelaurbana\/wp-content\/uploads\/sites\/49\/2014\/10\/oycuatro1.jpg\"><img loading=\"lazy\" class=\"aligncenter size-full wp-image-7745\" title=\"oycuatro\" src=\"\/pasarelaurbana\/wp-content\/uploads\/sites\/49\/2014\/10\/oycuatro1.jpg\" alt=\"\" width=\"600\" height=\"725\" srcset=\"https:\/\/static-blogs.diariosur.es\/wp-content\/uploads\/sites\/49\/2014\/10\/oycuatro1.jpg 600w, https:\/\/static-blogs.diariosur.es\/wp-content\/uploads\/sites\/49\/2014\/10\/oycuatro1-248x300.jpg 248w\" sizes=\"(max-width: 600px) 100vw, 600px\" \/><\/a><\/p>\n<p><a href=\"\/pasarelaurbana\/wp-content\/uploads\/sites\/49\/2014\/10\/oycinco1.jpg\"><img loading=\"lazy\" class=\"aligncenter size-full wp-image-7744\" title=\"oycinco\" src=\"\/pasarelaurbana\/wp-content\/uploads\/sites\/49\/2014\/10\/oycinco1.jpg\" alt=\"\" width=\"600\" height=\"725\" srcset=\"https:\/\/static-blogs.diariosur.es\/wp-content\/uploads\/sites\/49\/2014\/10\/oycinco1.jpg 600w, https:\/\/static-blogs.diariosur.es\/wp-content\/uploads\/sites\/49\/2014\/10\/oycinco1-248x300.jpg 248w\" sizes=\"(max-width: 600px) 100vw, 600px\" \/><\/a><\/p>\n<p>&nbsp;<\/p>\n<p><a href=\"\/pasarelaurbana\/wp-content\/uploads\/sites\/49\/2014\/10\/oyocho1.jpg\"><img loading=\"lazy\" class=\"aligncenter size-full wp-image-7747\" title=\"oyocho\" src=\"\/pasarelaurbana\/wp-content\/uploads\/sites\/49\/2014\/10\/oyocho1.jpg\" alt=\"\" width=\"600\" height=\"725\" srcset=\"https:\/\/static-blogs.diariosur.es\/wp-content\/uploads\/sites\/49\/2014\/10\/oyocho1.jpg 600w, https:\/\/static-blogs.diariosur.es\/wp-content\/uploads\/sites\/49\/2014\/10\/oyocho1-248x300.jpg 248w\" sizes=\"(max-width: 600px) 100vw, 600px\" \/><\/a><\/p>\n<p>&nbsp;<\/p>\n","protected":false},"excerpt":{"rendered":"<p>\u00bfSegundas partes nunca fueron buenas? \u00a1No con la colecci\u00f3n de Mr Wonderful para Oysho! La firma catalana ha vuelto a aliarse con la ense\u00f1a de moda \u00edntima del grupo Inditex para crear una nueva colecci\u00f3n de pijamas &#8216;molones&#8217; que supera con creces a la lanzada el a\u00f1o pasado por estas fechas (una buena forma de [&hellip;]<\/p>\n","protected":false},"author":54,"featured_media":0,"comment_status":"open","ping_status":"open","sticky":false,"template":"","format":"standard","meta":[],"categories":[2],"tags":[],"_links":{"self":[{"href":"https:\/\/blogs.diariosur.es\/pasarelaurbana\/wp-json\/wp\/v2\/posts\/7742"}],"collection":[{"href":"https:\/\/blogs.diariosur.es\/pasarelaurbana\/wp-json\/wp\/v2\/posts"}],"about":[{"href":"https:\/\/blogs.diariosur.es\/pasarelaurbana\/wp-json\/wp\/v2\/types\/post"}],"author":[{"embeddable":true,"href":"https:\/\/blogs.diariosur.es\/pasarelaurbana\/wp-json\/wp\/v2\/users\/54"}],"replies":[{"embeddable":true,"href":"https:\/\/blogs.diariosur.es\/pasarelaurbana\/wp-json\/wp\/v2\/comments?post=7742"}],"version-history":[{"count":0,"href":"https:\/\/blogs.diariosur.es\/pasarelaurbana\/wp-json\/wp\/v2\/posts\/7742\/revisions"}],"wp:attachment":[{"href":"https:\/\/blogs.diariosur.es\/pasarelaurbana\/wp-json\/wp\/v2\/media?parent=7742"}],"wp:term":[{"taxonomy":"category","embeddable":true,"href":"https:\/\/blogs.diariosur.es\/pasarelaurbana\/wp-json\/wp\/v2\/categories?post=7742"},{"taxonomy":"post_tag","embeddable":true,"href":"https:\/\/blogs.diariosur.es\/pasarelaurbana\/wp-json\/wp\/v2\/tags?post=7742"}],"curies":[{"name":"wp","href":"https:\/\/api.w.org\/{rel}","templated":true}]}}