{"id":7752,"date":"2014-10-31T14:24:24","date_gmt":"2014-10-31T13:24:24","guid":{"rendered":"http:\/\/blogs.diariosur.es\/pasarelaurbana\/?p=7752"},"modified":"2014-10-31T14:24:24","modified_gmt":"2014-10-31T13:24:24","slug":"la-semana-en-cinco-enlaces-y-un-plan-para-el-finde","status":"publish","type":"post","link":"https:\/\/blogs.diariosur.es\/pasarelaurbana\/2014\/10\/31\/la-semana-en-cinco-enlaces-y-un-plan-para-el-finde\/","title":{"rendered":"La semana, en cinco enlaces&#8230; y un plan para el finde"},"content":{"rendered":"<p style=\"text-align: center;\"><a href=\"\/pasarelaurbana\/wp-content\/uploads\/sites\/49\/2014\/10\/mntajes1.jpg\"><img loading=\"lazy\" class=\"aligncenter  wp-image-7754\" title=\"mntajes\" src=\"\/pasarelaurbana\/wp-content\/uploads\/sites\/49\/2014\/10\/mntajes1.jpg\" alt=\"\" width=\"600\" height=\"600\" srcset=\"https:\/\/static-blogs.diariosur.es\/wp-content\/uploads\/sites\/49\/2014\/10\/mntajes1.jpg 600w, https:\/\/static-blogs.diariosur.es\/wp-content\/uploads\/sites\/49\/2014\/10\/mntajes1-150x150.jpg 150w, https:\/\/static-blogs.diariosur.es\/wp-content\/uploads\/sites\/49\/2014\/10\/mntajes1-300x300.jpg 300w\" sizes=\"(max-width: 600px) 100vw, 600px\" \/><\/a><\/p>\n<p style=\"text-align: center;\">\u00a1Feliz viernes! Finalizamos la semana <strong>estrenando secci\u00f3n<\/strong> (s\u00ed, de esas que inauguro y despu\u00e9s nunca contin\u00fao, jejeje, prometo aplicarme esta vez). Todo viene del hecho de que soy una buceadora de la Red nata. Cuando Ale se duerme y tengo un poquito de tiempo para mi se me van las horas de web en web buscando cosas bonitas. A veces es una foto en Instagram o Pinterest lo que me sirve de gu\u00eda; otras, enlaces o recomendaci\u00f3n del sinf\u00edn de blog que consulto a diario, un repaso al buen pu\u00f1ado de newsletter a las que estoy suscrita&#8230;\u00bfy por qu\u00e9 os cuento todo esto? Pues porque <strong>ando siempre liada fichando cositas de moda, decoraci\u00f3n, ni\u00f1os, cocina&#8230;<\/strong>y luego siempre hay alguien de mi entorno que me suelta eso de, \u00bfy t\u00fa d\u00f3nde encuentras esas cosas? \u00a1Pues para eso he decidido crear esta mini secci\u00f3n, que a partir de ahora compartir\u00e9 con vosotr@s los viernes! Un repaso a la semana a trav\u00e9s de 5 de los enlaces que m\u00e1s me hayan gustado de los \u00faltimos d\u00edas para que os sirva de inspiraci\u00f3n. \u00a1Espero que os guste el repaso! \u00a1Vamos con los 5 primeros!<\/p>\n<p style=\"text-align: center;\">1<strong>. Una obsesi\u00f3n<\/strong>: este original <a href=\"http:\/\/www.kling.es\/product\/3702\" rel=\"external nofollow\">bolso de Kling<\/a><\/p>\n<p style=\"text-align: center;\">2. <strong>Para hacer con ni\u00f1os<\/strong>: Unas <a href=\"http:\/\/www.velocidadcuchara.com\/mini-pizzas-con-forma-de-calabaza-en-obleas\/\" rel=\"external nofollow\">mini pizzas de calabaza<\/a> ideales para esta noche de Halloween. Os animo a hacerlas, yo he hecho dos versiones en los \u00faltimos d\u00edas: una de jam\u00f3n y queso y otra tanda con Nutella y salen riqu\u00edsimas sin hablar de lo bien que se lo pasan los peques haci\u00e9ndolas.<\/p>\n<p style=\"text-align: center;\"><a href=\"\/pasarelaurbana\/wp-content\/uploads\/sites\/49\/2014\/10\/calabazas.jpg\"><img loading=\"lazy\" class=\"aligncenter size-full wp-image-7759\" title=\"calabazas\" src=\"\/pasarelaurbana\/wp-content\/uploads\/sites\/49\/2014\/10\/calabazas.jpg\" alt=\"\" width=\"600\" height=\"600\" srcset=\"https:\/\/static-blogs.diariosur.es\/wp-content\/uploads\/sites\/49\/2014\/10\/calabazas.jpg 600w, https:\/\/static-blogs.diariosur.es\/wp-content\/uploads\/sites\/49\/2014\/10\/calabazas-150x150.jpg 150w, https:\/\/static-blogs.diariosur.es\/wp-content\/uploads\/sites\/49\/2014\/10\/calabazas-300x300.jpg 300w\" sizes=\"(max-width: 600px) 100vw, 600px\" \/><\/a><\/p>\n<p style=\"text-align: center;\">3. <strong>Deco infantil<\/strong>: <a href=\"http:\/\/www2.hm.com\/es_es\/productpage.0244705001.html\" rel=\"external nofollow\">una alfombra<\/a> que volver\u00e1 locos a los amantes de los coches<\/p>\n<p style=\"text-align: center;\">4. <strong>Un flechazo<\/strong>: quiero <a href=\"http:\/\/www.elarmariodelatele.com\/ropa-famosos\/balamoda\/etnicos-urbanos\/191\/19369\" rel=\"external nofollow\">esta chaqueta \u00e9tnica<\/a>&#8230;\u00a1la necesito!<\/p>\n<p style=\"text-align: center;\">5. <strong>Para regalar<\/strong>: Unas <a href=\"http:\/\/dulcepostal.com\/\" rel=\"external nofollow\">postales de lo m\u00e1s dulce<\/a><\/p>\n<p style=\"text-align: center;\">Y de postre, aqu\u00ed va el<strong> plan &#8216;fashion&#8217;<\/strong> para este finde:<\/p>\n<p style=\"text-align: center;\"><a href=\"\/pasarelaurbana\/wp-content\/uploads\/sites\/49\/2014\/10\/termica.jpg\"><img loading=\"lazy\" class=\"aligncenter size-full wp-image-7758\" title=\"termica\" src=\"\/pasarelaurbana\/wp-content\/uploads\/sites\/49\/2014\/10\/termica.jpg\" alt=\"\" width=\"600\" height=\"900\" srcset=\"https:\/\/static-blogs.diariosur.es\/wp-content\/uploads\/sites\/49\/2014\/10\/termica.jpg 600w, https:\/\/static-blogs.diariosur.es\/wp-content\/uploads\/sites\/49\/2014\/10\/termica-200x300.jpg 200w\" sizes=\"(max-width: 600px) 100vw, 600px\" \/><\/a><\/p>\n<p style=\"text-align: center;\">Los amantes de la moda y las tendencias tienen una cita este fin de semana en una nueva edici\u00f3n de <strong>La T\u00e9rmica Fashion Weekend<\/strong>, que reunir\u00e1n en este centro de creaci\u00f3n art\u00edstica contempor\u00e1nea a personalidades destacadas a nivel nacionalcomo los dise\u00f1adores Brianda Fitz James Stuart, Mois\u00e9s Nieto, Krizia Robustella y el experto en estilismo Josie, que ofrecer\u00e1 una master class. El s\u00e1bado, 1 de noviembre, habr\u00e1 un mercado, organizado junto a la revista de moda \u00c1lbum, en el que participar\u00e1n 20 firmas del panorama nacional. \u00a1Planazo! Pod\u00e9is consultar<a href=\"http:\/\/www.diariosur.es\/planes\/201410\/26\/brianda-fitz-james-moises-20141026174057.html\" rel=\"external nofollow\"> todos los detalles aqu\u00ed<\/a>.<\/p>\n<p style=\"text-align: center;\">Ma\u00f1ana os espero por aqu\u00ed con un<strong> nuevo especial &#8216;street style&#8217; malague\u00f1o<\/strong>. \u00a1Hasta entonces!<\/p>\n","protected":false},"excerpt":{"rendered":"<p>\u00a1Feliz viernes! Finalizamos la semana estrenando secci\u00f3n (s\u00ed, de esas que inauguro y despu\u00e9s nunca contin\u00fao, jejeje, prometo aplicarme esta vez). Todo viene del hecho de que soy una buceadora de la Red nata. Cuando Ale se duerme y tengo un poquito de tiempo para mi se me van las horas de web en web [&hellip;]<\/p>\n","protected":false},"author":54,"featured_media":0,"comment_status":"open","ping_status":"open","sticky":false,"template":"","format":"standard","meta":[],"categories":[2],"tags":[],"_links":{"self":[{"href":"https:\/\/blogs.diariosur.es\/pasarelaurbana\/wp-json\/wp\/v2\/posts\/7752"}],"collection":[{"href":"https:\/\/blogs.diariosur.es\/pasarelaurbana\/wp-json\/wp\/v2\/posts"}],"about":[{"href":"https:\/\/blogs.diariosur.es\/pasarelaurbana\/wp-json\/wp\/v2\/types\/post"}],"author":[{"embeddable":true,"href":"https:\/\/blogs.diariosur.es\/pasarelaurbana\/wp-json\/wp\/v2\/users\/54"}],"replies":[{"embeddable":true,"href":"https:\/\/blogs.diariosur.es\/pasarelaurbana\/wp-json\/wp\/v2\/comments?post=7752"}],"version-history":[{"count":0,"href":"https:\/\/blogs.diariosur.es\/pasarelaurbana\/wp-json\/wp\/v2\/posts\/7752\/revisions"}],"wp:attachment":[{"href":"https:\/\/blogs.diariosur.es\/pasarelaurbana\/wp-json\/wp\/v2\/media?parent=7752"}],"wp:term":[{"taxonomy":"category","embeddable":true,"href":"https:\/\/blogs.diariosur.es\/pasarelaurbana\/wp-json\/wp\/v2\/categories?post=7752"},{"taxonomy":"post_tag","embeddable":true,"href":"https:\/\/blogs.diariosur.es\/pasarelaurbana\/wp-json\/wp\/v2\/tags?post=7752"}],"curies":[{"name":"wp","href":"https:\/\/api.w.org\/{rel}","templated":true}]}}