{"id":7811,"date":"2014-11-06T12:33:06","date_gmt":"2014-11-06T11:33:06","guid":{"rendered":"http:\/\/blogs.diariosur.es\/pasarelaurbana\/?p=7811"},"modified":"2014-11-06T12:33:06","modified_gmt":"2014-11-06T11:33:06","slug":"con-el-lazo-al-cuello","status":"publish","type":"post","link":"https:\/\/blogs.diariosur.es\/pasarelaurbana\/2014\/11\/06\/con-el-lazo-al-cuello\/","title":{"rendered":"Con el lazo al cuello"},"content":{"rendered":"<div style=\"width: 610px\" class=\"wp-caption alignnone\"><a href=\"\/pasarelaurbana\/wp-content\/uploads\/sites\/49\/2014\/11\/asos.jpg\"><img loading=\"lazy\" title=\"asos\" src=\"\/pasarelaurbana\/wp-content\/uploads\/sites\/49\/2014\/11\/asos.jpg\" alt=\"\" width=\"600\" height=\"766\" \/><\/a><p class=\"wp-caption-text\">Camisa blanca con lazada negra de Asos<\/p><\/div>\n<p>&nbsp;<\/p>\n<p style=\"text-align: center;\">Aportan delicadeza, romanticismo y elegancia&#8230;y est\u00e1n de plena tendencia. Los lazos <strong>arrasan esta temporada, especialmente en las camisas, donde reivindican su papel como el toque chic perfecto<\/strong>. Este oto\u00f1o se han convertido en el mejor aliado de esta prenda cl\u00e1sica y no hay tienda &#8216;low cost&#8217; que no se haya rendido a sus encantos. Los mismos que ya le hicieron triunfar a principios del siglo XX\u00a0y en la d\u00e9cada de los\u00a060, cuando se combinaban principalmente con faldas midi o de tubo.\u00a0 A su favor tienen su <strong>caracter favorecedor<\/strong>, ya que las lazadas aportan volumen a la parte superior, otorgando protagonismo al pecho y equilibrando la figura.<\/p>\n<p style=\"text-align: center;\">Sobre la pasarela, los vimos en las colecciones de primavera verano de\u00a0Blugirl y Jenny Packham\u00a0(con gui\u00f1os na\u00edf) o en los dise\u00f1os\u00a0de <strong>Lanvin y Giorgio Armani<\/strong>. \u00bfC\u00f3mo llevarlas? Personalmente <strong>me gustan combinados con prendas masculinas<\/strong> -como abrigos oversize o pantalones rotos para crear contrastes y huir del total look- o, para ocasiones especiales, con faldas lady si buscamos un resultado m\u00e1s dulce. <strong>\u00bfLo m\u00e1s in? Las blancas con maxi lazo negro<\/strong> -ideales, por ejemplo para combinar con vaqueros y cazadora perfecto- aunque en el mercado hay modelos de todos los colores de moda de esta estaci\u00f3n -me encanta la apuesta mostaza de Zara o la rosa palo de H&#038;M. \u00bfOtra alternativa? Lucir el lazo <strong>abierto tipo corbata<\/strong>, \u00a1preciosa la camisa negra con el lazo rematado en flecos de Massimo Dutti!<span style=\"text-decoration: underline;\">Un truco: comprar un lazo que nos guste e incorpor\u00e1rselo a nuestra camisa favorita<\/span> para transformarla.<\/p>\n<p style=\"text-align: center;\">Os dejo con una selecci\u00f3n de diez camisas y algunas de las mejores propuestas de bloggers. \u00a1Hasta ma\u00f1ana!<\/p>\n<p style=\"text-align: center;\"><!--more--><\/p>\n<p style=\"text-align: center;\"><a href=\"\/pasarelaurbana\/wp-content\/uploads\/sites\/49\/2014\/11\/stradivarius.jpg\"><img loading=\"lazy\" class=\"aligncenter  wp-image-7825\" title=\"stradivarius\" src=\"\/pasarelaurbana\/wp-content\/uploads\/sites\/49\/2014\/11\/stradivarius.jpg\" alt=\"\" width=\"600\" height=\"771\" srcset=\"https:\/\/static-blogs.diariosur.es\/wp-content\/uploads\/sites\/49\/2014\/11\/stradivarius.jpg 600w, https:\/\/static-blogs.diariosur.es\/wp-content\/uploads\/sites\/49\/2014\/11\/stradivarius-233x300.jpg 233w\" sizes=\"(max-width: 600px) 100vw, 600px\" \/><\/a><\/p>\n<p style=\"text-align: center;\">Sobre estas l\u00edneas, propuesta de <strong>Stradivarius<\/strong>.<\/p>\n<p style=\"text-align: center;\"><a href=\"\/pasarelaurbana\/wp-content\/uploads\/sites\/49\/2014\/11\/zaraunobis.jpg\"><img loading=\"lazy\" class=\"aligncenter size-full wp-image-7824\" title=\"zaraunobis\" src=\"\/pasarelaurbana\/wp-content\/uploads\/sites\/49\/2014\/11\/zaraunobis.jpg\" alt=\"\" width=\"600\" height=\"744\" srcset=\"https:\/\/static-blogs.diariosur.es\/wp-content\/uploads\/sites\/49\/2014\/11\/zaraunobis.jpg 600w, https:\/\/static-blogs.diariosur.es\/wp-content\/uploads\/sites\/49\/2014\/11\/zaraunobis-242x300.jpg 242w\" sizes=\"(max-width: 600px) 100vw, 600px\" \/><\/a><\/p>\n<p style=\"text-align: center;\"><a href=\"\/pasarelaurbana\/wp-content\/uploads\/sites\/49\/2014\/11\/zaratres.jpg\"><img loading=\"lazy\" class=\"aligncenter size-full wp-image-7823\" title=\"zaratres\" src=\"\/pasarelaurbana\/wp-content\/uploads\/sites\/49\/2014\/11\/zaratres.jpg\" alt=\"\" width=\"600\" height=\"744\" srcset=\"https:\/\/static-blogs.diariosur.es\/wp-content\/uploads\/sites\/49\/2014\/11\/zaratres.jpg 600w, https:\/\/static-blogs.diariosur.es\/wp-content\/uploads\/sites\/49\/2014\/11\/zaratres-242x300.jpg 242w\" sizes=\"(max-width: 600px) 100vw, 600px\" \/><\/a><\/p>\n<p style=\"text-align: center;\"><a href=\"\/pasarelaurbana\/wp-content\/uploads\/sites\/49\/2014\/11\/zaracuatro.jpg\"><img loading=\"lazy\" class=\"aligncenter size-full wp-image-7821\" title=\"zaracuatro\" src=\"\/pasarelaurbana\/wp-content\/uploads\/sites\/49\/2014\/11\/zaracuatro.jpg\" alt=\"\" width=\"600\" height=\"744\" srcset=\"https:\/\/static-blogs.diariosur.es\/wp-content\/uploads\/sites\/49\/2014\/11\/zaracuatro.jpg 600w, https:\/\/static-blogs.diariosur.es\/wp-content\/uploads\/sites\/49\/2014\/11\/zaracuatro-242x300.jpg 242w\" sizes=\"(max-width: 600px) 100vw, 600px\" \/><\/a><\/p>\n<p style=\"text-align: center;\">Tres de los modelos incluidos en la nueva colecci\u00f3n de <strong>Zara.<\/strong><\/p>\n<p style=\"text-align: center;\"><a href=\"\/pasarelaurbana\/wp-content\/uploads\/sites\/49\/2014\/11\/hmdos.jpg\"><img loading=\"lazy\" class=\"aligncenter size-full wp-image-7817\" title=\"hmdos\" src=\"\/pasarelaurbana\/wp-content\/uploads\/sites\/49\/2014\/11\/hmdos.jpg\" alt=\"\" width=\"600\" height=\"900\" srcset=\"https:\/\/static-blogs.diariosur.es\/wp-content\/uploads\/sites\/49\/2014\/11\/hmdos.jpg 600w, https:\/\/static-blogs.diariosur.es\/wp-content\/uploads\/sites\/49\/2014\/11\/hmdos-200x300.jpg 200w\" sizes=\"(max-width: 600px) 100vw, 600px\" \/><\/a><\/p>\n<p style=\"text-align: center;\"><a href=\"\/pasarelaurbana\/wp-content\/uploads\/sites\/49\/2014\/11\/hm.jpg\"><img loading=\"lazy\" class=\"aligncenter size-full wp-image-7816\" title=\"hm\" src=\"\/pasarelaurbana\/wp-content\/uploads\/sites\/49\/2014\/11\/hm.jpg\" alt=\"\" width=\"600\" height=\"900\" srcset=\"https:\/\/static-blogs.diariosur.es\/wp-content\/uploads\/sites\/49\/2014\/11\/hm.jpg 600w, https:\/\/static-blogs.diariosur.es\/wp-content\/uploads\/sites\/49\/2014\/11\/hm-200x300.jpg 200w\" sizes=\"(max-width: 600px) 100vw, 600px\" \/><\/a><\/p>\n<p style=\"text-align: center;\">Sobre estas l\u00edneas, dos dise\u00f1os de <strong>H&#038;M<\/strong>, sin mangas.<\/p>\n<p style=\"text-align: center;\"><a href=\"\/pasarelaurbana\/wp-content\/uploads\/sites\/49\/2014\/11\/mango.jpg\"><img loading=\"lazy\" class=\"aligncenter size-full wp-image-7818\" title=\"mango\" src=\"\/pasarelaurbana\/wp-content\/uploads\/sites\/49\/2014\/11\/mango.jpg\" alt=\"\" width=\"600\" height=\"839\" srcset=\"https:\/\/static-blogs.diariosur.es\/wp-content\/uploads\/sites\/49\/2014\/11\/mango.jpg 600w, https:\/\/static-blogs.diariosur.es\/wp-content\/uploads\/sites\/49\/2014\/11\/mango-215x300.jpg 215w\" sizes=\"(max-width: 600px) 100vw, 600px\" \/><\/a><\/p>\n<p style=\"text-align: center;\">En berenjena, de <strong>Mango<\/strong>. Abajo, en mostaza de <strong>Adolfo Dom\u00ednguez.<\/strong><\/p>\n<p style=\"text-align: center;\"><a href=\"\/pasarelaurbana\/wp-content\/uploads\/sites\/49\/2014\/11\/adominguez.jpg\"><img loading=\"lazy\" class=\"aligncenter size-full wp-image-7812\" title=\"adominguez\" src=\"\/pasarelaurbana\/wp-content\/uploads\/sites\/49\/2014\/11\/adominguez.jpg\" alt=\"\" width=\"600\" height=\"900\" srcset=\"https:\/\/static-blogs.diariosur.es\/wp-content\/uploads\/sites\/49\/2014\/11\/adominguez.jpg 600w, https:\/\/static-blogs.diariosur.es\/wp-content\/uploads\/sites\/49\/2014\/11\/adominguez-200x300.jpg 200w\" sizes=\"(max-width: 600px) 100vw, 600px\" \/><\/a><\/p>\n<p style=\"text-align: center;\">Y para terminar, una camisa negra de<strong> Massimo Dutti<\/strong> rematada en flecos que me ha enamorado.<\/p>\n<p style=\"text-align: center;\"><a href=\"\/pasarelaurbana\/wp-content\/uploads\/sites\/49\/2014\/11\/mdutti.jpg\"><img loading=\"lazy\" class=\"aligncenter  wp-image-7826\" title=\"mdutti\" src=\"\/pasarelaurbana\/wp-content\/uploads\/sites\/49\/2014\/11\/mdutti.jpg\" alt=\"\" width=\"600\" height=\"648\" srcset=\"https:\/\/static-blogs.diariosur.es\/wp-content\/uploads\/sites\/49\/2014\/11\/mdutti.jpg 600w, https:\/\/static-blogs.diariosur.es\/wp-content\/uploads\/sites\/49\/2014\/11\/mdutti-278x300.jpg 278w\" sizes=\"(max-width: 600px) 100vw, 600px\" \/><\/a><\/p>\n<p style=\"text-align: center;\"><span style=\"text-decoration: underline;\">PROPUESTAS DEL STREET STYLE:<\/span><\/p>\n<p style=\"text-align: center;\"><a href=\"\/pasarelaurbana\/wp-content\/uploads\/sites\/49\/2014\/11\/balamoda.jpg\"><img loading=\"lazy\" class=\"aligncenter size-full wp-image-7814\" title=\"balamoda\" src=\"\/pasarelaurbana\/wp-content\/uploads\/sites\/49\/2014\/11\/balamoda.jpg\" alt=\"\" width=\"600\" height=\"900\" srcset=\"https:\/\/static-blogs.diariosur.es\/wp-content\/uploads\/sites\/49\/2014\/11\/balamoda.jpg 600w, https:\/\/static-blogs.diariosur.es\/wp-content\/uploads\/sites\/49\/2014\/11\/balamoda-200x300.jpg 200w\" sizes=\"(max-width: 600px) 100vw, 600px\" \/><\/a><\/p>\n<p style=\"text-align: center;\"><a href=\"\/pasarelaurbana\/wp-content\/uploads\/sites\/49\/2014\/11\/balamodados.jpg\"><img loading=\"lazy\" class=\"aligncenter  wp-image-7815\" title=\"balamodados\" src=\"\/pasarelaurbana\/wp-content\/uploads\/sites\/49\/2014\/11\/balamodados.jpg\" alt=\"\" width=\"600\" height=\"916\" srcset=\"https:\/\/static-blogs.diariosur.es\/wp-content\/uploads\/sites\/49\/2014\/11\/balamodados.jpg 600w, https:\/\/static-blogs.diariosur.es\/wp-content\/uploads\/sites\/49\/2014\/11\/balamodados-197x300.jpg 197w\" sizes=\"(max-width: 600px) 100vw, 600px\" \/><\/a><\/p>\n<p style=\"text-align: center;\">Arriba, dos looks impecables de Bel\u00e9n Canalejo, de<strong> <a href=\"http:\/\/www.balamoda.net\/\" rel=\"external nofollow\">Balamoda<\/a><\/strong> dignos de copiar<\/p>\n<p style=\"text-align: center;\"><a href=\"\/pasarelaurbana\/wp-content\/uploads\/sites\/49\/2014\/11\/street.jpg\"><img loading=\"lazy\" title=\"street\" src=\"\/pasarelaurbana\/wp-content\/uploads\/sites\/49\/2014\/11\/street.jpg\" alt=\"\" width=\"600\" height=\"900\" \/><\/a><\/p>\n<p style=\"text-align: center;\"><a href=\"\/pasarelaurbana\/wp-content\/uploads\/sites\/49\/2014\/11\/montaje.jpg\"><img loading=\"lazy\" title=\"montaje\" src=\"\/pasarelaurbana\/wp-content\/uploads\/sites\/49\/2014\/11\/montaje.jpg\" alt=\"\" width=\"600\" height=\"450\" \/><\/a><\/p>\n","protected":false},"excerpt":{"rendered":"<p>&nbsp; Aportan delicadeza, romanticismo y elegancia&#8230;y est\u00e1n de plena tendencia. Los lazos arrasan esta temporada, especialmente en las camisas, donde reivindican su papel como el toque chic perfecto. Este oto\u00f1o se han convertido en el mejor aliado de esta prenda cl\u00e1sica y no hay tienda &#8216;low cost&#8217; que no se haya rendido a sus encantos. [&hellip;]<\/p>\n","protected":false},"author":54,"featured_media":0,"comment_status":"open","ping_status":"open","sticky":false,"template":"","format":"standard","meta":[],"categories":[2],"tags":[],"_links":{"self":[{"href":"https:\/\/blogs.diariosur.es\/pasarelaurbana\/wp-json\/wp\/v2\/posts\/7811"}],"collection":[{"href":"https:\/\/blogs.diariosur.es\/pasarelaurbana\/wp-json\/wp\/v2\/posts"}],"about":[{"href":"https:\/\/blogs.diariosur.es\/pasarelaurbana\/wp-json\/wp\/v2\/types\/post"}],"author":[{"embeddable":true,"href":"https:\/\/blogs.diariosur.es\/pasarelaurbana\/wp-json\/wp\/v2\/users\/54"}],"replies":[{"embeddable":true,"href":"https:\/\/blogs.diariosur.es\/pasarelaurbana\/wp-json\/wp\/v2\/comments?post=7811"}],"version-history":[{"count":0,"href":"https:\/\/blogs.diariosur.es\/pasarelaurbana\/wp-json\/wp\/v2\/posts\/7811\/revisions"}],"wp:attachment":[{"href":"https:\/\/blogs.diariosur.es\/pasarelaurbana\/wp-json\/wp\/v2\/media?parent=7811"}],"wp:term":[{"taxonomy":"category","embeddable":true,"href":"https:\/\/blogs.diariosur.es\/pasarelaurbana\/wp-json\/wp\/v2\/categories?post=7811"},{"taxonomy":"post_tag","embeddable":true,"href":"https:\/\/blogs.diariosur.es\/pasarelaurbana\/wp-json\/wp\/v2\/tags?post=7811"}],"curies":[{"name":"wp","href":"https:\/\/api.w.org\/{rel}","templated":true}]}}